{"id":137989,"date":"2026-09-02T09:15:00","date_gmt":"2026-09-02T12:15:00","guid":{"rendered":"https:\/\/bluestudio.estadao.com.br\/agencia-de-comunicacao\/knewin-dino\/aeroporto-de-natal-tem-2a-maior-alta-de-passageiros-do-pais\/"},"modified":"2026-09-02T09:15:00","modified_gmt":"2026-09-02T12:15:00","slug":"aeroporto-de-natal-tem-2a-maior-alta-de-passageiros-do-pais","status":"publish","type":"post","link":"https:\/\/bluestudio.estadao.com.br\/agencia-de-comunicacao\/knewin-dino\/aeroporto-de-natal-tem-2a-maior-alta-de-passageiros-do-pais\/","title":{"rendered":"Aeroporto de Natal tem 2\u00aa maior alta de passageiros do pa\u00eds"},"content":{"rendered":"<p>O aeroporto de Natal registrou o segundo maior crescimento de passageiros do pa\u00eds no in\u00edcio de 2026. Segundo levantamento da Zurich Airport Brasil, concession\u00e1ria do terminal, divulgado pela Brasilturis, o Aeroporto Internacional de Natal\u00a0<a href=\"https:\/\/brasilturis.com.br\/2026\/06\/12\/aeroporto-de-natal-registra-alta-de-18-no-fluxo-de-passageiros-em-2026\/\" target=\"_blank\">teve alta de 18% no fluxo de passageiros no primeiro quadrimestre de 2026<\/a>, com 964 mil pessoas entre embarques e desembarques, o maior avan\u00e7o do Nordeste e o segundo maior do pa\u00eds no per\u00edodo.<\/p>\n<p>O resultado foi puxado principalmente pelo segmento internacional. De acordo com o mesmo levantamento, o terminal movimentou quase 80 mil passageiros internacionais entre janeiro e abril, alta de 107% na compara\u00e7\u00e3o com o ano anterior, e registrou 575 opera\u00e7\u00f5es internacionais, aumento de 87%.<\/p>\n<p>O desempenho da capital acompanha um movimento regional. No mesmo primeiro quadrimestre de 2026, o conjunto dos aeroportos do Nordeste <a href=\"https:\/\/www.panrotas.com.br\/aviacao\/aeroportos\/2026\/06\/nordeste-supera-74-milhoes-de-passageiros-e-bate-recorde-historico-em-2026_229370.html\" target=\"_blank\">ultrapassou 7,43 milh\u00f5es de passageiros<\/a>, alta de 11,2% e recorde hist\u00f3rico para o per\u00edodo, segundo a Panrontas.<\/p>\n<p>A expans\u00e3o se apoia em rotas novas. As liga\u00e7\u00f5es internacionais diretas a partir de Natal passaram a incluir Buenos Aires, operada pela JetSMART desde o fim de dezembro de 2025, al\u00e9m de Montevid\u00e9u e Lisboa, ampliando as conex\u00f5es da capital potiguar com a Am\u00e9rica do Sul e com a Europa.<\/p>\n<p><b>A conex\u00e3o mais recente<\/b><\/p>\n<p>A rota mais nova come\u00e7ou a operar em mar\u00e7o. Segundo a Panrotas, a Gol\u00a0<a href=\"https:\/\/www.panrotas.com.br\/aviacao\/novas-rotas\/2026\/03\/gol-inicia-operacoes-diretas-entre-natal-rn-e-montevideu-no-uruguai_226942.html\" target=\"_blank\">iniciou em 21 de mar\u00e7o de 2026 os voos diretos entre Natal e Montevid\u00e9u<\/a>, com um Boeing 737 de 176 assentos e frequ\u00eancia semanal, no segundo destino internacional da companhia a partir da capital potiguar. Ainda de acordo com a publica\u00e7\u00e3o, a oferta de assentos da GOL no Rio Grande do Norte cresceu mais de 15% em 2026.<\/p>\n<p><b>Quem chega pelos novos voos<\/b><\/p>\n<p>Para <a href=\"https:\/\/www.linkedin.com\/in\/amanda-correia-101388298\/\" target=\"_blank\">Amanda Correia<\/a>, gerente comercial do Esmeralda Praia Hotel, em Ponta Negra, as novas conex\u00f5es j\u00e1 aparecem no perfil de quem reserva. \u201cA liga\u00e7\u00e3o direta com Buenos Aires e Montevid\u00e9u muda quem chega. O h\u00f3spede argentino e o uruguaio antes dependiam de conex\u00e3o por outra capital, o que encarecia e desestimulava a viagem. O voo direto tira essa barreira\u201d, afirma.<\/p>\n<p>Segundo a gerente comercial, esse viajante se comporta de forma diferente do h\u00f3spede nacional. \u201cQuem vem de fora do pa\u00eds costuma ficar mais noites, porque n\u00e3o veio de perto, e viaja em <a href=\"https:\/\/esmeraldapraiahotel.com.br\/como-aproveitar-a-baixa-temporada\/\" target=\"_blank\">datas que nem sempre coincidem com os feriados brasileiros<\/a>. Isso ajuda a distribuir a ocupa\u00e7\u00e3o ao longo do ano\u201d, avalia.<\/p>\n<p><b>O acesso como fator de decis\u00e3o<\/b><\/p>\n<p>Para <a href=\"https:\/\/www.linkedin.com\/in\/ruan-henrique-a8347a28a\/\" target=\"_blank\">Ruan Henrique<\/a>, supervisor de marketing do Esmeralda Praia Hotel, a facilidade de chegada pesa cada vez mais na escolha do destino. \u201cO viajante hoje compara o lugar e tamb\u00e9m o trabalho de chegar at\u00e9 ele. Voo direto e mais hor\u00e1rios fazem um destino entrar na lista de quem tem pouco tempo de f\u00e9rias e n\u00e3o quer gastar um dia inteiro em conex\u00e3o\u201d, observa.<\/p>\n<p><b>A leitura de mercado<\/b><\/p>\n<p>De acordo com\u00a0<a href=\"https:\/\/www.linkedin.com\/in\/gianluca-d-alessandro-4a08968\/\" target=\"_blank\">Gianluca D\u2019alessandro<\/a>, CEO do Esmeralda Praia Hotel, a malha a\u00e9rea \u00e9 uma base externa ao hotel, da qual toda a opera\u00e7\u00e3o depende. \u201cNenhum hotel enche sozinho um destino mal conectado. Quando chegam mais voos, principalmente internacionais, o mercado inteiro cresce, e cabe a cada hotel estar preparado para receber esse p\u00fablico, que chega com outras expectativas\u201d, pondera.<\/p>\n<p>Para o executivo, o voo internacional muda o tipo de trabalho do hotel. \u201cReceber um argentino ou um portugu\u00eas exige adaptar comunica\u00e7\u00e3o, card\u00e1pio e forma de pagamento. \u00c9 um p\u00fablico que soma ao brasileiro e ocupa per\u00edodos diferentes. Quem se preparar primeiro para esse h\u00f3spede sai na frente quando a rota amadurece\u201d, conclui.<\/p>\n<p>Website: <a href=\"https:\/\/esmeraldapraiahotel.com.br\/\" target=\"_blank\">https:\/\/esmeraldapraiahotel.com.br\/<\/a><\/p>\n<p>Foto: Esmeralda Praia Hotel<\/p>\n<p>A <b>OESP<\/b> n\u00e3o \u00e9(s\u00e3o) respons\u00e1vel(is) por erros, incorre\u00e7\u00f5es, atrasos ou quaisquer decis\u00f5es tomadas por seus clientes com base nos Conte\u00fados ora disponibilizados, bem como tais Conte\u00fados n\u00e3o representam a opini\u00e3o da <b>OESP<\/b> e s\u00e3o de inteira responsabilidade da <b>Knewin Dino<\/b><\/p>\n","protected":false},"excerpt":{"rendered":"O aeroporto de Natal registrou o segundo maior crescimento de passageiros do pa\u00eds no in\u00edcio de 2026. Segundo levantamento da Zurich Airport Brasil, concession\u00e1ria do terminal, divulgado pela","protected":false},"author":1,"featured_media":137990,"comment_status":"open","ping_status":"closed","sticky":false,"template":"","format":"standard","meta":{"_acf_changed":false,"inline_featured_image":false,"_monsterinsights_skip_tracking":false,"_monsterinsights_sitenote_active":false,"_monsterinsights_sitenote_note":"","_monsterinsights_sitenote_category":0,"footnotes":""},"categories":[11470],"tags":[101,54,300,12395,12393],"class_list":["post-137989","post","type-post","status-publish","format-standard","has-post-thumbnail","hentry","category-knewin-dino","tag-economia","tag-mobilidade","tag-negocios","tag-sociedade","tag-turismo-e-viagem"],"acf":[],"_links":{"self":[{"href":"https:\/\/bluestudio.estadao.com.br\/agencia-de-comunicacao\/wp-json\/wp\/v2\/posts\/137989","targetHints":{"allow":["GET"]}}],"collection":[{"href":"https:\/\/bluestudio.estadao.com.br\/agencia-de-comunicacao\/wp-json\/wp\/v2\/posts"}],"about":[{"href":"https:\/\/bluestudio.estadao.com.br\/agencia-de-comunicacao\/wp-json\/wp\/v2\/types\/post"}],"author":[{"embeddable":true,"href":"https:\/\/bluestudio.estadao.com.br\/agencia-de-comunicacao\/wp-json\/wp\/v2\/users\/1"}],"replies":[{"embeddable":true,"href":"https:\/\/bluestudio.estadao.com.br\/agencia-de-comunicacao\/wp-json\/wp\/v2\/comments?post=137989"}],"version-history":[{"count":0,"href":"https:\/\/bluestudio.estadao.com.br\/agencia-de-comunicacao\/wp-json\/wp\/v2\/posts\/137989\/revisions"}],"wp:featuredmedia":[{"embeddable":true,"href":"https:\/\/bluestudio.estadao.com.br\/agencia-de-comunicacao\/wp-json\/wp\/v2\/media\/137990"}],"wp:attachment":[{"href":"https:\/\/bluestudio.estadao.com.br\/agencia-de-comunicacao\/wp-json\/wp\/v2\/media?parent=137989"}],"wp:term":[{"taxonomy":"category","embeddable":true,"href":"https:\/\/bluestudio.estadao.com.br\/agencia-de-comunicacao\/wp-json\/wp\/v2\/categories?post=137989"},{"taxonomy":"post_tag","embeddable":true,"href":"https:\/\/bluestudio.estadao.com.br\/agencia-de-comunicacao\/wp-json\/wp\/v2\/tags?post=137989"}],"curies":[{"name":"wp","href":"https:\/\/api.w.org\/{rel}","templated":true}]}}