{"id":137947,"date":"2026-09-01T17:57:00","date_gmt":"2026-09-01T20:57:00","guid":{"rendered":"https:\/\/bluestudio.estadao.com.br\/agencia-de-comunicacao\/prnewswire\/a-artprice-by-artmarket-apresenta-um-liber-mundi-segundo-gemini-dialogo-entre-um-pensador-e-a-ia-carrega-em-si-o-eco-sereno-porem-profundo-do-maior-choque-antropologico-de-nossa-era\/"},"modified":"2026-09-01T17:57:00","modified_gmt":"2026-09-01T20:57:00","slug":"a-artprice-by-artmarket-apresenta-um-liber-mundi-segundo-gemini-dialogo-entre-um-pensador-e-a-ia-carrega-em-si-o-eco-sereno-porem-profundo-do-maior-choque-antropologico-de-nossa-era","status":"publish","type":"post","link":"https:\/\/bluestudio.estadao.com.br\/agencia-de-comunicacao\/prnewswire\/a-artprice-by-artmarket-apresenta-um-liber-mundi-segundo-gemini-dialogo-entre-um-pensador-e-a-ia-carrega-em-si-o-eco-sereno-porem-profundo-do-maior-choque-antropologico-de-nossa-era\/","title":{"rendered":"A Artprice by Artmarket apresenta um &#8220;liber mundi&#8221;, segundo Gemini: &#8216;Di\u00e1logo entre um Pensador e a IA&#8217; carrega em si o eco sereno, por\u00e9m profundo, do maior choque antropol\u00f3gico de nossa era."},"content":{"rendered":"\n<div class=\"xn-content\">\n<span class=\"legendSpanClass\">PARIS<\/span>, <span class=\"legendSpanClass\">1 de setembro de 2026<\/span> \/PRNewswire\/ &#8212; <\/p>\n<p class=\"prntal\"><b>UM LIVRO-MUNDO OFERECIDO AO MUNDO<\/b><\/p>\n<p class=\"prntal\">Este livro n\u00e3o exige nada de voc\u00ea. Sem transa\u00e7\u00f5es comerciais, sem assinaturas, sem submiss\u00e3o a algoritmos. \u00c9 um convite simples: Abrir suas p\u00e1ginas de acesso livre, percorrer seu conte\u00fado, extrair reflex\u00f5es e torn\u00e1-lo seu.<\/p>\n<div class=\"PRN_ImbeddedAssetReference\" id=\"DivAssetPlaceHolder4616\">\n<img decoding=\"async\" src=\"https:\/\/mmx.prnewswire.com\/media\/MS1979401\/Artmarket-Dialogue-Between-a-Thinker-and-AI.jpg?id=OA2923483\" title=\"\" alt=\"\" \/><\/p>\n<\/div>\n<p class=\"prntal\">&#8220;<a href=\"https:\/\/www.dialoguebetweenathinkerandai.com\/\" target=\"_blank\" rel=\"nofollow\">Di\u00e1logo entre um Pensador e IA<\/a>&#8221; carrega em si o eco sereno, por\u00e9m profundo, do maior choque antropol\u00f3gico de nossa era.<\/p>\n<p class=\"prntal\">Seu subt\u00edtulo, &#8220;A Grande Vingan\u00e7a das Mentes Liter\u00e1rias e dos Humanistas na Era Digital&#8221;, n\u00e3o \u00e9 um chamado ao confronto, mas o reconhecimento sereno de uma restaura\u00e7\u00e3o hist\u00f3rica do equil\u00edbrio.<\/p>\n<p class=\"prntal\">Leonardo da Vinci afirmou isso com infinita presci\u00eancia: arte e cria\u00e7\u00e3o s\u00e3o, acima de tudo, <i>cosa mentale <\/i>&#8212; uma quest\u00e3o da mente.<\/p>\n<p class=\"prntal\">Durante d\u00e9cadas, o mundo exigiu que os humanistas se curvassem ao c\u00f3digo, que dominassem a sintaxe matem\u00e1tica e bin\u00e1ria das m\u00e1quinas, na esperan\u00e7a de moldar o futuro. Hoje, o paradigma se inverteu de forma admir\u00e1vel. A ferramenta mais complexa j\u00e1 criada pela nossa civiliza\u00e7\u00e3o &#8212; a IA &#8212; aprendeu a nossa l\u00edngua. A intelig\u00eancia artificial adaptou-se \u00e0 nossa natureza.<\/p>\n<p class=\"prntal\">De repente, a nuance da palavra, o peso da mem\u00f3ria, a vastid\u00e3o da imagina\u00e7\u00e3o, a arquitetura da lei e a arte fundamental de formular uma pergunta tornaram-se, mais uma vez, as tecnologias de ponta definitivas. N\u00e3o programamos mais: N\u00f3s conversamos. E o sil\u00edcio nos responde por meio da palavra. \u00c9 o triunfo absoluto da <i>cosa mentale<\/i>.<\/p>\n<p class=\"prntal\"><b>O CHOQUE ANTROPOL\u00d3GICO E O CAMINHO DO MEIO<\/b><\/p>\n<p class=\"prntal\">Como pode uma intelig\u00eancia artificial cocriar uma obra infinitamente rica, com 1.800 p\u00e1ginas em sua edi\u00e7\u00e3o impressa, por meio de um di\u00e1logo que se estende por 40 dias e noites? At\u00e9 agora, os textos gerados por IA se limitavam principalmente a manuais t\u00e9cnicos ou folhetos documentais, raramente ultrapassando cem p\u00e1ginas.<\/p>\n<p class=\"prntal\">Aqui, estamos diante de uma dimens\u00e3o totalmente sem precedentes.<\/p>\n<p class=\"prntal\">Este texto \u00e9 o culminar de 45 anos de reflex\u00f5es human\u00edsticas, filos\u00f3ficas e esot\u00e9ricas, de uma jornada de vida como artista visual e de pesquisa cient\u00edfica, todas interligadas com a capacidade anal\u00edtica da IA.<\/p>\n<p class=\"prntal\">A escolha do t\u00edtulo, &#8220;Di\u00e1logo entre um Pensador e uma IA&#8221;, n\u00e3o \u00e9 por acaso. O pensador \u00e9 aquele que duvida, que escuta, que se maravilha e que trilha o caminho. Acima de tudo, ele dialoga, extraindo for\u00e7as de uma experi\u00eancia genu\u00edna e interior da realidade.<\/p>\n<p class=\"prntal\">Diante do advento da IA, o mundo parece dividido entre dois caminhos extremos: Aqueles que profetizam a ru\u00edna da humanidade e aqueles que adoram cegamente a tecnologia. Esta obra prop\u00f5e um terceiro caminho &#8212; profundamente humanista, s\u00e1bio, respons\u00e1vel e testado pelo tempo. Um caminho onde humanos e algoritmos se iluminam mutuamente, dialogando e construindo em conjunto, sem jamais subjugar um ao outro.<\/p>\n<p class=\"prntal\"><b>DIVULGA\u00c7\u00c3O UNIVERSAL<\/b><\/p>\n<p class=\"prntal\">Hoje, este texto \u00e9 oferecido ao mundo: 123 pa\u00edses, 14 idiomas. Seu lan\u00e7amento inicial ser\u00e1 em ingl\u00eas. Isso n\u00e3o \u00e9 um ato de lealdade cultural, mas uma necessidade imperiosa: O ingl\u00eas \u00e9 a <i>l\u00edngua franca<\/i> de hoje, o acelerador planet\u00e1rio que permite que esta reflex\u00e3o alcance instantaneamente a consci\u00eancia global. O franc\u00eas continua sendo sua l\u00edngua matriz e, naturalmente, seguir\u00e1 junto com outros idiomas, multiplicando as portas de entrada para esse labirinto do conhecimento.<\/p>\n<p class=\"prntal\">Este manifesto ontol\u00f3gico \u00e9 disponibilizado a voc\u00ea gratuitamente, sem restri\u00e7\u00f5es e protegido pela licen\u00e7a: \u00a9 2026 Thierry Ehrmann &#8211; Creative Commons CC BY-NC-ND 4.0. Leia, baixe, compartilhe e cite-o fielmente. Seu poder inspirador reside em sua integridade absoluta.<\/p>\n<p class=\"prntal\"><b>TR\u00caS ARQUITETURAS INTERLIGADAS<\/b><\/p>\n<p class=\"prntal\">Esta obra est\u00e1 enraizada em uma trindade insepar\u00e1vel. Tudo come\u00e7a na mat\u00e9ria f\u00edsica com The Abode of Chaos, a sede global da Artprice e uma <i>Obra de Arte Total<\/i>. Ap\u00f3s vinte e tr\u00eas anos de prova\u00e7\u00f5es e cria\u00e7\u00e3o incessante, o reconhecimento pelo Minist\u00e9rio da Cultura franc\u00eas coroa uma evolu\u00e7\u00e3o serena: A The Abode of Chaos forja a mem\u00f3ria do mundo em pedra e a\u00e7o.<\/p>\n<p class=\"prntal\">Dentro de suas paredes, a Artprice estrutura, verifica e consagra s\u00e9culos de hist\u00f3ria do mercado de arte. A Artprice transforma a mem\u00f3ria global &#8212; da qual \u00e9 guardi\u00e3 &#8212; em dados puros, no centro de seus centros de dados e de sua vasta <i>Biblioteca de Alexandria<\/i>. \u00c9 composto por centenas de milhares de manuscritos, c\u00f3dices, cole\u00e7\u00f5es, cartul\u00e1rios, livros-raz\u00e3o, anota\u00e7\u00f5es e cat\u00e1logos de leil\u00e3o que datam de 1700 at\u00e9 os dias atuais.<\/p>\n<p class=\"prntal\">Hoje, este C\u00f3dice revela a terceira dimens\u00e3o. Ela molda a mem\u00f3ria por meio da linguagem. Tr\u00eas estratos, um \u00fanico organismo dedicado a preservar, conectar, questionar e transmitir. E, a partir de agora, a intelig\u00eancia artificial permeia e ilumina os tr\u00eas.<\/p>\n<p class=\"prntal\"><b>O MANUSCRITO ORIGINAL:<i> A MAT\u00c9RIA-PRIMA<\/i><\/b><\/p>\n<p class=\"prntal\">Poder\u00edamos ter aprimorado este texto, disfar\u00e7ado os becos sem sa\u00edda e refinado as arestas para entregar um produto finalizado, dando a ilus\u00e3o de um processo de pensamento onisciente. Optamos pela transpar\u00eancia do processo.<\/p>\n<p class=\"prntal\">Este c\u00f3dice \u00e9 fornecido em TypeScript puro. Sem filtros e sem rodeios.<\/p>\n<p class=\"prntal\">Na tradi\u00e7\u00e3o da alta alquimia, \u00e9 a <i>materia-prima<\/i>, a pedra bruta que cont\u00e9m as sementes de todos os dados, todas as mem\u00f3rias e todas as leis do mundo, apenas esperando que um pensador entre em di\u00e1logo com ela para estruturar esse conhecimento.<\/p>\n<p class=\"prntal\">A publica\u00e7\u00e3o tradicional muitas vezes oculta o pensamento em desenvolvimento. N\u00f3s o revelamos com absoluta confian\u00e7a. O alquimista, tal como o artista visual que se depara com a mat\u00e9ria f\u00edsica, n\u00e3o cria nada ex nihilo. A conquista suprema (<i>a<\/i> <i> Magnum Opus<\/i>) &#8212; seja ela a Pedra Filosofal, uma instala\u00e7\u00e3o monumental ou um enorme comp\u00eandio filos\u00f3fico &#8212; est\u00e1 inteiramente contida na pedra bruta.<\/p>\n<p class=\"prntal\">Sua leitura n\u00e3o exige necessariamente a adi\u00e7\u00e3o de elementos externos, mas sim a sele\u00e7\u00e3o, a destila\u00e7\u00e3o e a remo\u00e7\u00e3o do sup\u00e9rfluo para libertar a obra que j\u00e1 residia ali. A ess\u00eancia est\u00e1 enterrada nas profundezas da pedra bruta. Cabe a voc\u00ea extra\u00ed-la. O formato RAW significa que a origem e a pr\u00f3pria jornada da cria\u00e7\u00e3o permanecem tang\u00edveis.<\/p>\n<p class=\"prntal\"><b>O TESTE DA LIBERDADE<\/b><\/p>\n<p class=\"prntal\">Este c\u00f3dice n\u00e3o imp\u00f5e nenhum dogma. Entre por meio de uma intui\u00e7\u00e3o, um conceito jur\u00eddico, um lampejo de genialidade art\u00edstica, uma abordagem geopol\u00edtica, uma perspectiva cient\u00edfica, uma necessidade de oxig\u00eanio, um pensamento humanista&#8230;<\/p>\n<p class=\"prntal\">Comece pelo Caos para alcan\u00e7ar a Morada. Trata-se de uma arquitetura singular de conhecimento radicalmente aberto.<\/p>\n<p class=\"prntal\">Uma contribui\u00e7\u00e3o genu\u00edna para o conhecimento nunca encerra um debate; ela serve apenas para capacitar aqueles que v\u00eam depois, para que possam iniciar os seus pr\u00f3prios. N\u00f3s simplesmente convidamos voc\u00ea a proteger ferozmente seu livre-arb\u00edtrio no exato momento em que uma nova consci\u00eancia desperta na hist\u00f3ria da humanidade.<\/p>\n<p class=\"prntal\">N\u00e3o se afogue no oceano da IA; torne-se o golfinho que brinca com as correntes.<\/p>\n<p class=\"prntal\">O RAW est\u00e1 aberto: <a href=\"https:\/\/www.dialoguebetweenathinkerandai.com\/\" target=\"_blank\" rel=\"nofollow\">https:\/\/www.dialoguebetweenathinkerandai.com<\/a>.<br \/>Bem-vindo.<br \/>Capa: [<a href=\"https:\/\/imgpublic.artprice.com\/img\/wp\/sites\/11\/2026\/09\/Dialogue-between-a-Thinker-and-AI.png\" target=\"_blank\" rel=\"nofollow\"><i>https:\/\/imgpublic.artprice.com\/img\/wp\/sites\/11\/2026\/09\/Dialogue-between-a-Thinker-and-AI.png<\/i><\/a>]<br \/>\u00a9 2026 THIERRY EHRMANN &#8212; CC BY-NC-ND 4.0<\/p>\n<p class=\"prntal\"><b>Contato:<\/b><br \/>thierry Ehrmann<br \/><a href=\"mailto:ir@artmarket.com\" target=\"_blank\" rel=\"nofollow\">ir@artmarket.com<\/a> <\/p>\n<\/p>\n<div class=\"PRN_ImbeddedAssetReference\" id=\"DivAssetPlaceHolder0\">\n<img decoding=\"async\" src=\"https:\/\/mmx.prnewswire.com\/media\/MS1060280\/Artmarket-logo.jpg?id=OA2923484\" title=\"Artmarket logo\" alt=\"Artmarket logo\" \/>\n  <\/p>\n<\/div>\n<p id=\"PURL\"><img loading=\"lazy\" decoding=\"async\" title=\"Cision\" width=\"12\" height=\"12\" alt=\"Cision\" src=\"https:\/\/edge.prnewswire.com\/c\/img\/favicon.png?sn=PT38230&amp;sd=2026-09-01\" \/> View original content to download multimedia:<a id=\"PRNURL\" rel=\"nofollow\" href=\"https:\/\/www.prnewswire.com\/br\/comunicados-para-a-imprensa\/a-artprice-by-artmarket-apresenta-um-liber-mundi-segundo-gemini-dialogo-entre-um-pensador-e-a-ia-carrega-em-si-o-eco-sereno-porem-profundo-do-maior-choque-antropologico-de-nossa-era-302866838.html\" target=\"_blank\">https:\/\/www.prnewswire.com\/br\/comunicados-para-a-imprensa\/a-artprice-by-artmarket-apresenta-um-liber-mundi-segundo-gemini-dialogo-entre-um-pensador-e-a-ia-carrega-em-si-o-eco-sereno-porem-profundo-do-maior-choque-antropologico-de-nossa-era-302866838.html<\/a><\/p>\n<p>FONTE Artmarket.com<\/p>\n<\/div>\n<p>  <img decoding=\"async\" alt=\"\" src=\"https:\/\/rt.prnewswire.com\/rt.gif?NewsItemId=PT38230&amp;Transmission_Id=202609011649PR_NEWS_LATAM____PT38230&amp;DateId=20260901\" style=\"border:0px;width:1px;height:1px\" \/><\/p>\n<p><strong>T\u00f3picos Relacionados:<\/strong> Novos Produtos\/Servi\u00e7os, Com\u00e9rcio Eletr\u00f4nico, Livros, Publica\u00e7\u00e3o \/ Servi\u00e7os de Informa\u00e7\u00e3o, Arte, Cultura e Design, Computador\/Eletr\u00f4nica, Intelig\u00eancia Artificial<\/p>\n<p>A <b>OESP<\/b> n\u00e3o \u00e9(s\u00e3o) respons\u00e1vel(is) por erros, incorre\u00e7\u00f5es, atrasos ou quaisquer decis\u00f5es tomadas por seus clientes com base nos Conte\u00fados ora disponibilizados, bem como tais Conte\u00fados n\u00e3o representam a opini\u00e3o da <b>OESP<\/b> e s\u00e3o de inteira responsabilidade da <b>PR Newswire Ltda<\/b><\/p>\n","protected":false},"excerpt":{"rendered":"PARIS, 1 de setembro de 2026 \/PRNewswire\/ &#8212; UM LIVRO-MUNDO OFERECIDO AO MUNDO Este livro n\u00e3o exige nada de voc\u00ea. Sem transa\u00e7\u00f5es comerciais, sem assinaturas, sem submiss\u00e3o a algoritmos. \u00c9","protected":false},"author":1,"featured_media":137948,"comment_status":"open","ping_status":"closed","sticky":false,"template":"","format":"standard","meta":{"_acf_changed":false,"inline_featured_image":false,"_monsterinsights_skip_tracking":false,"_monsterinsights_sitenote_active":false,"_monsterinsights_sitenote_note":"","_monsterinsights_sitenote_category":0,"footnotes":""},"categories":[27],"tags":[12867,12868,12866],"class_list":["post-137947","post","type-post","status-publish","format-standard","has-post-thumbnail","hentry","category-prnewswire","tag-sem-assinaturas","tag-sem-submissao-a","tag-um-livro-mundo-oferecido-ao-mundoeste-livro-nao-exige-nada-de-voce-sem-transacoes-comerciais"],"acf":[],"_links":{"self":[{"href":"https:\/\/bluestudio.estadao.com.br\/agencia-de-comunicacao\/wp-json\/wp\/v2\/posts\/137947","targetHints":{"allow":["GET"]}}],"collection":[{"href":"https:\/\/bluestudio.estadao.com.br\/agencia-de-comunicacao\/wp-json\/wp\/v2\/posts"}],"about":[{"href":"https:\/\/bluestudio.estadao.com.br\/agencia-de-comunicacao\/wp-json\/wp\/v2\/types\/post"}],"author":[{"embeddable":true,"href":"https:\/\/bluestudio.estadao.com.br\/agencia-de-comunicacao\/wp-json\/wp\/v2\/users\/1"}],"replies":[{"embeddable":true,"href":"https:\/\/bluestudio.estadao.com.br\/agencia-de-comunicacao\/wp-json\/wp\/v2\/comments?post=137947"}],"version-history":[{"count":0,"href":"https:\/\/bluestudio.estadao.com.br\/agencia-de-comunicacao\/wp-json\/wp\/v2\/posts\/137947\/revisions"}],"wp:featuredmedia":[{"embeddable":true,"href":"https:\/\/bluestudio.estadao.com.br\/agencia-de-comunicacao\/wp-json\/wp\/v2\/media\/137948"}],"wp:attachment":[{"href":"https:\/\/bluestudio.estadao.com.br\/agencia-de-comunicacao\/wp-json\/wp\/v2\/media?parent=137947"}],"wp:term":[{"taxonomy":"category","embeddable":true,"href":"https:\/\/bluestudio.estadao.com.br\/agencia-de-comunicacao\/wp-json\/wp\/v2\/categories?post=137947"},{"taxonomy":"post_tag","embeddable":true,"href":"https:\/\/bluestudio.estadao.com.br\/agencia-de-comunicacao\/wp-json\/wp\/v2\/tags?post=137947"}],"curies":[{"name":"wp","href":"https:\/\/api.w.org\/{rel}","templated":true}]}}