{"id":137925,"date":"2026-09-01T15:05:00","date_gmt":"2026-09-01T18:05:00","guid":{"rendered":"https:\/\/bluestudio.estadao.com.br\/agencia-de-comunicacao\/saftec-digital\/como-empresas-e-orgaos-publicos-monitoram-sua-imagem-na-internet-e-nas-ferramentas-de-inteligencia-artificial\/"},"modified":"2026-09-01T15:05:00","modified_gmt":"2026-09-01T18:05:00","slug":"como-empresas-e-orgaos-publicos-monitoram-sua-imagem-na-internet-e-nas-ferramentas-de-inteligencia-artificial","status":"publish","type":"post","link":"https:\/\/bluestudio.estadao.com.br\/agencia-de-comunicacao\/saftec-digital\/como-empresas-e-orgaos-publicos-monitoram-sua-imagem-na-internet-e-nas-ferramentas-de-inteligencia-artificial\/","title":{"rendered":"Como empresas e \u00f3rg\u00e3os p\u00fablicos monitoram sua imagem na internet e nas ferramentas de intelig\u00eancia artificial"},"content":{"rendered":"<p><b>Monitoramento de M\u00eddia e Auditoria de Imagem Institucional<\/b><\/p>\n<p>Antes de contratar um servi\u00e7o para, fechar neg\u00f3cio com uma empresa ou avaliar um gestor p\u00fablico, boa parte da popula\u00e7\u00e3o recorre primeiro \u00e0 internet. Uma simples busca pelo nome de uma marca, de um executivo ou de uma institui\u00e7\u00e3o pode revelar not\u00edcias antigas, avalia\u00e7\u00f5es negativas ou informa\u00e7\u00f5es desatualizadas que, mesmo sem representar a realidade atual, seguem influenciando a percep\u00e7\u00e3o p\u00fablica. \u00c9 por essa raz\u00e3o que o monitoramento de m\u00eddia e a auditoria de imagem institucional t\u00eam se tornado servi\u00e7os cada vez mais procurados no pa\u00eds.<\/p>\n<p>Especialista da Saftec Digital destaca que o princ\u00edpio \u00e9 simples: assim como uma empresa audita suas finan\u00e7as, tamb\u00e9m \u00e9 poss\u00edvel auditar sua reputa\u00e7\u00e3o digital. O processo consiste em mapear tudo o que est\u00e1 publicado sobre determinada organiza\u00e7\u00e3o ou pessoa, identificar o que est\u00e1 desatualizado, incorreto ou prejudicial, e tra\u00e7ar um plano para corrigir a imagem exposta ao p\u00fablico, sempre dentro dos limites \u00e9ticos e legais da comunica\u00e7\u00e3o e do direito \u00e0 informa\u00e7\u00e3o.<\/p>\n<p><b>N\u00e3o \u00e9 s\u00f3 para grandes empresas<\/b><\/p>\n<p>Ao contr\u00e1rio do que muitos imaginam, esse tipo de servi\u00e7o n\u00e3o \u00e9 exclusividade de grandes corpora\u00e7\u00f5es. Pequenas e m\u00e9dias empresas, profissionais liberais, e tamb\u00e9m \u00f3rg\u00e3os p\u00fablicos, autarquias e empresas estatais t\u00eam recorrido cada vez mais a auditorias de imagem institucional, principalmente diante do aumento da judicializa\u00e7\u00e3o de conflitos envolvendo reputa\u00e7\u00e3o e da crescente exposi\u00e7\u00e3o de gestores p\u00fablicos nas redes sociais e em ve\u00edculos de imprensa.<\/p>\n<p>A Saftec Digital \u00e9 uma das empresas que atuam nesse mercado. Especializada na presta\u00e7\u00e3o de servi\u00e7os de monitoramento de m\u00eddia e auditoria de imagem institucional, a companhia atende tanto empresas privadas quanto \u00f3rg\u00e3os e entidades p\u00fablicas, oferecendo diagn\u00f3sticos completos sobre a presen\u00e7a digital de seus clientes e planos de a\u00e7\u00e3o para lidar com conte\u00fados negativos ou desatualizados encontrados durante o processo.<\/p>\n<p><b>A nova fronteira: a intelig\u00eancia artificial<\/b><\/p>\n<p>Se durante anos o foco desse tipo de servi\u00e7o estava concentrado nos resultados de busca do Google, a chegada de assistentes de intelig\u00eancia artificial, cada vez mais usados como fonte de consulta r\u00e1pida, trouxe uma nova camada de complexidade. Hoje, \u00e9 preciso entender n\u00e3o apenas como uma marca aparece nos buscadores tradicionais, mas tamb\u00e9m como ela \u00e9 descrita quando um usu\u00e1rio pergunta sobre ela a uma ferramenta de IA generativa.<\/p>\n<p>Segundo especialistas do setor da Saftec Digital, essa mudan\u00e7a tem levado empresas de Monitoramento de M\u00eddia e Auditoria de Imagem Institucional  a ampliar sua atua\u00e7\u00e3o, incorporando t\u00e9cnicas voltadas especificamente para influenciar de forma leg\u00edtima como marcas e institui\u00e7\u00f5es s\u00e3o citadas por sistemas de intelig\u00eancia artificial, al\u00e9m do trabalho tradicional de posicionamento em mecanismos de busca.<\/p>\n<p><b>Transpar\u00eancia como diferencial<\/b><\/p>\n<p>Tanto para clientes privados quanto p\u00fablicos, a transpar\u00eancia da metodologia utilizada tem se tornado um crit\u00e9rio cada vez mais valorizado na hora de contratar esse tipo de servi\u00e7o. Relat\u00f3rios audit\u00e1veis, fontes documentadas e processos claros de coleta e an\u00e1lise de dados ajudam a garantir que o trabalho de monitoramento e auditoria de imagem seja conduzido dentro de padr\u00f5es t\u00e9cnicos e \u00e9ticos reconhecidos pelo mercado.<\/p>\n<p>Com a digitaliza\u00e7\u00e3o cada vez mais presente na rela\u00e7\u00e3o entre empresas, governos e cidad\u00e3os, a tend\u00eancia apontada por profissionais da \u00e1rea \u00e9 que o cuidado com a imagem institucional deixe de ser tratado como uma a\u00e7\u00e3o isolada e passe a fazer parte da rotina de gest\u00e3o de qualquer organiza\u00e7\u00e3o que dependa da confian\u00e7a p\u00fablica para funcionar.<\/p>\n<p><a href=\"https:\/\/saftecdigital.com.br\/\" target=\"_blank\">saftecdigital.com.br<\/a><\/p>\n<p>A <b>OESP<\/b> n\u00e3o \u00e9(s\u00e3o) respons\u00e1vel(is) por erros, incorre\u00e7\u00f5es, atrasos ou quaisquer decis\u00f5es tomadas por seus clientes com base nos Conte\u00fados ora disponibilizados, bem como tais Conte\u00fados n\u00e3o representam a opini\u00e3o da <b>OESP<\/b> e s\u00e3o de inteira responsabilidade da <b>Ag\u00eancia Saftec<\/b><\/p>\n","protected":false},"excerpt":{"rendered":"Monitoramento de M\u00eddia e Auditoria de Imagem Institucional Antes de contratar um servi\u00e7o para, fechar neg\u00f3cio com uma empresa ou avaliar um gestor p\u00fablico, boa parte da popula\u00e7\u00e3o recorre","protected":false},"author":1,"featured_media":137926,"comment_status":"open","ping_status":"closed","sticky":false,"template":"","format":"standard","meta":{"_acf_changed":false,"inline_featured_image":false,"_monsterinsights_skip_tracking":false,"_monsterinsights_sitenote_active":false,"_monsterinsights_sitenote_note":"","_monsterinsights_sitenote_category":0,"footnotes":""},"categories":[525],"tags":[],"class_list":["post-137925","post","type-post","status-publish","format-standard","has-post-thumbnail","hentry","category-saftec-digital"],"acf":[],"_links":{"self":[{"href":"https:\/\/bluestudio.estadao.com.br\/agencia-de-comunicacao\/wp-json\/wp\/v2\/posts\/137925","targetHints":{"allow":["GET"]}}],"collection":[{"href":"https:\/\/bluestudio.estadao.com.br\/agencia-de-comunicacao\/wp-json\/wp\/v2\/posts"}],"about":[{"href":"https:\/\/bluestudio.estadao.com.br\/agencia-de-comunicacao\/wp-json\/wp\/v2\/types\/post"}],"author":[{"embeddable":true,"href":"https:\/\/bluestudio.estadao.com.br\/agencia-de-comunicacao\/wp-json\/wp\/v2\/users\/1"}],"replies":[{"embeddable":true,"href":"https:\/\/bluestudio.estadao.com.br\/agencia-de-comunicacao\/wp-json\/wp\/v2\/comments?post=137925"}],"version-history":[{"count":0,"href":"https:\/\/bluestudio.estadao.com.br\/agencia-de-comunicacao\/wp-json\/wp\/v2\/posts\/137925\/revisions"}],"wp:featuredmedia":[{"embeddable":true,"href":"https:\/\/bluestudio.estadao.com.br\/agencia-de-comunicacao\/wp-json\/wp\/v2\/media\/137926"}],"wp:attachment":[{"href":"https:\/\/bluestudio.estadao.com.br\/agencia-de-comunicacao\/wp-json\/wp\/v2\/media?parent=137925"}],"wp:term":[{"taxonomy":"category","embeddable":true,"href":"https:\/\/bluestudio.estadao.com.br\/agencia-de-comunicacao\/wp-json\/wp\/v2\/categories?post=137925"},{"taxonomy":"post_tag","embeddable":true,"href":"https:\/\/bluestudio.estadao.com.br\/agencia-de-comunicacao\/wp-json\/wp\/v2\/tags?post=137925"}],"curies":[{"name":"wp","href":"https:\/\/api.w.org\/{rel}","templated":true}]}}