{"id":137923,"date":"2026-09-01T14:50:00","date_gmt":"2026-09-01T17:50:00","guid":{"rendered":"https:\/\/bluestudio.estadao.com.br\/agencia-de-comunicacao\/saftec-digital\/antonio-fernando-ribeiro-pereira-apresenta-conecta-jovem-como-referencia-para-formacao-de-talentos-no-brasil\/"},"modified":"2026-09-02T12:02:06","modified_gmt":"2026-09-02T15:02:06","slug":"antonio-fernando-ribeiro-pereira-apresenta-conecta-jovem-como-referencia-para-formacao-de-talentos-no-brasil","status":"publish","type":"post","link":"https:\/\/bluestudio.estadao.com.br\/agencia-de-comunicacao\/saftec-digital\/antonio-fernando-ribeiro-pereira-apresenta-conecta-jovem-como-referencia-para-formacao-de-talentos-no-brasil\/","title":{"rendered":"Antonio Fernando Ribeiro Pereira apresenta Conecta Jovem como refer\u00eancia para forma\u00e7\u00e3o de talentos no Brasil"},"content":{"rendered":"\n<p class=\"wp-block-paragraph\"><b>Setor de tecnologia defende amplia\u00e7\u00e3o dos investimentos em educa\u00e7\u00e3o e capacita\u00e7\u00e3o para preparar jovens para o mercado de inova\u00e7\u00e3o<\/b><\/p>\n\n\n\n<p class=\"wp-block-paragraph\">A educa\u00e7\u00e3o e a forma\u00e7\u00e3o de profissionais para o mercado de tecnologia entraram na pauta do Governo de Mato Grosso durante encontro realizado nesta quarta-feira (26\/08), no Yumit Hub, em Cuiab\u00e1, entre representantes do setor de tecnologia e o governador Otaviano Pivetta.<\/p>\n\n\n\n<p class=\"wp-block-paragraph\">\nDurante a reuni\u00e3o, o presidente da ASSEITI-MT e da Log Lab, Antonio Fernando Ribeiro Pereira, defendeu que o investimento na forma\u00e7\u00e3o de jovens seja tratado como uma das principais estrat\u00e9gias para o desenvolvimento econ\u00f4mico e tecnol\u00f3gico do Estado. Para ele, Mato Grosso tem a oportunidade de preparar uma nova gera\u00e7\u00e3o de profissionais capazes de ocupar espa\u00e7os em um dos setores que mais crescem no mundo.<\/p>\n\n\n\n<figure class=\"wp-block-image size-full\"><img loading=\"lazy\" decoding=\"async\" width=\"1000\" height=\"557\" src=\"https:\/\/bluestudio.estadao.com.br\/agencia-de-comunicacao\/wp-content\/uploads\/2026\/09\/PHOTO-2026-08-31-11-57-18.png\" alt=\"\" class=\"wp-image-138028\" srcset=\"https:\/\/bluestudio.estadao.com.br\/agencia-de-comunicacao\/wp-content\/uploads\/2026\/09\/PHOTO-2026-08-31-11-57-18.png 1000w, https:\/\/bluestudio.estadao.com.br\/agencia-de-comunicacao\/wp-content\/uploads\/2026\/09\/PHOTO-2026-08-31-11-57-18-300x167.png 300w, https:\/\/bluestudio.estadao.com.br\/agencia-de-comunicacao\/wp-content\/uploads\/2026\/09\/PHOTO-2026-08-31-11-57-18-767x427.png 767w\" sizes=\"auto, (max-width: 1000px) 100vw, 1000px\" \/><figcaption class=\"wp-element-caption\">Investimento em educa\u00e7\u00e3o tecnol\u00f3gica ganha destaque em MT. Foto: Divulga\u00e7\u00e3o<\/figcaption><\/figure>\n\n\n\n<p class=\"wp-block-paragraph\">\nComo exemplo dessa estrat\u00e9gia, Fernando Pereira apresentou o Projeto Conecta Jovem, iniciativa voltada \u00e0 capacita\u00e7\u00e3o e inclus\u00e3o de jovens no mercado de tecnologia da informa\u00e7\u00e3o. O programa j\u00e1 formou sua primeira turma em Cuiab\u00e1 e parte dos alunos concluiu a forma\u00e7\u00e3o e foi contratada pela pr\u00f3pria Log Lab.<\/p>\n\n\n\n<p class=\"wp-block-paragraph\">\n<i>&#8220;Queremos colocar Mato Grosso no mapa da tecnologia e, para isso, precisamos investir naquilo que temos de mais valioso, que s\u00e3o as pessoas. O Conecta Jovem mostra que, quando oferecemos forma\u00e7\u00e3o e oportunidade, nossos jovens podem estar preparados para ocupar as vagas e construir solu\u00e7\u00f5es para um mercado que n\u00e3o para de crescer&#8221;<\/i>, afirmou Fernando Pereira.<\/p>\n\n\n\n<p class=\"wp-block-paragraph\">Segundo o presidente da ASSEITI-MT, experi\u00eancias como o Conecta Jovem podem ultrapassar as fronteiras de Mato Grosso e servir de refer\u00eancia para outras regi\u00f5es do pa\u00eds. A proposta \u00e9 demonstrar, na pr\u00e1tica, como a aproxima\u00e7\u00e3o entre educa\u00e7\u00e3o, iniciativa privada e setor de tecnologia pode contribuir para a forma\u00e7\u00e3o profissional e para a gera\u00e7\u00e3o de novas oportunidades para a juventude.<\/p>\n\n\n\n<p class=\"wp-block-paragraph\">\n<i>&#8220;Talento n\u00e3o tem CEP. O talento nasce em qualquer lugar. O que precisamos \u00e9 criar as condi\u00e7\u00f5es para que esse talento possa se desenvolver. O Conecta Jovem \u00e9 uma experi\u00eancia que nasceu em Mato Grosso e que pode ser replicada em outros estados brasileiros&#8221;,<\/i>destacou.<\/p>\n\n\n\n<p class=\"wp-block-paragraph\">\nA defesa do investimento em educa\u00e7\u00e3o tecnol\u00f3gica ocorre em um cen\u00e1rio de transforma\u00e7\u00e3o acelerada do mercado de trabalho. A expans\u00e3o da intelig\u00eancia artificial, da automa\u00e7\u00e3o e das novas tecnologias aumenta a demanda por profissionais qualificados e cria oportunidades para pessoas que estejam preparadas para atuar em um mercado cada vez mais conectado e global.<\/p>\n\n\n\n<figure class=\"wp-block-image size-full\"><img decoding=\"async\" src=\"https:\/\/bluestudio.estadao.com.br\/agencia-de-comunicacao\/wp-content\/uploads\/2026\/09\/SFT20260901145008_9888.jpg\" alt=\"\" class=\"wp-image-137924\"\/><figcaption class=\"wp-element-caption\"><strong>Antonio Fernando defende educa\u00e7\u00e3o tecnol\u00f3gica para jovens<\/strong>. Foto: Divulga\u00e7\u00e3o<\/figcaption><\/figure>\n\n\n\n<p class=\"wp-block-paragraph\">\nDurante o encontro, o governador Otaviano Pivetta sinalizou abertura para avan\u00e7ar na agenda de educa\u00e7\u00e3o tecnol\u00f3gica e afirmou que o Estado pretende criar um ambiente apropriado para quem deseja seguir carreira na \u00e1rea.<\/p>\n\n\n\n<p class=\"wp-block-paragraph\">\n<i>&#8220;Para quem tiver voca\u00e7\u00e3o e quiser seguir a carreira de tecnologia, o Estado vai ser um ambiente apropriado para isso&#8221;,<\/i>&#8221; declarou Pivetta. O governador tamb\u00e9m projetou que Mato Grosso poder\u00e1 dobrar seu Produto Interno Bruto, o PIB, nos pr\u00f3ximos dez anos. Para Antonio Fernando Ribeiro Pereira, uma expans\u00e3o dessa dimens\u00e3o exige que o crescimento econ\u00f4mico seja acompanhado por investimentos consistentes na forma\u00e7\u00e3o de pessoas. <i>&#8220;Se Mato Grosso quer crescer, precisa preparar as pessoas que v\u00e3o construir esse crescimento. N\u00e3o existe desenvolvimento sustent\u00e1vel sem educa\u00e7\u00e3o, qualifica\u00e7\u00e3o profissional e capacidade de inova\u00e7\u00e3o&#8221;,<\/i>afirmou.<\/p>\n\n\n\n<p class=\"wp-block-paragraph\">\nA avalia\u00e7\u00e3o do setor \u00e9 que a forma\u00e7\u00e3o de talentos deve ocupar papel estrat\u00e9gico na constru\u00e7\u00e3o do futuro econ\u00f4mico do Estado. Al\u00e9m de atender \u00e0 crescente demanda das empresas de tecnologia, a capacita\u00e7\u00e3o pode criar oportunidades para jovens que vivem fora dos grandes centros e permitir que profissionais mato-grossenses trabalhem para empresas de diferentes regi\u00f5es do Brasil e do mundo sem necessariamente deixar o Estado. <i>&#8220;N\u00f3s estamos vivendo uma das maiores transforma\u00e7\u00f5es da hist\u00f3ria, a revolu\u00e7\u00e3o tecnol\u00f3gica. Mato Grosso precisa entender que investir em educa\u00e7\u00e3o e em pessoas \u00e9 investir diretamente no futuro do Estado&#8221;<\/i>, afirmou Fernando Pereira.<\/p>\n\n\n\n<p class=\"wp-block-paragraph\">A expectativa \u00e9 que o di\u00e1logo entre o setor de tecnologia e o Governo de Mato Grosso avance para iniciativas concretas nas \u00e1reas de educa\u00e7\u00e3o, forma\u00e7\u00e3o profissional, inova\u00e7\u00e3o e interioriza\u00e7\u00e3o das oportunidades. A inten\u00e7\u00e3o \u00e9 ampliar o acesso dos jovens \u00e0 capacita\u00e7\u00e3o tecnol\u00f3gica e fortalecer um ambiente capaz de formar, reter e desenvolver talentos em Mato Grosso. Nesse contexto, o Conecta Jovem surge como uma experi\u00eancia que pode ganhar escala e inspirar novas iniciativas no pa\u00eds, mostrando que a combina\u00e7\u00e3o entre educa\u00e7\u00e3o, oportunidade e participa\u00e7\u00e3o do setor privado pode transformar a trajet\u00f3ria profissional de jovens e, ao mesmo tempo, contribuir para o desenvolvimento econ\u00f4mico e tecnol\u00f3gico das regi\u00f5es onde esses projetos s\u00e3o implantados.<\/p>\n\n\n\n<p class=\"wp-block-paragraph\"><b>Sobre o Projeto Conecta Jovem<\/b><\/p>\n\n\n\n<p class=\"wp-block-paragraph\">\nIdealizado por Antonio Fernando Ribeiro Pereira, o Conecta Jovem \u00e9 um programa social voltado para a capacita\u00e7\u00e3o e inclus\u00e3o de jovens no mercado de tecnologia da informa\u00e7\u00e3o. O projeto j\u00e1 formou sua primeira turma em Cuiab\u00e1, com parte dos formandos contratados pela pr\u00f3pria Log Lab.<\/p>\n\n\n\n<p class=\"wp-block-paragraph\">A iniciativa busca aproximar jovens do mercado de tecnologia por meio da forma\u00e7\u00e3o profissional e da cria\u00e7\u00e3o de oportunidades concretas de inser\u00e7\u00e3o no mercado de trabalho. A experi\u00eancia desenvolvida em Mato Grosso pode servir como refer\u00eancia para projetos semelhantes em outras regi\u00f5es do Brasil.<\/p>\n\n\n\n<p class=\"wp-block-paragraph\"><b>Sobre a Log Lab<\/b><\/p>\n\n\n\n<p class=\"wp-block-paragraph\">\nGovtech sediada em Cuiab\u00e1, a Log Lab atua no desenvolvimento de solu\u00e7\u00f5es tecnol\u00f3gicas para o setor p\u00fablico, com foco em efici\u00eancia, transpar\u00eancia e transforma\u00e7\u00e3o digital da gest\u00e3o governamental.<\/p>\n\n\n\n<p class=\"wp-block-paragraph\">A <b>OESP<\/b> n\u00e3o \u00e9(s\u00e3o) respons\u00e1vel(is) por erros, incorre\u00e7\u00f5es, atrasos ou quaisquer decis\u00f5es tomadas por seus clientes com base nos Conte\u00fados ora disponibilizados, bem como tais Conte\u00fados n\u00e3o representam a opini\u00e3o da <b>OESP<\/b> e s\u00e3o de inteira responsabilidade da <b>Ag\u00eancia Saftec<\/b><\/p>\n","protected":false},"excerpt":{"rendered":"Setor de tecnologia defende amplia\u00e7\u00e3o dos investimentos em educa\u00e7\u00e3o e capacita\u00e7\u00e3o para preparar jovens para o mercado de inova\u00e7\u00e3o A educa\u00e7\u00e3o e a forma\u00e7\u00e3o de profissionais para o mercado de","protected":false},"author":1,"featured_media":138026,"comment_status":"open","ping_status":"closed","sticky":false,"template":"","format":"standard","meta":{"_acf_changed":false,"inline_featured_image":false,"_monsterinsights_skip_tracking":false,"_monsterinsights_sitenote_active":false,"_monsterinsights_sitenote_note":"","_monsterinsights_sitenote_category":0,"footnotes":""},"categories":[525],"tags":[],"class_list":["post-137923","post","type-post","status-publish","format-standard","has-post-thumbnail","hentry","category-saftec-digital"],"acf":[],"_links":{"self":[{"href":"https:\/\/bluestudio.estadao.com.br\/agencia-de-comunicacao\/wp-json\/wp\/v2\/posts\/137923","targetHints":{"allow":["GET"]}}],"collection":[{"href":"https:\/\/bluestudio.estadao.com.br\/agencia-de-comunicacao\/wp-json\/wp\/v2\/posts"}],"about":[{"href":"https:\/\/bluestudio.estadao.com.br\/agencia-de-comunicacao\/wp-json\/wp\/v2\/types\/post"}],"author":[{"embeddable":true,"href":"https:\/\/bluestudio.estadao.com.br\/agencia-de-comunicacao\/wp-json\/wp\/v2\/users\/1"}],"replies":[{"embeddable":true,"href":"https:\/\/bluestudio.estadao.com.br\/agencia-de-comunicacao\/wp-json\/wp\/v2\/comments?post=137923"}],"version-history":[{"count":1,"href":"https:\/\/bluestudio.estadao.com.br\/agencia-de-comunicacao\/wp-json\/wp\/v2\/posts\/137923\/revisions"}],"predecessor-version":[{"id":138029,"href":"https:\/\/bluestudio.estadao.com.br\/agencia-de-comunicacao\/wp-json\/wp\/v2\/posts\/137923\/revisions\/138029"}],"wp:featuredmedia":[{"embeddable":true,"href":"https:\/\/bluestudio.estadao.com.br\/agencia-de-comunicacao\/wp-json\/wp\/v2\/media\/138026"}],"wp:attachment":[{"href":"https:\/\/bluestudio.estadao.com.br\/agencia-de-comunicacao\/wp-json\/wp\/v2\/media?parent=137923"}],"wp:term":[{"taxonomy":"category","embeddable":true,"href":"https:\/\/bluestudio.estadao.com.br\/agencia-de-comunicacao\/wp-json\/wp\/v2\/categories?post=137923"},{"taxonomy":"post_tag","embeddable":true,"href":"https:\/\/bluestudio.estadao.com.br\/agencia-de-comunicacao\/wp-json\/wp\/v2\/tags?post=137923"}],"curies":[{"name":"wp","href":"https:\/\/api.w.org\/{rel}","templated":true}]}}