{"id":137906,"date":"2026-09-01T13:43:00","date_gmt":"2026-09-01T16:43:00","guid":{"rendered":"https:\/\/bluestudio.estadao.com.br\/agencia-de-comunicacao\/knewin-dino\/dr-heber-videira-conecta-ciencia-e-politicas-publicas\/"},"modified":"2026-09-01T13:43:00","modified_gmt":"2026-09-01T16:43:00","slug":"dr-heber-videira-conecta-ciencia-e-politicas-publicas","status":"publish","type":"post","link":"https:\/\/bluestudio.estadao.com.br\/agencia-de-comunicacao\/knewin-dino\/dr-heber-videira-conecta-ciencia-e-politicas-publicas\/","title":{"rendered":"Dr. Heber Videira conecta ci\u00eancia e pol\u00edticas p\u00fablicas"},"content":{"rendered":"<p>Uma bolsa de estudos em escola p\u00fablica abriu o caminho do f\u00edsico m\u00e9dico <a href=\"https:\/\/www.instagram.com\/dr_heber_videira\/\" target=\"_blank\">Heber Sim\u00f5es Videira<\/a>. Em 19 anos de Medicina Nuclear, ele atuou em produ\u00e7\u00e3o de radiois\u00f3topos, radiofarm\u00e1cia, log\u00edstica e regula\u00e7\u00e3o, e hoje leva essa experi\u00eancia ao debate de pol\u00edticas p\u00fablicas, como o <a href=\"https:\/\/www25.senado.leg.br\/web\/atividade\/materias\/-\/materia\/168436\" target=\"_blank\">PL 2167\/2025<\/a>. Nesta entrevista, ele conta esse percurso.<\/p>\n<p><b>1 &#8211; Sua trajet\u00f3ria come\u00e7ou muito distante dos espa\u00e7os que ocupa hoje. Como a F\u00edsica mudou esse caminho?<\/b><\/p>\n<p>\u201cVenho de uma fam\u00edlia humilde e, desde jovem, vi na educa\u00e7\u00e3o e na ci\u00eancia uma possibilidade de futuro. Estudei em escola p\u00fablica e no SENAI e, sem condi\u00e7\u00f5es de custear a faculdade, consegui uma bolsa pelo Programa Escola da Fam\u00edlia do governo de SP.<\/p>\n<p>Fui professor de F\u00edsica em escola p\u00fablica por cinco anos. Pela F\u00edsica, cheguei \u00e0 F\u00edsica M\u00e9dica e, depois, \u00e0 Medicina Nuclear. Ali encontrei uma profiss\u00e3o em que uni a ci\u00eancia, tecnologia e impacto na vida das pessoas.<\/p>\n<p>Uma pol\u00edtica p\u00fablica abriu uma porta para mim. Anos depois, entendi que eu deveria levar de volta conhecimento e oportunidade \u00e0s pessoas\u201d.<\/p>\n<p><b>2 &#8211; E como essa forma\u00e7\u00e3o se transformou em uma atua\u00e7\u00e3o t\u00e3o ampla?<\/b><\/p>\n<p>\u201cEm 19 anos, vivi toda a cadeia da Medicina Nuclear: atuei em produ\u00e7\u00e3o de radiois\u00f3topos, radiofarm\u00e1cia, assist\u00eancia hospitalar, pesquisa, log\u00edstica, prote\u00e7\u00e3o radiol\u00f3gica e regula\u00e7\u00e3o. No doutorado, contribu\u00ed no desenvolvimento da produ\u00e7\u00e3o de radiof\u00e1rmacos destinados ao diagn\u00f3stico e estadiamento do c\u00e2ncer de pr\u00f3stata em um hospital p\u00fablico.<\/p>\n<p>Como fundador da <b>MEDICAL ALD<\/b>, empresa de distribui\u00e7\u00e3o e log\u00edstica de radiof\u00e1rmacos, conheci 151 das 453 unidades de Medicina Nuclear do pa\u00eds e, na pr\u00e1tica, diferentes realidades e o caminho da produ\u00e7\u00e3o ao paciente.<\/p>\n<p>Com a m\u00e9dica nuclear, Dra. Mayara Torres, fundamos o <b>MEDICAL ISOTALKS<\/b>, podcast brasileiro dedicado \u00e0 \u00e1rea, que j\u00e1 alcan\u00e7ou 17 pa\u00edses\u201d.<\/p>\n<p><b>3 &#8211; Em que momento percebeu que poderia fazer diferen\u00e7a tamb\u00e9m al\u00e9m da \u00e1rea t\u00e9cnica?<\/b><\/p>\n<p>\u201cQuanto mais eu conhecia servi\u00e7os, profissionais e diferentes realidades, mais percebia que alguns problemas n\u00e3o seriam resolvidos apenas no laborat\u00f3rio, hospital ou empresa.<\/p>\n<p>Os encontros e conselhos de Alexandre Alcantara, deputado federal suplente e vice-presidente da <b>ABDIMA<\/b>, foram importantes. Passei a compreender a articula\u00e7\u00e3o institucional e percebi que minha experi\u00eancia t\u00e9cnica poderia contribuir nas decis\u00f5es sobre ci\u00eancia, inova\u00e7\u00e3o e acesso \u00e0 sa\u00fade.<\/p>\n<p>Ampliei minha atua\u00e7\u00e3o; n\u00e3o mudei de carreira. N\u00e3o deixei a ci\u00eancia para entrar na pol\u00edtica. Continuo sendo f\u00edsico m\u00e9dico, mas percebi que eu tinha que levar o conhecimento que constru\u00ed para outros espa\u00e7os. Hoje, levo a ci\u00eancia para onde as decis\u00f5es que determinam seu futuro s\u00e3o tomadas\u201d.<\/p>\n<p><b>4 &#8211; Sua experi\u00eancia chegou tamb\u00e9m ao debate internacional. O que trouxe dessa viv\u00eancia para o Brasil?<\/b><\/p>\n<p>\u201cAprendi que n\u00e3o basta produzir inova\u00e7\u00e3o: ela precisa chegar ao paciente. Com radiof\u00e1rmacos, isso \u00e9 ainda mais cr\u00edtico, porque lutamos contra o tempo.<\/p>\n<p>Levei \u00e0 Ag\u00eancia Internacional de Energia At\u00f4mica a experi\u00eancia que desenvolvi na MEDICAL ALD com a mitiga\u00e7\u00e3o de <i>denial and delay<\/i> \u2014 recusas e atrasos no transporte de radiof\u00e1rmacos \u2014 e trouxe conhecimento e experi\u00eancias para aproximar operadores, institui\u00e7\u00f5es e profissionais brasileiros.<\/p>\n<p>Deixei de enxergar apenas os elos e passei a enxergar a cadeia inteira e como ci\u00eancia, tecnologia, inova\u00e7\u00e3o e pol\u00edticas p\u00fablicas precisam estar conectadas\u201d.<\/p>\n<p><b>5 &#8211; Ap\u00f3s construir sua trajet\u00f3ria na Medicina Nuclear, o que o levou a ampliar esse horizonte para a medicina avan\u00e7ada?<\/b><\/p>\n<p>\u201cFoi na Medicina Nuclear que entrei em contato com imagem molecular, teran\u00f3stico, radiof\u00e1rmacos, dosimetria e medicina de precis\u00e3o. Nessa trajet\u00f3ria, enxerguei conex\u00f5es com intelig\u00eancia artificial, gen\u00f4mica, terapias g\u00eanicas e celulares, patologia digital, biologia molecular e outras tecnologias.<\/p>\n<p>Percebi que o futuro da sa\u00fade n\u00e3o seria constru\u00eddo em uma \u00fanica especialidade. Para mim, medicina avan\u00e7ada \u00e9 a converg\u00eancia entre ci\u00eancia e tecnologia para tornar diagn\u00f3stico e tratamento mais precisos, personalizados e acess\u00edveis.<\/p>\n<p>Dessa vis\u00e3o nasceu a ABDIMA \u2014 Associa\u00e7\u00e3o Brasileira de Desenvolvimento e Integra\u00e7\u00e3o da Medicina Avan\u00e7ada, que fundei e hoje presido\u201d.<\/p>\n<p><b>6 &#8211; E como o senhor est\u00e1 transformando essa vis\u00e3o em a\u00e7\u00f5es concretas?<\/b><\/p>\n<p>\u201cHoje atuo na interse\u00e7\u00e3o desses campos. Na USP, mantenho minha liga\u00e7\u00e3o com pesquisa; na MEDICAL ALD, atuo com inova\u00e7\u00e3o, novos neg\u00f3cios, distribui\u00e7\u00e3o e log\u00edstica de radiof\u00e1rmacos; na ABDIMA, trabalho para aproximar os atores da medicina avan\u00e7ada.<\/p>\n<p>Tenho levado essa experi\u00eancia ao debate de pol\u00edticas p\u00fablicas. Mantenho interlocu\u00e7\u00e3o com o Congresso Nacional e acompanho discuss\u00f5es como o PL 2167\/2025. Defendo profundamente um Plano Nacional de Desenvolvimento da Medicina Nuclear, conectando produ\u00e7\u00e3o de radiois\u00f3topos, regionaliza\u00e7\u00e3o, descentraliza\u00e7\u00e3o da produ\u00e7\u00e3o de radiof\u00e1rmacos, tipos de radiofarm\u00e1cias, radiof\u00e1rmacos in house, log\u00edstica, forma\u00e7\u00e3o, regula\u00e7\u00e3o e financiamento.<\/p>\n<p>N\u00e3o quero apenas apontar problemas. Quero aproximar pessoas, construir propostas e criar mecanismos para tirar boas ideias do papel\u201d.<\/p>\n<p><b>7 &#8211; Depois de tudo o que construiu, que legado o Dr. Heber Videira gostaria de deixar?<\/b><\/p>\n<p>\u201cEspero que, daqui a dez ou vinte anos, eu veja a Medicina Nuclear distribu\u00edda aos confins do pa\u00eds e que o acesso n\u00e3o dependa mais do CEP do paciente. Quero ver os avan\u00e7os da medicina mais acess\u00edveis, inclusive integrados ao SUS, e continuar sendo f\u00edsico m\u00e9dico, pesquisador e empreendedor, mas tamb\u00e9m algu\u00e9m capaz de conectar ci\u00eancia, inova\u00e7\u00e3o e pol\u00edticas p\u00fablicas.<\/p>\n<p>Sou esposo e pai de dois filhos e penso em legado. Para mim, sucesso n\u00e3o \u00e9 apenas construir uma carreira, participar de projetos ou publicar trabalhos. \u00c9 fazer o conhecimento gerar transforma\u00e7\u00e3o e abrir caminhos, como um dia abriram para mim.<\/p>\n<p>Quando voc\u00ea acredita e ama o que faz, o imposs\u00edvel come\u00e7a a se tornar poss\u00edvel. Quero que outras pessoas tamb\u00e9m acreditem nelas mesmas, como eu aprendi a acreditar em mim.<\/p>\n<p>Quero olhar para tr\u00e1s e perceber que n\u00e3o apenas acompanhei a transforma\u00e7\u00e3o da medicina brasileira, mas fui um dos respons\u00e1veis por essa transforma\u00e7\u00e3o\u201d.<\/p>\n<p>Para conhecer mais, basta acessar: <a href=\"https:\/\/www.instagram.com\/dr_heber_videira\/\" target=\"_blank\">instagram.com\/dr_heber_videira<\/a><\/p>\n<p>Website: <a href=\"https:\/\/www.instagram.com\/dr_heber_videira\/\" target=\"_blank\">https:\/\/www.instagram.com\/dr_heber_videira\/<\/a><\/p>\n<p>Foto: Divulga\u00e7\u00e3o Dr. Heber Videira<\/p>\n<p>A <b>OESP<\/b> n\u00e3o \u00e9(s\u00e3o) respons\u00e1vel(is) por erros, incorre\u00e7\u00f5es, atrasos ou quaisquer decis\u00f5es tomadas por seus clientes com base nos Conte\u00fados ora disponibilizados, bem como tais Conte\u00fados n\u00e3o representam a opini\u00e3o da <b>OESP<\/b> e s\u00e3o de inteira responsabilidade da <b>Knewin Dino<\/b><\/p>\n","protected":false},"excerpt":{"rendered":"Uma bolsa de estudos em escola p\u00fablica abriu o caminho do f\u00edsico m\u00e9dico Heber Sim\u00f5es Videira. Em 19 anos de Medicina Nuclear, ele atuou em produ\u00e7\u00e3o de radiois\u00f3topos, radiofarm\u00e1cia, log\u00edstica","protected":false},"author":1,"featured_media":137907,"comment_status":"open","ping_status":"closed","sticky":false,"template":"","format":"standard","meta":{"_acf_changed":false,"inline_featured_image":false,"_monsterinsights_skip_tracking":false,"_monsterinsights_sitenote_active":false,"_monsterinsights_sitenote_note":"","_monsterinsights_sitenote_category":0,"footnotes":""},"categories":[11470],"tags":[12397,101,300,12392,12398,12395],"class_list":["post-137906","post","type-post","status-publish","format-standard","has-post-thumbnail","hentry","category-knewin-dino","tag-ciencia","tag-economia","tag-negocios","tag-politicas","tag-saude-e-bem-estar","tag-sociedade"],"acf":[],"_links":{"self":[{"href":"https:\/\/bluestudio.estadao.com.br\/agencia-de-comunicacao\/wp-json\/wp\/v2\/posts\/137906","targetHints":{"allow":["GET"]}}],"collection":[{"href":"https:\/\/bluestudio.estadao.com.br\/agencia-de-comunicacao\/wp-json\/wp\/v2\/posts"}],"about":[{"href":"https:\/\/bluestudio.estadao.com.br\/agencia-de-comunicacao\/wp-json\/wp\/v2\/types\/post"}],"author":[{"embeddable":true,"href":"https:\/\/bluestudio.estadao.com.br\/agencia-de-comunicacao\/wp-json\/wp\/v2\/users\/1"}],"replies":[{"embeddable":true,"href":"https:\/\/bluestudio.estadao.com.br\/agencia-de-comunicacao\/wp-json\/wp\/v2\/comments?post=137906"}],"version-history":[{"count":0,"href":"https:\/\/bluestudio.estadao.com.br\/agencia-de-comunicacao\/wp-json\/wp\/v2\/posts\/137906\/revisions"}],"wp:featuredmedia":[{"embeddable":true,"href":"https:\/\/bluestudio.estadao.com.br\/agencia-de-comunicacao\/wp-json\/wp\/v2\/media\/137907"}],"wp:attachment":[{"href":"https:\/\/bluestudio.estadao.com.br\/agencia-de-comunicacao\/wp-json\/wp\/v2\/media?parent=137906"}],"wp:term":[{"taxonomy":"category","embeddable":true,"href":"https:\/\/bluestudio.estadao.com.br\/agencia-de-comunicacao\/wp-json\/wp\/v2\/categories?post=137906"},{"taxonomy":"post_tag","embeddable":true,"href":"https:\/\/bluestudio.estadao.com.br\/agencia-de-comunicacao\/wp-json\/wp\/v2\/tags?post=137906"}],"curies":[{"name":"wp","href":"https:\/\/api.w.org\/{rel}","templated":true}]}}