{"id":137892,"date":"2026-09-01T12:11:00","date_gmt":"2026-09-01T15:11:00","guid":{"rendered":"https:\/\/bluestudio.estadao.com.br\/agencia-de-comunicacao\/knewin-dino\/crise-leva-gigantes-do-varejo-a-recuperacao-judicial\/"},"modified":"2026-09-01T12:11:00","modified_gmt":"2026-09-01T15:11:00","slug":"crise-leva-gigantes-do-varejo-a-recuperacao-judicial","status":"publish","type":"post","link":"https:\/\/bluestudio.estadao.com.br\/agencia-de-comunicacao\/knewin-dino\/crise-leva-gigantes-do-varejo-a-recuperacao-judicial\/","title":{"rendered":"Crise leva gigantes do varejo \u00e0 recupera\u00e7\u00e3o judicial"},"content":{"rendered":"<p>A Casas Bahia protocolou no dia 16 de agosto um pedido de recupera\u00e7\u00e3o judicial envolvendo R$ 17,3 bilh\u00f5es, um dos maiores j\u00e1 registrados no varejo brasileiro. A rede n\u00e3o est\u00e1 sozinha. Um dia antes, a Marabraz havia entrado com pedido semelhante, de R$ 140,2 milh\u00f5es. Em maio, a Tok&amp;Stok j\u00e1 tomara o mesmo caminho, depois de fechar o segundo trimestre com preju\u00edzo de R$ 232,7 milh\u00f5es e queda de 37,3% na receita.<\/p>\n<p>Os casos fazem parte de um movimento mais amplo. De acordo com a Serasa Experian, o pa\u00eds somava 7.726 empresas em recupera\u00e7\u00e3o judicial at\u00e9 junho, alta de 20,5% em doze meses. No varejo, foram 986 companhias apenas no primeiro semestre \u2014 avan\u00e7o de 20,4% na compara\u00e7\u00e3o anual.<\/p>\n<p>Para especialistas, o motor da crise n\u00e3o est\u00e1 nas vendas, mas no custo do cr\u00e9dito. A taxa Selic come\u00e7ou 2026 em 15% ao ano e recuou de forma gradual ao longo dos meses, chegando a 14% em agosto, segundo o Banco Central. Empresas que acumulavam d\u00edvidas desde o ciclo de juros altos iniciado em 2022 passaram a gastar mais para rolar esses compromissos, o que pressionou o caixa.<\/p>\n<p>O aperto tamb\u00e9m atinge o outro lado do balc\u00e3o. Levantamento da Confedera\u00e7\u00e3o Nacional do Com\u00e9rcio (CNC) aponta que 82% das fam\u00edlias brasileiras est\u00e3o endividadas, recorde da s\u00e9rie hist\u00f3rica, com o cart\u00e3o de cr\u00e9dito presente em 85,3% dos casos. Entre as que ganham at\u00e9 tr\u00eas sal\u00e1rios m\u00ednimos, que constituem o p\u00fablico tradicional das grandes redes de eletrodom\u00e9sticos e m\u00f3veis, o \u00edndice chega a 84,9%.<\/p>\n<p>\u00c9 nesse cen\u00e1rio que a recupera\u00e7\u00e3o judicial tem sido acionada. O mecanismo garante \u00e0 empresa um per\u00edodo de prote\u00e7\u00e3o, com a suspens\u00e3o de cobran\u00e7as e execu\u00e7\u00f5es por 180 dias, para renegociar com os credores de forma organizada, sem que o caixa seja pressionado por diversas cobran\u00e7as ao mesmo tempo. No caso da Casas Bahia, o processo envolve mais de 19 mil credores, dos quais\u00a094,8% n\u00e3o possuem garantia real.<\/p>\n<p>&#8220;A recupera\u00e7\u00e3o judicial mudou de significado. Deixou de ser um sinal de vulnerabilidade para se tornar uma decis\u00e3o estrat\u00e9gica de quem quer reorganizar as contas com o respaldo da lei&#8221;, afirma Ant\u00f4nio Frange J\u00fanior, advogado especialista em recupera\u00e7\u00e3o judicial e reestrutura\u00e7\u00e3o de empresas. &#8220;O que essas companhias buscam n\u00e3o \u00e9 um milagre, \u00e9 tempo e previsibilidade para renegociar o passivo. E o que separa uma recupera\u00e7\u00e3o bem conduzida de uma tentativa frustrada \u00e9 o planejamento: quanto antes a empresa desenha a estrat\u00e9gia, maiores as chances de preservar a opera\u00e7\u00e3o, os empregos e a rela\u00e7\u00e3o com os fornecedores.&#8221;<\/p>\n<p>O uso do instrumento por companhias de grande porte, com \u00e1reas jur\u00eddicas estruturadas e acesso a cr\u00e9dito, tem sido interpretado no mercado como uma decis\u00e3o de gest\u00e3o, e n\u00e3o de esgotamento. A avalia\u00e7\u00e3o \u00e9 a de que reorganizar o passivo sob amparo legal se tornou o caminho mais racional enquanto os juros permanecem em um patamar elevado.<\/p>\n<p>A trajet\u00f3ria de queda da Selic deve continuar, mas em ritmo que dificilmente elimina no curto prazo o estoque de d\u00edvidas acumulado. Analistas avaliam que, caso o cr\u00e9dito siga caro, novos pedidos podem surgir nos pr\u00f3ximos meses \u2014 e que a diferen\u00e7a entre as empresas que atravessarem o cen\u00e1rio e as demais tende a estar menos no tamanho do passivo e mais no momento e na forma de reorganiz\u00e1-lo.<\/p>\n<p>Website: <a href=\"https:\/\/frangeadvogados.com.br\/\" target=\"_blank\">https:\/\/frangeadvogados.com.br\/<\/a><\/p>\n<p>Foto: Frange Advogados<\/p>\n<p>A <b>OESP<\/b> n\u00e3o \u00e9(s\u00e3o) respons\u00e1vel(is) por erros, incorre\u00e7\u00f5es, atrasos ou quaisquer decis\u00f5es tomadas por seus clientes com base nos Conte\u00fados ora disponibilizados, bem como tais Conte\u00fados n\u00e3o representam a opini\u00e3o da <b>OESP<\/b> e s\u00e3o de inteira responsabilidade da <b>Knewin Dino<\/b><\/p>\n","protected":false},"excerpt":{"rendered":"A Casas Bahia protocolou no dia 16 de agosto um pedido de recupera\u00e7\u00e3o judicial envolvendo R$ 17,3 bilh\u00f5es, um dos maiores j\u00e1 registrados no varejo brasileiro. A rede n\u00e3o est\u00e1 sozinha. Um dia","protected":false},"author":1,"featured_media":137893,"comment_status":"open","ping_status":"closed","sticky":false,"template":"","format":"standard","meta":{"_acf_changed":false,"inline_featured_image":false,"_monsterinsights_skip_tracking":false,"_monsterinsights_sitenote_active":false,"_monsterinsights_sitenote_note":"","_monsterinsights_sitenote_category":0,"footnotes":""},"categories":[11470],"tags":[12424,12400,101,300,12395],"class_list":["post-137892","post","type-post","status-publish","format-standard","has-post-thumbnail","hentry","category-knewin-dino","tag-agronegocios","tag-atacado-e-varejo","tag-economia","tag-negocios","tag-sociedade"],"acf":[],"_links":{"self":[{"href":"https:\/\/bluestudio.estadao.com.br\/agencia-de-comunicacao\/wp-json\/wp\/v2\/posts\/137892","targetHints":{"allow":["GET"]}}],"collection":[{"href":"https:\/\/bluestudio.estadao.com.br\/agencia-de-comunicacao\/wp-json\/wp\/v2\/posts"}],"about":[{"href":"https:\/\/bluestudio.estadao.com.br\/agencia-de-comunicacao\/wp-json\/wp\/v2\/types\/post"}],"author":[{"embeddable":true,"href":"https:\/\/bluestudio.estadao.com.br\/agencia-de-comunicacao\/wp-json\/wp\/v2\/users\/1"}],"replies":[{"embeddable":true,"href":"https:\/\/bluestudio.estadao.com.br\/agencia-de-comunicacao\/wp-json\/wp\/v2\/comments?post=137892"}],"version-history":[{"count":0,"href":"https:\/\/bluestudio.estadao.com.br\/agencia-de-comunicacao\/wp-json\/wp\/v2\/posts\/137892\/revisions"}],"wp:featuredmedia":[{"embeddable":true,"href":"https:\/\/bluestudio.estadao.com.br\/agencia-de-comunicacao\/wp-json\/wp\/v2\/media\/137893"}],"wp:attachment":[{"href":"https:\/\/bluestudio.estadao.com.br\/agencia-de-comunicacao\/wp-json\/wp\/v2\/media?parent=137892"}],"wp:term":[{"taxonomy":"category","embeddable":true,"href":"https:\/\/bluestudio.estadao.com.br\/agencia-de-comunicacao\/wp-json\/wp\/v2\/categories?post=137892"},{"taxonomy":"post_tag","embeddable":true,"href":"https:\/\/bluestudio.estadao.com.br\/agencia-de-comunicacao\/wp-json\/wp\/v2\/tags?post=137892"}],"curies":[{"name":"wp","href":"https:\/\/api.w.org\/{rel}","templated":true}]}}