{"id":137878,"date":"2026-09-01T11:15:00","date_gmt":"2026-09-01T14:15:00","guid":{"rendered":"https:\/\/bluestudio.estadao.com.br\/agencia-de-comunicacao\/knewin-dino\/stone-leva-solucoes-e-dados-ineditos-para-o-salao-abrasel\/"},"modified":"2026-09-01T11:15:00","modified_gmt":"2026-09-01T14:15:00","slug":"stone-leva-solucoes-e-dados-ineditos-para-o-salao-abrasel","status":"publish","type":"post","link":"https:\/\/bluestudio.estadao.com.br\/agencia-de-comunicacao\/knewin-dino\/stone-leva-solucoes-e-dados-ineditos-para-o-salao-abrasel\/","title":{"rendered":"Stone leva solu\u00e7\u00f5es e dados in\u00e9ditos para o Sal\u00e3o Abrasel"},"content":{"rendered":"<p>Quem est\u00e1 \u00e0 frente de um bar ou restaurante precisa cuidar de muita coisa ao mesmo tempo: vender, conectar sistemas, organizar as finan\u00e7as, acompanhar os resultados e decidir os pr\u00f3ximos passos. \u00c9 com essa rotina em mente que a Stone, o banco para quem empreende, vai participar do Sal\u00e3o Abrasel 2026, nos dias 15 e 16 de setembro, no Pavilh\u00e3o Ciccillo Matarazzo, na Bienal do Ibirapuera, em S\u00e3o Paulo.<\/p>\n<p>Como uma das principais apoiadoras do evento, a Stone vai apresentar uma experi\u00eancia organizada em quatro etapas que fazem parte do dia a dia de quem empreende no setor: <b>Vender, Conectar, Gerir e Crescer<\/b>.<\/p>\n<p>Em <b>Vender<\/b>, os participantes poder\u00e3o conhecer solu\u00e7\u00f5es que apoiam o recebimento e a opera\u00e7\u00e3o das vendas. Em <b>Conectar<\/b>, ver\u00e3o como a integra\u00e7\u00e3o com sistemas de gest\u00e3o e outras ferramentas pode facilitar a rotina. Na etapa <b>Gerir<\/b>, ter\u00e3o contato com recursos como a Conta PJ e o Raio X, que ajudam a acompanhar e organizar as informa\u00e7\u00f5es financeiras. E, em <b>Crescer<\/b>, poder\u00e3o simular alternativas financeiras para diferentes momentos e necessidades do neg\u00f3cio.<\/p>\n<p>\u201cQuem toca um bar ou restaurante j\u00e1 tem muita coisa para resolver todos os dias. Nosso papel \u00e9 ajudar a simplificar essa rotina e dar mais informa\u00e7\u00e3o para decis\u00f5es importantes. Quando juntamos ferramentas para cuidar da opera\u00e7\u00e3o com dados sobre o mercado, conseguimos apoiar o dono de neg\u00f3cio tanto no dia a dia quanto na hora de pensar no pr\u00f3ximo passo\u201d, afirma Guilherme Freitas, pesquisador e economista da Stone.<\/p>\n<p><b>Dados para decidir melhor<\/b><\/p>\n<p>Al\u00e9m de conhecer as solu\u00e7\u00f5es da Stone, quem passar pelo estande ter\u00e1 acesso aos dados in\u00e9ditos de agosto do <b>\u00cdndice Abrasel-Stone<\/b>, levantamento realizado em parceria com a Associa\u00e7\u00e3o Brasileira de Bares e Restaurantes (Abrasel) que acompanha mensalmente o desempenho do setor de alimenta\u00e7\u00e3o fora do lar em 24 estados brasileiros.<\/p>\n<p>Os participantes tamb\u00e9m poder\u00e3o receber um relat\u00f3rio f\u00edsico exclusivo com dados e an\u00e1lises sobre bares e restaurantes. A ideia \u00e9 colocar informa\u00e7\u00f5es sobre o mercado na m\u00e3o de quem toma decis\u00f5es todos os dias, ajudando empreendedores a entender o cen\u00e1rio do setor, identificar oportunidades e se preparar para os pr\u00f3ximos meses.<\/p>\n<p>O tema tamb\u00e9m estar\u00e1 na programa\u00e7\u00e3o oficial do Sal\u00e3o Abrasel. No dia 15 de setembro, \u00e0s 13h45, na Arena Keeta, Guilherme Freitas participa do painel <b>\u201cMapeando 2027: o que fazer hoje na gest\u00e3o para n\u00e3o ser pego de surpresa no ano que vem\u201d<\/b>, ao lado de Daniel Lucco, CEO e cofundador da La Braciera, e Marcelo Marani, CEO da Donos de Restaurantes.<\/p>\n<p>A conversa vai passar por temas que j\u00e1 est\u00e3o entrando na agenda de bares e restaurantes, como mudan\u00e7as tribut\u00e1rias, novas tecnologias, intelig\u00eancia artificial e mudan\u00e7as no comportamento do consumidor. O foco ser\u00e1 discutir o que os donos de neg\u00f3cio podem come\u00e7ar a olhar agora para chegar a 2027 mais preparados.<\/p>\n<p>Em sua primeira edi\u00e7\u00e3o, o Sal\u00e3o Abrasel 2026 espera receber 12 mil visitas ao longo dos dois dias, reunindo empreendedores, gestores, fornecedores e lideran\u00e7as de diferentes regi\u00f5es do pa\u00eds.<\/p>\n<p><b>Sobre a Stone<\/b><\/p>\n<p>Com cerca de 5 milh\u00f5es de clientes em todo o Brasil, a Stone \u00e9 uma das principais empresas de tecnologia financeira do pa\u00eds, com um portf\u00f3lio completo de produtos especializados para as necessidades de quem vende no f\u00edsico ou no digital. O seu ecossistema integra conta PJ, maquininha e meios de pagamento, gest\u00e3o e diferentes linhas de cr\u00e9dito e investimentos, com destaque para o atendimento humano em 5 segundos e presen\u00e7a de agentes em todo o pa\u00eds. Fundada em 2014 e listada na Nasdaq (NASDAQ: STNE), a Stone \u00e9 a primeira empresa brasileira a centralizar servi\u00e7os financeiros e de gest\u00e3o exclusivamente para quem empreende.<\/p>\n<p><b>Sobre a Abrasel<\/b><\/p>\n<p>A Associa\u00e7\u00e3o Brasileira de Bares e Restaurantes (Abrasel) \u00e9 uma organiza\u00e7\u00e3o de cunho associativo empresarial que tem como miss\u00e3o representar e desenvolver o setor de alimenta\u00e7\u00e3o fora do lar, contribuindo com a constru\u00e7\u00e3o de um Brasil mais simples de se empreender e melhor para se viver.<\/p>\n<p><b>Servi\u00e7o:<\/b><\/p>\n<p>Evento: Sal\u00e3o Abrasel 2026<\/p>\n<p>Data: 15 e 16 de setembro de 2026<\/p>\n<p>Local: Pavilh\u00e3o Ciccillo Matarazzo, Bienal do Ibirapuera, S\u00e3o Paulo (SP)<\/p>\n<p>Realiza\u00e7\u00e3o: Abrasel<\/p>\n<p>Apresentado por: Ambev, Keeta e Stone<\/p>\n<p>Mais informa\u00e7\u00f5es: <a href=\"http:\/\/salaoabrasel.com.br\" target=\"_blank\">salaoabrasel.com.br\ufeff<\/a><\/p>\n<p>Website: <a href=\"https:\/\/www.abrasel.com.br\" target=\"_blank\">https:\/\/www.abrasel.com.br<\/a><\/p>\n<p>Foto: Stone\/divulga\u00e7\u00e3o<\/p>\n<p>A <b>OESP<\/b> n\u00e3o \u00e9(s\u00e3o) respons\u00e1vel(is) por erros, incorre\u00e7\u00f5es, atrasos ou quaisquer decis\u00f5es tomadas por seus clientes com base nos Conte\u00fados ora disponibilizados, bem como tais Conte\u00fados n\u00e3o representam a opini\u00e3o da <b>OESP<\/b> e s\u00e3o de inteira responsabilidade da <b>Knewin Dino<\/b><\/p>\n","protected":false},"excerpt":{"rendered":"Quem est\u00e1 \u00e0 frente de um bar ou restaurante precisa cuidar de muita coisa ao mesmo tempo: vender, conectar sistemas, organizar as finan\u00e7as, acompanhar os resultados e decidir os pr\u00f3ximos passos.","protected":false},"author":1,"featured_media":137879,"comment_status":"open","ping_status":"closed","sticky":false,"template":"","format":"standard","meta":{"_acf_changed":false,"inline_featured_image":false,"_monsterinsights_skip_tracking":false,"_monsterinsights_sitenote_active":false,"_monsterinsights_sitenote_note":"","_monsterinsights_sitenote_category":0,"footnotes":""},"categories":[11470],"tags":[101,12391,118,300,47],"class_list":["post-137878","post","type-post","status-publish","format-standard","has-post-thumbnail","hentry","category-knewin-dino","tag-economia","tag-empreendedorismo","tag-gastronomia","tag-negocios","tag-tecnologia"],"acf":[],"_links":{"self":[{"href":"https:\/\/bluestudio.estadao.com.br\/agencia-de-comunicacao\/wp-json\/wp\/v2\/posts\/137878","targetHints":{"allow":["GET"]}}],"collection":[{"href":"https:\/\/bluestudio.estadao.com.br\/agencia-de-comunicacao\/wp-json\/wp\/v2\/posts"}],"about":[{"href":"https:\/\/bluestudio.estadao.com.br\/agencia-de-comunicacao\/wp-json\/wp\/v2\/types\/post"}],"author":[{"embeddable":true,"href":"https:\/\/bluestudio.estadao.com.br\/agencia-de-comunicacao\/wp-json\/wp\/v2\/users\/1"}],"replies":[{"embeddable":true,"href":"https:\/\/bluestudio.estadao.com.br\/agencia-de-comunicacao\/wp-json\/wp\/v2\/comments?post=137878"}],"version-history":[{"count":0,"href":"https:\/\/bluestudio.estadao.com.br\/agencia-de-comunicacao\/wp-json\/wp\/v2\/posts\/137878\/revisions"}],"wp:featuredmedia":[{"embeddable":true,"href":"https:\/\/bluestudio.estadao.com.br\/agencia-de-comunicacao\/wp-json\/wp\/v2\/media\/137879"}],"wp:attachment":[{"href":"https:\/\/bluestudio.estadao.com.br\/agencia-de-comunicacao\/wp-json\/wp\/v2\/media?parent=137878"}],"wp:term":[{"taxonomy":"category","embeddable":true,"href":"https:\/\/bluestudio.estadao.com.br\/agencia-de-comunicacao\/wp-json\/wp\/v2\/categories?post=137878"},{"taxonomy":"post_tag","embeddable":true,"href":"https:\/\/bluestudio.estadao.com.br\/agencia-de-comunicacao\/wp-json\/wp\/v2\/tags?post=137878"}],"curies":[{"name":"wp","href":"https:\/\/api.w.org\/{rel}","templated":true}]}}