{"id":137866,"date":"2026-09-01T10:12:00","date_gmt":"2026-09-01T13:12:00","guid":{"rendered":"https:\/\/bluestudio.estadao.com.br\/agencia-de-comunicacao\/prnewswire\/a-tumi-revela-a-colecao-outono-inverno-2026-com-uma-campanha-que-acompanha-a-trajetoria-de-lando-norris-rumo-a-novos-patamares-de-excelencia\/"},"modified":"2026-09-01T10:12:00","modified_gmt":"2026-09-01T13:12:00","slug":"a-tumi-revela-a-colecao-outono-inverno-2026-com-uma-campanha-que-acompanha-a-trajetoria-de-lando-norris-rumo-a-novos-patamares-de-excelencia","status":"publish","type":"post","link":"https:\/\/bluestudio.estadao.com.br\/agencia-de-comunicacao\/prnewswire\/a-tumi-revela-a-colecao-outono-inverno-2026-com-uma-campanha-que-acompanha-a-trajetoria-de-lando-norris-rumo-a-novos-patamares-de-excelencia\/","title":{"rendered":"A TUMI REVELA A COLE\u00c7\u00c3O OUTONO\/INVERNO 2026 COM UMA CAMPANHA QUE ACOMPANHA A TRAJET\u00d3RIA DE LANDO NORRIS RUMO A NOVOS PATAMARES DE EXCEL\u00caNCIA"},"content":{"rendered":"\n<div class=\"xn-content\">\n<p class=\"prntac\"><i>Esta temporada apresenta o verde-alpino, a camuflagem din\u00e2mica e tons neutros terrosos, capturando o esp\u00edrito da ascens\u00e3o.<\/i><\/p>\n<p><span class=\"legendSpanClass\">NOVA YORK<\/span>, <span class=\"legendSpanClass\">1 de setembro de 2026<\/span> \/PRNewswire\/ &#8212; A TUMI, marca internacional de viagens, estilo de vida e acess\u00f3rios, lan\u00e7a hoje sua campanha e a cole\u00e7\u00e3o da temporada de Outono\/Inverno 2026, inspiradas no relevo acidentado das regi\u00f5es alpinas. A temporada destaca as silhuetas ic\u00f4nicas da TUMI em sua sele\u00e7\u00e3o de cores inspiradas nos elementos da natureza, enquanto a nova cole\u00e7\u00e3o TUMI Axis apresenta bolsas para o dia a dia desenvolvidas para o minimalista moderno. A campanha acompanha dois viajantes &#8212; o embaixador global da TUMI h\u00e1 muitos anos e piloto da equipe McLaren Mastercard de F\u00f3rmula 1, Lando Norris, e um parceiro de viagem &#8212; que personificam a cren\u00e7a fundamental da TUMI de que a busca pela excel\u00eancia nunca termina e de que sempre h\u00e1 um novo patamar a ser alcan\u00e7ado.<\/p>\n<div class=\"PRN_ImbeddedAssetReference\" id=\"DivAssetPlaceHolder2743\">\n<img decoding=\"async\" src=\"https:\/\/mmx.prnewswire.com\/media\/MS1965696\/TUMI-Lando-Norris.jpg?id=OA2834586\" title=\"Lando Norris \u00e9 fotografado com a mochila Alpha TUMI Brief Pack e a mala de bordo expans\u00edvel Alpha Dual Access com 4 rodas\" alt=\"Lando Norris \u00e9 fotografado com a mochila Alpha TUMI Brief Pack e a mala de bordo expans\u00edvel Alpha Dual Access com 4 rodas\" \/><\/p>\n<\/div>\n<p>Dirigida por Valentin Florian e fotografada por Theo Gosselin, a cole\u00e7\u00e3o Outono\/Inverno 2026 estabelece imediatamente uma sensa\u00e7\u00e3o de lugar nas deslumbrantes terras altas da Esc\u00f3cia. Aqui, o terreno acidentado encontra a eleg\u00e2ncia discreta, refletindo a est\u00e9tica inspirada nos elementos naturais da esta\u00e7\u00e3o.<\/p>\n<p>&#8220;H\u00e1 sempre outro pico a alcan\u00e7ar, outro objetivo a perseguir.&#8221; Lando Norris afirmou: &#8220;Essa motiva\u00e7\u00e3o \u00e9 algo que a TUMI e eu compartilhamos, e eu a percebo em cada bolsa TUMI que carrego.&#8221;<\/p>\n<p>A \u00faltima gera\u00e7\u00e3o da TUMI Alpha, lan\u00e7ada na primavera passada, evolui com novas interpreta\u00e7\u00f5es de silhuetas j\u00e1 consagradas, inspiradas em uma paleta de cores envolvente. A temporada \u00e9 marcada por cole\u00e7\u00f5es emblem\u00e1ticas em cores-chave: Verde-pinho profundo presente nas linhas 19 Degree, 19 Degree Front Access, Harrison e Alpha. Os tons verde-alpino e pau-rosa conferem profundidade ao nylon e ao couro Voyageur, enquanto uma estampa camuflada din\u00e2mica est\u00e1 dispon\u00edvel na linha expandida de silhuetas da cole\u00e7\u00e3o Alpha. As cole\u00e7\u00f5es Alpha Bravo, Olas, Adatto e os acess\u00f3rios Belden e Nassau s\u00e3o ainda mais embasados em tons neutros e terrosos.<\/p>\n<p>O minimalismo caracter\u00edstico da linha Harrison ganha novo interesse visual com a adi\u00e7\u00e3o de detalhes em couro tran\u00e7ado em modelos-chave e couro texturizado em um sofisticado tom conhaque, redefinindo o minimalismo para o viajante moderno. A cole\u00e7\u00e3o se expande nesta temporada com novas combina\u00e7\u00f5es de cores e materiais, que v\u00e3o do tom acolhedor de cognac bombe \u00e0 textura refinada de taupe\/black woven, al\u00e9m de novas vers\u00f5es mais compactas que trazem a linha Harrison para o dia a dia.<\/p>\n<p>Estreando tamb\u00e9m nesta temporada, a linha TUMI Axis apresenta uma cole\u00e7\u00e3o minimalista e enxuta, criada para o desempenho moderno do dia a dia. Com um design clean e uma constru\u00e7\u00e3o leve, a linha Axis oferece um sistema de organiza\u00e7\u00e3o que mant\u00e9m tudo no lugar em quatro modelos vers\u00e1teis &#8212; dispon\u00edveis nas cores preto, azul-marinho, cinza-cimento e preto refletivo.<\/p>\n<p>Dando continuidade \u00e0 linha feminina da TUMI, a cole\u00e7\u00e3o Voyageur Leather, a rec\u00e9m-lan\u00e7ada bolsa Adatto Tote, fabricada na It\u00e1lia, e os novos modelos das linhas Olas e Agent oferecem \u00e0 mulher moderna op\u00e7\u00f5es desenvolvidas para sua pr\u00f3pria ascens\u00e3o. Cada pe\u00e7a \u00e9 projetada para a mulher que conquista seus pr\u00f3prios objetivos, perfeita para qualquer jornada, em suas pr\u00f3prias condi\u00e7\u00f5es.<\/p>\n<p>&#8220;Esta temporada \u00e9 inspirada pela serena confian\u00e7a dos Alpes&#8221;, disse Victor Sanz, Diretor Criativo da TUMI.  &#8220;Em vez de buscarmos o excesso, quer\u00edamos explorar a ideia de eleva\u00e7\u00e3o por meio de um design cuidadosamente elaborado. A cole\u00e7\u00e3o reflete uma sensa\u00e7\u00e3o de calma, precis\u00e3o e prop\u00f3sito, onde cada detalhe \u00e9 pensado com uma inten\u00e7\u00e3o espec\u00edfica e cada produto \u00e9 projetado para ter um desempenho excepcional. \u00c9 um lembrete de que o verdadeiro luxo n\u00e3o se trata de ser mais extravagante, mas sim de ser melhor. Quer\u00edamos transmitir esse sentimento por meio desta cole\u00e7\u00e3o de outono.&#8221;<\/p>\n<p>Mais do que uma campanha sazonal, o Outono\/Inverno 2026 \u00e9 um marco global para a marca. Nos principais mercados, a TUMI dar\u00e1 vida ao seu universo alpino por meio de experi\u00eancias imersivas, ativa\u00e7\u00f5es e conte\u00fados que eliminam a linha divis\u00f3ria entre aspira\u00e7\u00e3o e funcionalidade. Na TUMI, desempenho e luxo nunca foram conceitos mutuamente excludentes. Eles s\u00e3o o padr\u00e3o. Nesta temporada, esse padr\u00e3o atinge novos patamares.<\/p>\n<p><b>DESTAQUES DO PRODUTO<\/b><\/p>\n<p><b>Cole\u00e7\u00e3o 19 Degree <br \/><\/b>&#8212; Uma cole\u00e7\u00e3o de policarbonato inspirada nos Alpes que traz uma sensa\u00e7\u00e3o de evas\u00e3o para as viagens modernas. Cada pe\u00e7a equilibra design escultural com durabilidade e leveza, mantendo o foco da TUMI em desempenho, funcionalidade e fluidez de movimento.<\/p>\n<p>Dispon\u00edvel em: Mala de bordo expans\u00edvel, mala de bordo grande, mala despachada grande expans\u00edvel, mala de bordo expans\u00edvel com acesso frontal, mala de bordo grande expans\u00edvel com acesso frontal, mala despachada m\u00e9dia expans\u00edvel com acesso frontal e mala despachada grande expans\u00edvel com acesso frontal.<\/p>\n<p>Cores: Verde-pinho e sal<\/p>\n<p><b>Voyageur Q Tote <br \/><\/b>&#8212; Uma bolsa vers\u00e1til para o dia a dia, desenvolvida para migrar facilmente entre viagens e a vida cotidiana. Agora confeccionada em couro macio e com detalhes refinados, a bolsa Q-Tote eleva seu apelo para o dia a dia &#8212; combinando materiais de alto padr\u00e3o com organiza\u00e7\u00e3o pr\u00e1tica e uma silhueta elegante, ideal para o trabalho, fins de semana e viagens.<\/p>\n<p>Cores: Preto\/gunmetal, preto\/dourado, rosewood e sienna.<\/p>\n<p><b>Cole\u00e7\u00e3o TUMI Alpha <br \/><\/b>&#8212; A mais recente gera\u00e7\u00e3o da Alpha, lan\u00e7ada na primavera passada, chega em uma paleta atmosf\u00e9rica de outono\/inverno com Verde-pinho profundo, Camuflagem florestal e Cinza refletivo em seus principais modelos: A mala de bordo Dual Access, a mala de viagem Double Expansion e a mochila TUMI Brief Pack(TM).<\/p>\n<p>Cores: Verde-pinho profundo, camuflagem florestal, cinza refletivo<\/p>\n<p><b>Cole\u00e7\u00e3o TUMI Harrison <\/b> <br \/>&#8212; A cole\u00e7\u00e3o Harrison expande-se no outono de 2026 com novos materiais, cores e modelos para o p\u00fablico minimalista moderno. A cor Cognac Bombe passa a integrar a cole\u00e7\u00e3o permanentemente, enquanto a textura refinada de Taupe\/Black Woven traz a constru\u00e7\u00e3o em tecido de inspira\u00e7\u00e3o europeia para as linhas limpas e arquitet\u00f4nicas da cole\u00e7\u00e3o. Duas novas silhuetas &#8212; a bolsa transversal pequena Macri e a mochila transversal Thatcher &#8212; ampliam as possibilidades de uso da Harrison.<\/p>\n<p>Cores: Cognac bombe, taupe\/black woven, verde-pinho profundo bombe, tinta\/camur\u00e7a.<\/p>\n<p><b>Sobre a TUMI <br \/><\/b>Desde 1975, a TUMI vem criando itens essenciais de luxo de classe mundial para neg\u00f3cios, viagens e desempenho, desenvolvidos para atualizar, descomplicar e embelezar todos os aspectos da vida em movimento. Combinando funcionalidade impec\u00e1vel com um esp\u00edrito criativo, estamos empenhados em ser um parceiro para toda a vida de todos aqueles que fazem e acontecem em busca de suas paix\u00f5es. Para saber mais sobre a TUMI, visite TUMI.com e siga-nos no Instagram, TikTok, Facebook e YouTube.<\/p>\n<p>TUMI e o logotipo TUMI s\u00e3o marcas registradas da Tumi, Inc. \u00a9 2026 Tumi, Inc.<\/p>\n<p><b>Assessoria de imprensa da TUMI <br \/><\/b>TUMI PR | <a href=\"mailto:pr@tumi.com\" target=\"_blank\" rel=\"nofollow\">pr@tumi.com<\/a> <br \/>Karla Otto para TUMI | <a href=\"mailto:tumi@karlaotto.com\" target=\"_blank\" rel=\"nofollow\">tumi@karlaotto.com<\/a><\/p>\n<div class=\"PRN_ImbeddedAssetReference\" id=\"DivAssetPlaceHolder2\">\n<img decoding=\"async\" src=\"https:\/\/mmx.prnewswire.com\/media\/MS1965697\/TUMI-19-Degree-Collection.jpg?id=OA2834587\" title=\"Cole\u00e7\u00e3o 19 Degree na cor verde-pinho\" alt=\"Cole\u00e7\u00e3o 19 Degree na cor verde-pinho\" \/><\/p>\n<\/div>\n<div class=\"PRN_ImbeddedAssetReference\" id=\"DivAssetPlaceHolder0\">\n<img decoding=\"async\" src=\"https:\/\/mmx.prnewswire.com\/media\/MS352797\/TUMI-Logo.jpg?id=OA2834585\" title=\"TUMI Logo (PRNewsFoto\/TUMI)\" alt=\"TUMI Logo (PRNewsFoto\/TUMI)\" \/>\n  <\/p>\n<\/div>\n<p id=\"PURL\"><img loading=\"lazy\" decoding=\"async\" title=\"Cision\" width=\"12\" height=\"12\" alt=\"Cision\" src=\"https:\/\/edge.prnewswire.com\/c\/img\/favicon.png?sn=PT21319&amp;sd=2026-09-01\" \/> View original content to download multimedia:<a id=\"PRNURL\" rel=\"nofollow\" href=\"https:\/\/www.prnewswire.com\/br\/comunicados-para-a-imprensa\/a-tumi-revela-a-colecao-outonoinverno-2026-com-uma-campanha-que-acompanha-a-trajetoria-de-lando-norris-rumo-a-novos-patamares-de-excelencia-302865348.html\" target=\"_blank\">https:\/\/www.prnewswire.com\/br\/comunicados-para-a-imprensa\/a-tumi-revela-a-colecao-outonoinverno-2026-com-uma-campanha-que-acompanha-a-trajetoria-de-lando-norris-rumo-a-novos-patamares-de-excelencia-302865348.html<\/a><\/p>\n<p>FONTE Tumi, Inc.<\/p>\n<\/div>\n<p>  <img decoding=\"async\" alt=\"\" src=\"https:\/\/rt.prnewswire.com\/rt.gif?NewsItemId=PT21319&amp;Transmission_Id=202609010900PR_NEWS_LATAM____PT21319&amp;DateId=20260901\" style=\"border:0px;width:1px;height:1px\" \/><\/p>\n<p><strong>T\u00f3picos Relacionados:<\/strong> Novos Produtos\/Servi\u00e7os, T\u00eaxteis, Moda, Varejo<\/p>\n<p>A <b>OESP<\/b> n\u00e3o \u00e9(s\u00e3o) respons\u00e1vel(is) por erros, incorre\u00e7\u00f5es, atrasos ou quaisquer decis\u00f5es tomadas por seus clientes com base nos Conte\u00fados ora disponibilizados, bem como tais Conte\u00fados n\u00e3o representam a opini\u00e3o da <b>OESP<\/b> e s\u00e3o de inteira responsabilidade da <b>PR Newswire Ltda<\/b><\/p>\n","protected":false},"excerpt":{"rendered":"Esta temporada apresenta o verde-alpino, a camuflagem din\u00e2mica e tons neutros terrosos, capturando o esp\u00edrito da ascens\u00e3o. NOVA YORK, 1 de setembro de 2026 \/PRNewswire\/ &#8212; A TUMI, marca","protected":false},"author":1,"featured_media":137867,"comment_status":"open","ping_status":"closed","sticky":false,"template":"","format":"standard","meta":{"_acf_changed":false,"inline_featured_image":false,"_monsterinsights_skip_tracking":false,"_monsterinsights_sitenote_active":false,"_monsterinsights_sitenote_note":"","_monsterinsights_sitenote_category":0,"footnotes":""},"categories":[27],"tags":[12844,12845,12843],"class_list":["post-137866","post","type-post","status-publish","format-standard","has-post-thumbnail","hentry","category-prnewswire","tag-a-camuflagem-dinamica-e-tons-neutros-terrosos","tag-capturando-o-espirito-da-ascensao","tag-esta-temporada-apresenta-o-verde-alpino"],"acf":[],"_links":{"self":[{"href":"https:\/\/bluestudio.estadao.com.br\/agencia-de-comunicacao\/wp-json\/wp\/v2\/posts\/137866","targetHints":{"allow":["GET"]}}],"collection":[{"href":"https:\/\/bluestudio.estadao.com.br\/agencia-de-comunicacao\/wp-json\/wp\/v2\/posts"}],"about":[{"href":"https:\/\/bluestudio.estadao.com.br\/agencia-de-comunicacao\/wp-json\/wp\/v2\/types\/post"}],"author":[{"embeddable":true,"href":"https:\/\/bluestudio.estadao.com.br\/agencia-de-comunicacao\/wp-json\/wp\/v2\/users\/1"}],"replies":[{"embeddable":true,"href":"https:\/\/bluestudio.estadao.com.br\/agencia-de-comunicacao\/wp-json\/wp\/v2\/comments?post=137866"}],"version-history":[{"count":0,"href":"https:\/\/bluestudio.estadao.com.br\/agencia-de-comunicacao\/wp-json\/wp\/v2\/posts\/137866\/revisions"}],"wp:featuredmedia":[{"embeddable":true,"href":"https:\/\/bluestudio.estadao.com.br\/agencia-de-comunicacao\/wp-json\/wp\/v2\/media\/137867"}],"wp:attachment":[{"href":"https:\/\/bluestudio.estadao.com.br\/agencia-de-comunicacao\/wp-json\/wp\/v2\/media?parent=137866"}],"wp:term":[{"taxonomy":"category","embeddable":true,"href":"https:\/\/bluestudio.estadao.com.br\/agencia-de-comunicacao\/wp-json\/wp\/v2\/categories?post=137866"},{"taxonomy":"post_tag","embeddable":true,"href":"https:\/\/bluestudio.estadao.com.br\/agencia-de-comunicacao\/wp-json\/wp\/v2\/tags?post=137866"}],"curies":[{"name":"wp","href":"https:\/\/api.w.org\/{rel}","templated":true}]}}