{"id":137862,"date":"2026-09-01T09:40:00","date_gmt":"2026-09-01T12:40:00","guid":{"rendered":"https:\/\/bluestudio.estadao.com.br\/agencia-de-comunicacao\/knewin-dino\/motochefe-chega-a-100a-unidade-e-celebra-expansao-no-pais\/"},"modified":"2026-09-01T09:40:00","modified_gmt":"2026-09-01T12:40:00","slug":"motochefe-chega-a-100a-unidade-e-celebra-expansao-no-pais","status":"publish","type":"post","link":"https:\/\/bluestudio.estadao.com.br\/agencia-de-comunicacao\/knewin-dino\/motochefe-chega-a-100a-unidade-e-celebra-expansao-no-pais\/","title":{"rendered":"MotoChefe chega \u00e0 100\u00aa unidade e celebra expans\u00e3o no pa\u00eds"},"content":{"rendered":"<p>A MotoChefe, l\u00edder do segmento de mobilidade el\u00e9trica leve, acaba de chegar \u00e0 marca de <b>100 lojas em opera\u00e7\u00e3o no Brasil<\/b>, consolidando um dos ciclos de maior expans\u00e3o da empresa desde sua funda\u00e7\u00e3o, em 2019. Somente nos primeiros sete meses de 2026, foram abertas <b>44 novas unidades<\/b>, e a companhia prev\u00ea acelerar ainda mais o ritmo no segundo semestre com outras <b>50 inaugura\u00e7\u00f5es previstas at\u00e9 dezembro<\/b>.\u00a0<\/p>\n<p>Com o movimento, a empresa projeta chegar ao final de 2026 com aproximadamente <b>150 unidades em opera\u00e7\u00e3o<\/b> no pa\u00eds. O avan\u00e7o da rede tamb\u00e9m contribui para movimentar as economias locais nas cidades onde a MotoChefe passa a operar, com a gera\u00e7\u00e3o de novos postos de trabalho diretos e indiretos ligados \u00e0s lojas, \u00e0s opera\u00e7\u00f5es comerciais, aos servi\u00e7os e \u00e0 cadeia de fornecedores.<\/p>\n<p>\u201cChegar a 100 lojas \u00e9 um marco importante para a MotoChefe, mas o que mais nos chama aten\u00e7\u00e3o \u00e9 a velocidade com que conseguimos construir essa rede. Estamos encontrando demanda em diferentes regi\u00f5es do pa\u00eds e entendemos que ter presen\u00e7a f\u00edsica \u00e9 fundamental para um mercado que ainda est\u00e1 em processo de expans\u00e3o e de conhecimento por parte do consumidor. Nosso objetivo \u00e9 estar cada vez mais pr\u00f3ximos das pessoas, oferecendo acesso aos produtos, atendimento e p\u00f3s-venda. Chegar a 150 unidades at\u00e9 o final do ano \u00e9 um passo importante nessa estrat\u00e9gia e mostra o quanto acreditamos no potencial da mobilidade el\u00e9trica leve no Brasil\u201d, afirma Fl\u00e1vio Drapal, diretor comercial da MotoChefe.<\/p>\n<p>O crescimento da rede tamb\u00e9m acompanha a evolu\u00e7\u00e3o da pr\u00f3pria opera\u00e7\u00e3o da MotoChefe. Fundada em 2019, a empresa atua com uma estrutura nacional que inclui uma montadora pr\u00f3pria na Zona Franca de Manaus, centros de distribui\u00e7\u00e3o e uma rede de revendas autorizadas.\u00a0<\/p>\n<p><b>Sobre a MotoChefe<\/b><\/p>\n<p>Fundada em 2019, a MotoChefe \u00e9 uma empresa brasileira especializada em solu\u00e7\u00f5es de mobilidade el\u00e9trica. Pioneira na comercializa\u00e7\u00e3o de scooters el\u00e9tricas no pa\u00eds, a companhia atua para transformar a forma como as pessoas se deslocam nos centros urbanos, oferecendo alternativas inteligentes, sustent\u00e1veis e acess\u00edveis.<\/p>\n<p>Com montadora pr\u00f3pria na Zona Franca de Manaus, a empresa alia produ\u00e7\u00e3o nacional, controle de qualidade e efici\u00eancia log\u00edstica para atender todo o Brasil. Atualmente, a institui\u00e7\u00e3o soma mais de 300 mil produtos vendidos, est\u00e1 presente em 100 unidades, conta com cerca de 310 pontos de revenda autorizados, cinco centros de distribui\u00e7\u00e3o e um portf\u00f3lio de 30 modelos de scooters e bicicletas el\u00e9tricas, consolidando-se como uma das principais refer\u00eancias nacionais em mobilidade el\u00e9trica.<\/p>\n<p>Foto: Divulga\u00e7\u00e3o MotoChefe<\/p>\n<p>A <b>OESP<\/b> n\u00e3o \u00e9(s\u00e3o) respons\u00e1vel(is) por erros, incorre\u00e7\u00f5es, atrasos ou quaisquer decis\u00f5es tomadas por seus clientes com base nos Conte\u00fados ora disponibilizados, bem como tais Conte\u00fados n\u00e3o representam a opini\u00e3o da <b>OESP<\/b> e s\u00e3o de inteira responsabilidade da <b>Knewin Dino<\/b><\/p>\n","protected":false},"excerpt":{"rendered":"A MotoChefe, l\u00edder do segmento de mobilidade el\u00e9trica leve, acaba de chegar \u00e0 marca de 100 lojas em opera\u00e7\u00e3o no Brasil, consolidando um dos ciclos de maior expans\u00e3o da empresa desde sua","protected":false},"author":1,"featured_media":137863,"comment_status":"open","ping_status":"closed","sticky":false,"template":"","format":"standard","meta":{"_acf_changed":false,"inline_featured_image":false,"_monsterinsights_skip_tracking":false,"_monsterinsights_sitenote_active":false,"_monsterinsights_sitenote_note":"","_monsterinsights_sitenote_category":0,"footnotes":""},"categories":[11470],"tags":[12400,12407,54,300,233],"class_list":["post-137862","post","type-post","status-publish","format-standard","has-post-thumbnail","hentry","category-knewin-dino","tag-atacado-e-varejo","tag-industrias","tag-mobilidade","tag-negocios","tag-transporte"],"acf":[],"_links":{"self":[{"href":"https:\/\/bluestudio.estadao.com.br\/agencia-de-comunicacao\/wp-json\/wp\/v2\/posts\/137862","targetHints":{"allow":["GET"]}}],"collection":[{"href":"https:\/\/bluestudio.estadao.com.br\/agencia-de-comunicacao\/wp-json\/wp\/v2\/posts"}],"about":[{"href":"https:\/\/bluestudio.estadao.com.br\/agencia-de-comunicacao\/wp-json\/wp\/v2\/types\/post"}],"author":[{"embeddable":true,"href":"https:\/\/bluestudio.estadao.com.br\/agencia-de-comunicacao\/wp-json\/wp\/v2\/users\/1"}],"replies":[{"embeddable":true,"href":"https:\/\/bluestudio.estadao.com.br\/agencia-de-comunicacao\/wp-json\/wp\/v2\/comments?post=137862"}],"version-history":[{"count":0,"href":"https:\/\/bluestudio.estadao.com.br\/agencia-de-comunicacao\/wp-json\/wp\/v2\/posts\/137862\/revisions"}],"wp:featuredmedia":[{"embeddable":true,"href":"https:\/\/bluestudio.estadao.com.br\/agencia-de-comunicacao\/wp-json\/wp\/v2\/media\/137863"}],"wp:attachment":[{"href":"https:\/\/bluestudio.estadao.com.br\/agencia-de-comunicacao\/wp-json\/wp\/v2\/media?parent=137862"}],"wp:term":[{"taxonomy":"category","embeddable":true,"href":"https:\/\/bluestudio.estadao.com.br\/agencia-de-comunicacao\/wp-json\/wp\/v2\/categories?post=137862"},{"taxonomy":"post_tag","embeddable":true,"href":"https:\/\/bluestudio.estadao.com.br\/agencia-de-comunicacao\/wp-json\/wp\/v2\/tags?post=137862"}],"curies":[{"name":"wp","href":"https:\/\/api.w.org\/{rel}","templated":true}]}}