{"id":137828,"date":"2026-08-31T18:24:00","date_gmt":"2026-08-31T21:24:00","guid":{"rendered":"https:\/\/bluestudio.estadao.com.br\/agencia-de-comunicacao\/knewin-dino\/agrolend-amplia-atuacao-institucional-nos-eventos-do-agro\/"},"modified":"2026-08-31T18:24:00","modified_gmt":"2026-08-31T21:24:00","slug":"agrolend-amplia-atuacao-institucional-nos-eventos-do-agro","status":"publish","type":"post","link":"https:\/\/bluestudio.estadao.com.br\/agencia-de-comunicacao\/knewin-dino\/agrolend-amplia-atuacao-institucional-nos-eventos-do-agro\/","title":{"rendered":"Agrolend amplia atua\u00e7\u00e3o institucional nos eventos do Agro"},"content":{"rendered":"<p>A Agrolend, institui\u00e7\u00e3o financeira focada no agroneg\u00f3cio em todo o Brasil, tem intensificado sua participa\u00e7\u00e3o nos principais eventos do setor como parte de uma estrat\u00e9gia para estar fisicamente pr\u00f3xima de todos os p\u00fablicos que movimentam o campo. De grandes congressos nacionais a feiras regionais em polos estrat\u00e9gicos, a companhia entende que a presen\u00e7a nesses espa\u00e7os \u00e9 essencial para compreender as reais necessidades de cada elo da cadeia e construir solu\u00e7\u00f5es de cr\u00e9dito cada vez mais \u00e1geis, customizadas e conectadas \u00e0 din\u00e2mica do agro brasileiro.<\/p>\n<p>Essa agenda ganha relev\u00e2ncia em um cen\u00e1rio de profunda transforma\u00e7\u00e3o no cr\u00e9dito rural. Ap\u00f3s ampliarem a concess\u00e3o ao agroneg\u00f3cio entre 2017 e 2022, os grandes bancos passaram a adotar uma postura mais cautelosa nos \u00faltimos anos. Na avalia\u00e7\u00e3o de Alan Glezer, co-CEO da Agrolend, esse movimento impulsiona a procura por institui\u00e7\u00f5es privadas e plataformas especializadas no financiamento rural.<\/p>\n<p>Durante 2026, a Agrolend consolidou sua participa\u00e7\u00e3o em eventos que refletem a diversidade do agroneg\u00f3cio nacional. Na Expert XP 2026, a empresa recebeu mais de mil visitantes em seu estande nos tr\u00eas dias de programa\u00e7\u00e3o em S\u00e3o Paulo, muitos deles j\u00e1 entre os mais de 50 mil depositantes de suas LCAs e CDBs. A iniciativa refor\u00e7ou a crescente aten\u00e7\u00e3o do investidor brasileiro \u00e0s oportunidades de renda fixa com lastro no agroneg\u00f3cio, tema que a Expert, ali\u00e1s, reconheceu ao criar, pela primeira vez, uma \u00e1rea inteiramente dedicada ao setor.<\/p>\n<p>Marcando presen\u00e7a pelo quinto ano no Congresso Andav, a empresa apresentou linhas de cr\u00e9dito customizadas para clientes, investidores e parceiros da distribui\u00e7\u00e3o de insumos. A rota da Agrolend incluiu tamb\u00e9m polos estrat\u00e9gicos da produ\u00e7\u00e3o: a companhia esteve na Show Safra, em Lucas do Rio Verde (MT), e na Coplacampo, em Piracicaba (SP), estreitando la\u00e7os com o cooperativismo e parceiros industriais. Para completar a agenda, no Conacredi Agro Road Show, em Ribeir\u00e3o Preto, o cofundador e CSO Carlos Fagundes debateu o tema ao lado de revendas e cooperativas no painel \u201cRepensando a pol\u00edtica de cr\u00e9dito\u201d.<\/p>\n<p>\u201cEstar presente nesses eventos, de norte a sul do pa\u00eds, \u00e9 parte essencial da nossa atua\u00e7\u00e3o. \u00c9 no contato direto com cada elo da cadeia que entendemos as necessidades de cada uma delas e desenvolvemos solu\u00e7\u00f5es alinhadas ao momento do Agro\u201d, afirma Carlos Fagundes, cofundador e diretor comercial da Agrolend.<\/p>\n<p><b>Compromisso com diversidade e desenvolvimento do setor<\/b><\/p>\n<p>A agenda de eventos expressa, ainda, valores fundamentais do DNA da companhia. Pelo segundo ano consecutivo, a Agrolend esteve ao lado do encontro Mulheres do Agro, realizado em paralelo \u00e0 Agrishow, em Ribeir\u00e3o Preto. A iniciativa soma-se ao lan\u00e7amento do projeto Agrolend por Elas, em parceria com o Instituto N\u00f3s por Elas, consolidando o compromisso da empresa com a equidade de g\u00eanero no campo. Al\u00e9m disso, a companhia incentivou a imers\u00e3o presencial do Cumbre Agro para C-Levels, apostando na educa\u00e7\u00e3o e na forma\u00e7\u00e3o de lideran\u00e7as como grandes motores de transforma\u00e7\u00e3o do setor.<\/p>\n<p>Fundada em 2020 e regulada pelo Banco Central do Brasil, a Agrolend encerrou 2025 com uma carteira de R$ 968 milh\u00f5es e projeta alcan\u00e7ar R$ 2 bilh\u00f5es em 2026. Para a companhia, a proximidade com o setor, em grandes congressos ou em feiras regionais, \u00e9 o que sustenta a constru\u00e7\u00e3o de um cr\u00e9dito mais estruturado, diversificado e compat\u00edvel com a capacidade de cada cliente, contribuindo para um agro mais moderno, diverso e desenvolvido.<\/p>\n<p>Para saber mais sobre a Agrolend, basta acompanhar a empresa\u00a0pelas redes sociais no <a href=\"https:\/\/www.instagram.com\/agrolend_brasil\/\" target=\"_blank\">https:\/\/www.instagram.com\/agrolend_brasil\/<\/a> e <a href=\"https:\/\/www.linkedin.com\/company\/agrolend\" target=\"_blank\">linkedin.com\/company\/agrolend<\/a>.<\/p>\n<p>\u00a0<\/p>\n<p>\u00a0<\/p>\n<p>Website: <a href=\"https:\/\/www.agrolend.agr.br\" target=\"_blank\">https:\/\/www.agrolend.agr.br<\/a><\/p>\n<p>Foto: Divulga\u00e7\u00e3o Agrolend<\/p>\n<p>A <b>OESP<\/b> n\u00e3o \u00e9(s\u00e3o) respons\u00e1vel(is) por erros, incorre\u00e7\u00f5es, atrasos ou quaisquer decis\u00f5es tomadas por seus clientes com base nos Conte\u00fados ora disponibilizados, bem como tais Conte\u00fados n\u00e3o representam a opini\u00e3o da <b>OESP<\/b> e s\u00e3o de inteira responsabilidade da <b>Knewin Dino<\/b><\/p>\n","protected":false},"excerpt":{"rendered":"A Agrolend, institui\u00e7\u00e3o financeira focada no agroneg\u00f3cio em todo o Brasil, tem intensificado sua participa\u00e7\u00e3o nos principais eventos do setor como parte de uma estrat\u00e9gia para estar fisicamente","protected":false},"author":1,"featured_media":137829,"comment_status":"open","ping_status":"closed","sticky":false,"template":"","format":"standard","meta":{"_acf_changed":false,"inline_featured_image":false,"_monsterinsights_skip_tracking":false,"_monsterinsights_sitenote_active":false,"_monsterinsights_sitenote_note":"","_monsterinsights_sitenote_category":0,"footnotes":""},"categories":[11470],"tags":[12424,101,12391,300,12395],"class_list":["post-137828","post","type-post","status-publish","format-standard","has-post-thumbnail","hentry","category-knewin-dino","tag-agronegocios","tag-economia","tag-empreendedorismo","tag-negocios","tag-sociedade"],"acf":[],"_links":{"self":[{"href":"https:\/\/bluestudio.estadao.com.br\/agencia-de-comunicacao\/wp-json\/wp\/v2\/posts\/137828","targetHints":{"allow":["GET"]}}],"collection":[{"href":"https:\/\/bluestudio.estadao.com.br\/agencia-de-comunicacao\/wp-json\/wp\/v2\/posts"}],"about":[{"href":"https:\/\/bluestudio.estadao.com.br\/agencia-de-comunicacao\/wp-json\/wp\/v2\/types\/post"}],"author":[{"embeddable":true,"href":"https:\/\/bluestudio.estadao.com.br\/agencia-de-comunicacao\/wp-json\/wp\/v2\/users\/1"}],"replies":[{"embeddable":true,"href":"https:\/\/bluestudio.estadao.com.br\/agencia-de-comunicacao\/wp-json\/wp\/v2\/comments?post=137828"}],"version-history":[{"count":0,"href":"https:\/\/bluestudio.estadao.com.br\/agencia-de-comunicacao\/wp-json\/wp\/v2\/posts\/137828\/revisions"}],"wp:featuredmedia":[{"embeddable":true,"href":"https:\/\/bluestudio.estadao.com.br\/agencia-de-comunicacao\/wp-json\/wp\/v2\/media\/137829"}],"wp:attachment":[{"href":"https:\/\/bluestudio.estadao.com.br\/agencia-de-comunicacao\/wp-json\/wp\/v2\/media?parent=137828"}],"wp:term":[{"taxonomy":"category","embeddable":true,"href":"https:\/\/bluestudio.estadao.com.br\/agencia-de-comunicacao\/wp-json\/wp\/v2\/categories?post=137828"},{"taxonomy":"post_tag","embeddable":true,"href":"https:\/\/bluestudio.estadao.com.br\/agencia-de-comunicacao\/wp-json\/wp\/v2\/tags?post=137828"}],"curies":[{"name":"wp","href":"https:\/\/api.w.org\/{rel}","templated":true}]}}