{"id":137798,"date":"2026-08-31T15:00:00","date_gmt":"2026-08-31T18:00:00","guid":{"rendered":"https:\/\/bluestudio.estadao.com.br\/agencia-de-comunicacao\/agencia-memoria-da-eletricidade\/axia-energia-apoia-compensacao-das-emissoes-de-carbono-do-rock-in-rio-2026\/"},"modified":"2026-08-31T15:00:00","modified_gmt":"2026-08-31T18:00:00","slug":"axia-energia-apoia-compensacao-das-emissoes-de-carbono-do-rock-in-rio-2026","status":"publish","type":"post","link":"https:\/\/bluestudio.estadao.com.br\/agencia-de-comunicacao\/agencia-memoria-da-eletricidade\/axia-energia-apoia-compensacao-das-emissoes-de-carbono-do-rock-in-rio-2026\/","title":{"rendered":"AXIA Energia apoia compensa\u00e7\u00e3o das emiss\u00f5es de carbono do Rock in Rio 2026"},"content":{"rendered":"<p>Parceria prev\u00ea cr\u00e9ditos de carbono, certificados de energia renov\u00e1vel e doa\u00e7\u00e3o de 15 mil mudas e de mais de 1 milh\u00e3o de sementes para a\u00e7\u00f5es de reflorestamento<\/p>\n<p>Grandes festivais de m\u00fasica mobilizam milhares de pessoas, transporte e equipamentos e estruturas tempor\u00e1rias, o que eleva o consumo de energia pode resultar em emiss\u00e3o de gases de efeito estufa. A partir disso, com uma parceria com a AXIA Energia, o Rock in Rio 2026 pretende compensar as emiss\u00f5es de carbono relacionadas \u00e0 opera\u00e7\u00e3o do evento e ao deslocamento do p\u00fablico<\/p>\n<p>Na edi\u00e7\u00e3o de 2024, foram 50 mil toneladas de CO\u2082 neutralizadas. O plano de descarboniza\u00e7\u00e3o da AXIA considera as emiss\u00f5es geradas dentro da Cidade do Rock e amplia o alcance para incluir o trajeto realizado pelos f\u00e3s entre suas casas e o evento. Foi estruturado em tr\u00eas frentes: utiliza\u00e7\u00e3o de cr\u00e9ditos de carbono certificados, emiss\u00e3o de Certificados de Energia Renov\u00e1vel e doa\u00e7\u00e3o de mudas e sementes para programas de reflorestamento.<\/p>\n<p>Segundo a AXIA Energia, o s cr\u00e9ditos de carbono gerados a partir de energia renov\u00e1vel ser\u00e3o provenientes da Usina Hidrel\u00e9trica Teles Pires, localizada entre Par\u00e1 e Mato Grosso, que est\u00e1 entre as <a href=\"https:\/\/memoriadaeletricidade.com.br\/blog\/145195\/conheca-as-10-maiores-usinas-do-brasil-segundo-a-aneel\" target=\"_blank\"><u>10 maiores do Brasil<\/u><\/a>. Cada cr\u00e9dito representa uma tonelada de di\u00f3xido de carbono equivalente ( CO\u2082e ) cuja emiss\u00e3o foi reduzida ou evitada por um projeto certificado.<\/p>\n<p><i>UHE Teles Pires, da AXIA Energia, vista de cima. Foto: Divulga\u00e7\u00e3o<\/i><\/p>\n<figure>\n  <img decoding=\"async\" src=\"https:\/\/www.estadaoconteudo.com.br\/RSS\/images\/AME20260831150011563609-axiaenergiaapoia-1.jpg\" alt=\"Divulga\u00e7\u00e3o 1\"><figcaption>Divulga\u00e7\u00e3o 1<\/figcaption><\/figure>\n<p>Outra frente da parceria \u00e9 volt ada \u00e0 eletricidade consumida durante o event o. Como o Brasil possui um Sistema Interligado Nacional (SIN), no qual a eletricidade produzida por diferentes fontes \u00e9 integrada \u00e0 mesma rede, n\u00e3o \u00e9 poss\u00edvel determinar fisicamente de qual usina veio a energia consumid a. Assim, para comprovar a gera\u00e7\u00e3o de energia limpa em quantidade equivalente ao consumo el\u00e9trico do festival, a AXIA utilizar\u00e1 Certificados de Energia Renov\u00e1vel (RECFY). Cada certificado corresponde a 1 MWh produzido a partir de fonte renov\u00e1vel e inserido no sistema.<\/p>\n<p>Segundo a empresa, o processo \u00e9 realizado a partir de rastreabilidade por blockchain, auditoria independente da Bureau Veritas e selo CCEE Origem, a linhado ao Programa Brasileiro GHG Protocol e \u00e0 ISO 14064.<\/p>\n<p><b>Da Amaz\u00f4nia para projetos de reflorestamento<\/b><\/p>\n<p>A terceira frente acrescenta uma dimens\u00e3o de restaura\u00e7\u00e3o ambiental: a AXIA prev\u00ea a doa\u00e7\u00e3o de 15 mil mudas e mais de 1 milh\u00e3o de sementes para programas de reflorestamento, ap\u00f3s o festival. O material ser\u00e1 proveniente da Ilha de Germoplasma mantida pela companhia na Amaz\u00f4nia.<\/p>\n<p>Localizada no Par\u00e1 e vinculada \u00e0s a\u00e7\u00f5es ambientais de Tucuru\u00ed, a \u00e1rea funciona como um banco gen\u00e9tico vivo de esp\u00e9cies nativas. De acordo com dados divulgados pela empresa, a ilha abriga aproximadamente 100 mil \u00e1rvores de mais de 220 esp\u00e9cies. Entre as esp\u00e9cies cultivadas est\u00e3o castanha-do-par\u00e1, a\u00e7a\u00ed, ing\u00e1, morotot\u00f3, cupua\u00e7u, copa\u00edba, ip\u00ea-amarelo e mogno.<\/p>\n<p>A estrutura j\u00e1 \u00e9 utilizada para produ\u00e7\u00e3o e doa\u00e7\u00e3o de mudas destinadas \u00e0 restaura\u00e7\u00e3o ambiental. Segundo a companhia, somente em 2025 foram doadas 88,8 mil mudas para reflorestamento.<\/p>\n<p>A iniciativa d\u00e1 continuidade \u00e0s a\u00e7\u00f5es de descarboniza\u00e7\u00e3o do Rock in Rio, que desde 2006 compensa as emis s\u00f5es. O diferencial desta edi\u00e7\u00e3o, segundo a organiza\u00e7\u00e3o, \u00e9 a amplia\u00e7\u00e3o desse c\u00e1lculo para considerar o deslocamento do p\u00fablico.<\/p>\n<p>O Rock in Rio 2026 ocorrer\u00e1 dos dias 4 a 7 e 11 a 13 de setembro, no Parque Ol\u00edmpico, localizado na Barra da Tijuca, na Zona Sudoeste do Rio de Janeiro.<\/p>\n<p>A <b>OESP<\/b> n\u00e3o \u00e9(s\u00e3o) respons\u00e1vel(is) por erros, incorre\u00e7\u00f5es, atrasos ou quaisquer decis\u00f5es tomadas por seus clientes com base nos Conte\u00fados ora disponibilizados, bem como tais Conte\u00fados n\u00e3o representam a opini\u00e3o da <b>OESP<\/b> e s\u00e3o de inteira responsabilidade da <b>Ag\u00eancia Mem\u00f3ria da Eletricidade<\/b><\/p>\n","protected":false},"excerpt":{"rendered":"Parceria prev\u00ea cr\u00e9ditos de carbono, certificados de energia renov\u00e1vel e doa\u00e7\u00e3o de 15 mil mudas e de mais de 1 milh\u00e3o de sementes para a\u00e7\u00f5es de reflorestamento Grandes festivais de m\u00fasica","protected":false},"author":1,"featured_media":137799,"comment_status":"open","ping_status":"closed","sticky":false,"template":"","format":"standard","meta":{"_acf_changed":false,"inline_featured_image":false,"_monsterinsights_skip_tracking":false,"_monsterinsights_sitenote_active":false,"_monsterinsights_sitenote_note":"","_monsterinsights_sitenote_category":0,"footnotes":""},"categories":[1680],"tags":[],"class_list":["post-137798","post","type-post","status-publish","format-standard","has-post-thumbnail","hentry","category-agencia-memoria-da-eletricidade"],"acf":[],"_links":{"self":[{"href":"https:\/\/bluestudio.estadao.com.br\/agencia-de-comunicacao\/wp-json\/wp\/v2\/posts\/137798","targetHints":{"allow":["GET"]}}],"collection":[{"href":"https:\/\/bluestudio.estadao.com.br\/agencia-de-comunicacao\/wp-json\/wp\/v2\/posts"}],"about":[{"href":"https:\/\/bluestudio.estadao.com.br\/agencia-de-comunicacao\/wp-json\/wp\/v2\/types\/post"}],"author":[{"embeddable":true,"href":"https:\/\/bluestudio.estadao.com.br\/agencia-de-comunicacao\/wp-json\/wp\/v2\/users\/1"}],"replies":[{"embeddable":true,"href":"https:\/\/bluestudio.estadao.com.br\/agencia-de-comunicacao\/wp-json\/wp\/v2\/comments?post=137798"}],"version-history":[{"count":0,"href":"https:\/\/bluestudio.estadao.com.br\/agencia-de-comunicacao\/wp-json\/wp\/v2\/posts\/137798\/revisions"}],"wp:featuredmedia":[{"embeddable":true,"href":"https:\/\/bluestudio.estadao.com.br\/agencia-de-comunicacao\/wp-json\/wp\/v2\/media\/137799"}],"wp:attachment":[{"href":"https:\/\/bluestudio.estadao.com.br\/agencia-de-comunicacao\/wp-json\/wp\/v2\/media?parent=137798"}],"wp:term":[{"taxonomy":"category","embeddable":true,"href":"https:\/\/bluestudio.estadao.com.br\/agencia-de-comunicacao\/wp-json\/wp\/v2\/categories?post=137798"},{"taxonomy":"post_tag","embeddable":true,"href":"https:\/\/bluestudio.estadao.com.br\/agencia-de-comunicacao\/wp-json\/wp\/v2\/tags?post=137798"}],"curies":[{"name":"wp","href":"https:\/\/api.w.org\/{rel}","templated":true}]}}