{"id":137794,"date":"2026-08-31T12:46:00","date_gmt":"2026-08-31T15:46:00","guid":{"rendered":"https:\/\/bluestudio.estadao.com.br\/agencia-de-comunicacao\/knewin-dino\/amend-apresenta-lancamentos-durante-a-beauty-fair-2026\/"},"modified":"2026-08-31T12:46:00","modified_gmt":"2026-08-31T15:46:00","slug":"amend-apresenta-lancamentos-durante-a-beauty-fair-2026","status":"publish","type":"post","link":"https:\/\/bluestudio.estadao.com.br\/agencia-de-comunicacao\/knewin-dino\/amend-apresenta-lancamentos-durante-a-beauty-fair-2026\/","title":{"rendered":"Amend apresenta lan\u00e7amentos durante a Beauty Fair 2026"},"content":{"rendered":"<p>A Amend participa da Beauty Fair 2026, realizada de 5 a 8 de setembro, no Expo Center Norte, em S\u00e3o Paulo. O evento re\u00fane empresas, profissionais e especialistas dos segmentos de beleza e cuidados pessoais. Nesta edi\u00e7\u00e3o, a marca apresenta tr\u00eas novos produtos: M\u00e1scara Teia Nutritiva, Fluido Modelador Segura a Onda e S\u00e9rum Repara\u00e7\u00e3o Noturna.<\/p>\n<p>Com mais de 32 anos de atua\u00e7\u00e3o no mercado brasileiro, a Amend estar\u00e1 presente em um estande de 180 m\u00b2, com espa\u00e7os dedicados \u00e0 apresenta\u00e7\u00e3o dos lan\u00e7amentos e atividades voltadas a profissionais, creators e visitantes. A participa\u00e7\u00e3o ocorre em um momento de amplia\u00e7\u00e3o do portf\u00f3lio da marca, com produtos direcionados a diferentes etapas da rotina capilar.<\/p>\n<p>\u201cA Beauty Fair \u00e9 um dos principais momentos do calend\u00e1rio de beleza no Brasil e representa uma oportunidade de estarmos pr\u00f3ximos de profissionais, parceiros, consumidores e de todo o ecossistema que movimenta o setor. Para a Amend, a participa\u00e7\u00e3o tamb\u00e9m permite apresentar produtos desenvolvidos a partir de diferentes necessidades da rotina de cuidados com os cabelos\u201d, afirma Jo\u00e3o Paulo Chaccur, CEO da Amend.<\/p>\n<p>Entre os lan\u00e7amentos apresentados no evento est\u00e1 a M\u00e1scara Teia Nutritiva, que combina o efeito teia \u00e0 tecnologia Hydra Tech. Segundo a marca, a tecnologia contribui para a distribui\u00e7\u00e3o dos ativos durante a aplica\u00e7\u00e3o e para a hidrata\u00e7\u00e3o dos fios.<\/p>\n<p>O Fluido Modelador Segura a Onda \u00e9 destinado a diferentes tipos de cabelo e pode ser utilizado tanto para a defini\u00e7\u00e3o de ondas e cachos naturais quanto em produ\u00e7\u00f5es realizadas com t\u00e9cnicas de modelagem, incluindo babyliss e m\u00e9todos sem calor. A f\u00f3rmula tamb\u00e9m possui prote\u00e7\u00e3o t\u00e9rmica e auxilia no controle do frizz.<\/p>\n<p>O terceiro lan\u00e7amento \u00e9 o S\u00e9rum Repara\u00e7\u00e3o Noturna, desenvolvido para integrar o cuidado capilar ao per\u00edodo de sono. O produto tem como proposta incorporar uma etapa de reconstru\u00e7\u00e3o \u00e0 rotina noturna, sem a necessidade de uma etapa adicional no dia.<\/p>\n<p>A Beauty Fair 2026 acontece de 5 a 8 de setembro, no Expo Center Norte, em S\u00e3o Paulo. A programa\u00e7\u00e3o re\u00fane marcas e profissionais do setor de beleza e inclui \u00e1reas dedicadas a diferentes categorias da ind\u00fastria.<\/p>\n<p><b>Produtos:<\/b><\/p>\n<p>M\u00e1scara Teia Nutritiva | 250g (R$ 69,90)<\/p>\n<p>Fluido Modelador Segura a Onda | 180ml (R$ 89,90)<\/p>\n<p>S\u00e9rum Repara\u00e7\u00e3o Noturna | 180ml (R$ 62,90)<\/p>\n<p>Dispon\u00edveis em:\u00a0<a href=\"https:\/\/www.amend.com.br\/home\/?utm_source=google_ads&amp;utm_medium=cpc&amp;utm_campaign=institucional_search&amp;utm_content=ad2&amp;gad_source=1&amp;gad_campaignid=19705151263&amp;gbraid=0AAAAADkU-UC9EIz9qYOh69HbBj7yarP8C&amp;gclid=Cj0KCQjw5JXFBhCrARIsAL1ckPvZKC6kPEnveM8051pjRfl718EoDdEeMc8z9caoiClIw4HrGB82DcIaAsdWEALw_wcB\" target=\"_blank\">www.amend.com.br<\/a>, perfumarias e farm\u00e1cias de todo o Brasil.<\/p>\n<p><b>Servi\u00e7o:<\/b><\/p>\n<p>Evento: Amend na Beauty Fair 2026<\/p>\n<p>Data: 5 a 8 de setembro de 2026<\/p>\n<p>Hor\u00e1rio: dia 5, das 12h \u00e0s 20h, e dias 6, 7 e 8, das 10h \u00e0s 20h<\/p>\n<p>Local: Estandes J25, Setor Trade, Expo Center Norte (Rua Jos\u00e9 Bernardo Pinto, 333 &#8211; Vila Guilherme, S\u00e3o Paulo &#8211; SP, 02055-000)<\/p>\n<p>Instagram e TikTok: @amend_oficial e @amend_internacional<\/p>\n<p>Foto: Gustavo Awad &#8211; Divulga\u00e7\u00e3o Amend<\/p>\n<p>A <b>OESP<\/b> n\u00e3o \u00e9(s\u00e3o) respons\u00e1vel(is) por erros, incorre\u00e7\u00f5es, atrasos ou quaisquer decis\u00f5es tomadas por seus clientes com base nos Conte\u00fados ora disponibilizados, bem como tais Conte\u00fados n\u00e3o representam a opini\u00e3o da <b>OESP<\/b> e s\u00e3o de inteira responsabilidade da <b>Knewin Dino<\/b><\/p>\n","protected":false},"excerpt":{"rendered":"A Amend participa da Beauty Fair 2026, realizada de 5 a 8 de setembro, no Expo Center Norte, em S\u00e3o Paulo. O evento re\u00fane empresas, profissionais e especialistas dos segmentos de beleza e cuidados","protected":false},"author":1,"featured_media":137795,"comment_status":"open","ping_status":"closed","sticky":false,"template":"","format":"standard","meta":{"_acf_changed":false,"inline_featured_image":false,"_monsterinsights_skip_tracking":false,"_monsterinsights_sitenote_active":false,"_monsterinsights_sitenote_note":"","_monsterinsights_sitenote_category":0,"footnotes":""},"categories":[11470],"tags":[12405,112,12401,300,12398],"class_list":["post-137794","post","type-post","status-publish","format-standard","has-post-thumbnail","hentry","category-knewin-dino","tag-eventos","tag-marketing","tag-moda","tag-negocios","tag-saude-e-bem-estar"],"acf":[],"_links":{"self":[{"href":"https:\/\/bluestudio.estadao.com.br\/agencia-de-comunicacao\/wp-json\/wp\/v2\/posts\/137794","targetHints":{"allow":["GET"]}}],"collection":[{"href":"https:\/\/bluestudio.estadao.com.br\/agencia-de-comunicacao\/wp-json\/wp\/v2\/posts"}],"about":[{"href":"https:\/\/bluestudio.estadao.com.br\/agencia-de-comunicacao\/wp-json\/wp\/v2\/types\/post"}],"author":[{"embeddable":true,"href":"https:\/\/bluestudio.estadao.com.br\/agencia-de-comunicacao\/wp-json\/wp\/v2\/users\/1"}],"replies":[{"embeddable":true,"href":"https:\/\/bluestudio.estadao.com.br\/agencia-de-comunicacao\/wp-json\/wp\/v2\/comments?post=137794"}],"version-history":[{"count":0,"href":"https:\/\/bluestudio.estadao.com.br\/agencia-de-comunicacao\/wp-json\/wp\/v2\/posts\/137794\/revisions"}],"wp:featuredmedia":[{"embeddable":true,"href":"https:\/\/bluestudio.estadao.com.br\/agencia-de-comunicacao\/wp-json\/wp\/v2\/media\/137795"}],"wp:attachment":[{"href":"https:\/\/bluestudio.estadao.com.br\/agencia-de-comunicacao\/wp-json\/wp\/v2\/media?parent=137794"}],"wp:term":[{"taxonomy":"category","embeddable":true,"href":"https:\/\/bluestudio.estadao.com.br\/agencia-de-comunicacao\/wp-json\/wp\/v2\/categories?post=137794"},{"taxonomy":"post_tag","embeddable":true,"href":"https:\/\/bluestudio.estadao.com.br\/agencia-de-comunicacao\/wp-json\/wp\/v2\/tags?post=137794"}],"curies":[{"name":"wp","href":"https:\/\/api.w.org\/{rel}","templated":true}]}}