{"id":137788,"date":"2026-08-31T14:03:00","date_gmt":"2026-08-31T17:03:00","guid":{"rendered":"https:\/\/bluestudio.estadao.com.br\/agencia-de-comunicacao\/knewin-dino\/energia-solar-blindagem-contra-alta-na-conta-de-luz\/"},"modified":"2026-08-31T14:03:00","modified_gmt":"2026-08-31T17:03:00","slug":"energia-solar-blindagem-contra-alta-na-conta-de-luz","status":"publish","type":"post","link":"https:\/\/bluestudio.estadao.com.br\/agencia-de-comunicacao\/knewin-dino\/energia-solar-blindagem-contra-alta-na-conta-de-luz\/","title":{"rendered":"Energia solar: blindagem contra alta na conta de luz"},"content":{"rendered":"<p>A Aneel manteve a <a href=\"https:\/\/www.cnnbrasil.com.br\/infra\/aneel-bandeira-tarifaria-setembro-2026\/\" target=\"_blank\">bandeira amarela <\/a>em setembro pelo quinto m\u00eas consecutivo. A decis\u00e3o ocorre devido ao per\u00edodo seco, que reduz os reservat\u00f3rios das hidrel\u00e9tricas e exige o acionamento de usinas termel\u00e9tricas, mais caras. Com a tarifa amarela, haver\u00e1 uma cobran\u00e7a adicional de R$ 1,885 a cada 100 kWh consumidos.<\/p>\n<p>Criado em 2015, o sistema de bandeiras tarif\u00e1rias reflete os custos de gera\u00e7\u00e3o e se divide em quatro n\u00edveis: verde (sem custo extra), amarela (custo moderado), vermelha patamar 1 (custo alto) e vermelha patamar 2 (custo muito alto). Na perspectiva estrat\u00e9gica da <a href=\"https:\/\/noticias.ecopower.com.br\/ecopower-destaca-solidez-e-alerta-para-crises-no-setor-solar\/\" target=\"_blank\">EcoPower Efici\u00eancia Energ\u00e9tica<\/a>, investir em energia solar no cen\u00e1rio socioecon\u00f4mico atual vai al\u00e9m do fator ambiental: trata-se de uma medida de prote\u00e7\u00e3o patrimonial, efici\u00eancia operacional e previsibilidade financeira.<\/p>\n<p><b>Estrat\u00e9gias financeiras contra a volatilidade tarif\u00e1ria<\/b><\/p>\n<p>Com reajustes tarif\u00e1rios hist\u00f3ricos que superam a infla\u00e7\u00e3o m\u00e9dia, a <a href=\"https:\/\/powernews.eco.br\/energia-solar-e-baterias\/\" target=\"_blank\">depend\u00eancia<\/a> da rede el\u00e9trica convencional exp\u00f5e or\u00e7amentos dom\u00e9sticos e corporativos ao risco constante do acionamento de usinas termel\u00e9tricas e bandeiras tarif\u00e1rias adicionais. Assim, a micro e minigera\u00e7\u00e3o distribu\u00edda permite transformar um custo fixo incontrol\u00e1vel em um ativo rent\u00e1vel com retorno sobre o investimento (ROI) atrativo.<\/p>\n<p>&#8220;A instabilidade econ\u00f4mica do pa\u00eds, agravada pelas constantes altera\u00e7\u00f5es nas bandeiras tarif\u00e1rias e pela press\u00e3o inflacion\u00e1ria, exige que fam\u00edlias, empresas, ind\u00fastrias e o setor rural reavaliem com urg\u00eancia suas matrizes de custos operacionais. N\u00f3s enxergamos a energia solar fotovoltaica n\u00e3o apenas como uma escolha sustent\u00e1vel, mas como uma estrat\u00e9gia indispens\u00e1vel de prote\u00e7\u00e3o financeira. Em qualquer n\u00edvel, a tecnologia fotovoltaica reduz custos fixos promove estabilidade financeira sustent\u00e1vel\u201d, ressalta a CEO de estrat\u00e9gias da EcoPower, N\u00e1chila Oliveira.<\/p>\n<p><b>Previsibilidade e autonomia para o mercado<\/b><\/p>\n<p>A manuten\u00e7\u00e3o da bandeira amarela pela Aneel refor\u00e7a o impacto da instabilidade tarif\u00e1ria nos or\u00e7amentos. Segundo a CEO da EcoPower, N\u00e1chila Oliveira, a energia solar \u00e9 uma estrat\u00e9gia de prote\u00e7\u00e3o financeira contra reajustes.<\/p>\n<p>Para a executiva, gerar a pr\u00f3pria energia garante previsibilidade operacional, reduz custos fixos e fortalece a independ\u00eancia econ\u00f4mica. &#8220;Essa efici\u00eancia se reflete diretamente na economia das fam\u00edlias, que blindam seus or\u00e7amentos dom\u00e9sticos contra reajustes cont\u00ednuos. Do mesmo modo, o investimento fortalece o agroneg\u00f3cio e o ambiente corporativo ao reduzir despesas operacionais recorrentes e elevar a margem de competitividade no mercado. A transi\u00e7\u00e3o energ\u00e9tica gera autonomia e resili\u00eancia financeira para quem busca previsibilidade em momentos de incerteza.&#8221;<\/p>\n<p>Em continuidade a essa an\u00e1lise estrat\u00e9gica, N\u00e1chila ressalta que a ado\u00e7\u00e3o da energia fotovoltaica vai al\u00e9m do benef\u00edcio financeiro imediato das faturas mensais, pois atua como &#8220;um escudo contra a incerteza regulat\u00f3ria e a volatilidade do mercado energ\u00e9tico&#8221;.<\/p>\n<p><b>Autonomia energ\u00e9tica e vis\u00e3o de futuro<\/b><\/p>\n<p>A CEO refor\u00e7a que &#8220;a previsibilidade operacional \u00e9 o maior ativo que uma organiza\u00e7\u00e3o ou fam\u00edlia pode construir em tempos de crise, transformando uma despesa inevit\u00e1vel em um investimento que fortalece a independ\u00eancia econ\u00f4mica a longo prazo&#8221;. Por conseguinte, ao migrarem para a gera\u00e7\u00e3o pr\u00f3pria, segundo N\u00e1chila, &#8220;os consumidores deixam de ser meros pagadores de tarifas e passam a gerir ativamente seu suprimento de energia&#8221;.<\/p>\n<p>Essa mudan\u00e7a impulsiona a sustentabilidade empresarial e melhora o valuation corporativo. Al\u00e9m disso, assegura margens de lucro competitivas ao setor rural global. Com base nessa perspectiva de mercado, N\u00e1chila Oliveira destaca que \u201ca transi\u00e7\u00e3o para fontes limpas de energia n\u00e3o apenas apoia metas ambientais, mas atua diretamente no fortalecimento da estabilidade financeira de empresas, produtores rurais e fam\u00edlias.&#8221;<\/p>\n<p>Website: <a href=\"http:\/\/powernews.eco.br\" target=\"_blank\">http:\/\/powernews.eco.br<\/a><\/p>\n<p>Foto: Imagem: Daniel Reche \/ Pexels<\/p>\n<p>A <b>OESP<\/b> n\u00e3o \u00e9(s\u00e3o) respons\u00e1vel(is) por erros, incorre\u00e7\u00f5es, atrasos ou quaisquer decis\u00f5es tomadas por seus clientes com base nos Conte\u00fados ora disponibilizados, bem como tais Conte\u00fados n\u00e3o representam a opini\u00e3o da <b>OESP<\/b> e s\u00e3o de inteira responsabilidade da <b>Knewin Dino<\/b><\/p>\n","protected":false},"excerpt":{"rendered":"A Aneel manteve a bandeira amarela em setembro pelo quinto m\u00eas consecutivo. A decis\u00e3o ocorre devido ao per\u00edodo seco, que reduz os reservat\u00f3rios das hidrel\u00e9tricas e exige o acionamento de usinas","protected":false},"author":1,"featured_media":137789,"comment_status":"open","ping_status":"closed","sticky":false,"template":"","format":"standard","meta":{"_acf_changed":false,"inline_featured_image":false,"_monsterinsights_skip_tracking":false,"_monsterinsights_sitenote_active":false,"_monsterinsights_sitenote_note":"","_monsterinsights_sitenote_category":0,"footnotes":""},"categories":[11470],"tags":[12424,101,12407,300,12170],"class_list":["post-137788","post","type-post","status-publish","format-standard","has-post-thumbnail","hentry","category-knewin-dino","tag-agronegocios","tag-economia","tag-industrias","tag-negocios","tag-sustentabilidade"],"acf":[],"_links":{"self":[{"href":"https:\/\/bluestudio.estadao.com.br\/agencia-de-comunicacao\/wp-json\/wp\/v2\/posts\/137788","targetHints":{"allow":["GET"]}}],"collection":[{"href":"https:\/\/bluestudio.estadao.com.br\/agencia-de-comunicacao\/wp-json\/wp\/v2\/posts"}],"about":[{"href":"https:\/\/bluestudio.estadao.com.br\/agencia-de-comunicacao\/wp-json\/wp\/v2\/types\/post"}],"author":[{"embeddable":true,"href":"https:\/\/bluestudio.estadao.com.br\/agencia-de-comunicacao\/wp-json\/wp\/v2\/users\/1"}],"replies":[{"embeddable":true,"href":"https:\/\/bluestudio.estadao.com.br\/agencia-de-comunicacao\/wp-json\/wp\/v2\/comments?post=137788"}],"version-history":[{"count":0,"href":"https:\/\/bluestudio.estadao.com.br\/agencia-de-comunicacao\/wp-json\/wp\/v2\/posts\/137788\/revisions"}],"wp:featuredmedia":[{"embeddable":true,"href":"https:\/\/bluestudio.estadao.com.br\/agencia-de-comunicacao\/wp-json\/wp\/v2\/media\/137789"}],"wp:attachment":[{"href":"https:\/\/bluestudio.estadao.com.br\/agencia-de-comunicacao\/wp-json\/wp\/v2\/media?parent=137788"}],"wp:term":[{"taxonomy":"category","embeddable":true,"href":"https:\/\/bluestudio.estadao.com.br\/agencia-de-comunicacao\/wp-json\/wp\/v2\/categories?post=137788"},{"taxonomy":"post_tag","embeddable":true,"href":"https:\/\/bluestudio.estadao.com.br\/agencia-de-comunicacao\/wp-json\/wp\/v2\/tags?post=137788"}],"curies":[{"name":"wp","href":"https:\/\/api.w.org\/{rel}","templated":true}]}}