{"id":137777,"date":"2026-08-31T13:40:00","date_gmt":"2026-08-31T16:40:00","guid":{"rendered":"https:\/\/bluestudio.estadao.com.br\/agencia-de-comunicacao\/pulsebrand\/o-detalhe-do-inss-que-decide-o-recurso-do-seu-beneficio-antes-mesmo-de-comecar\/"},"modified":"2026-08-31T13:40:00","modified_gmt":"2026-08-31T16:40:00","slug":"o-detalhe-do-inss-que-decide-o-recurso-do-seu-beneficio-antes-mesmo-de-comecar","status":"publish","type":"post","link":"https:\/\/bluestudio.estadao.com.br\/agencia-de-comunicacao\/pulsebrand\/o-detalhe-do-inss-que-decide-o-recurso-do-seu-beneficio-antes-mesmo-de-comecar\/","title":{"rendered":"O detalhe do INSS que decide o recurso do seu benef\u00edcio antes mesmo de come\u00e7ar"},"content":{"rendered":"<p>Antes de qualquer recurso ser protocolado, um detalhe j\u00e1 decidiu quantas chances aquele caso vai ter dentro do INSS: o motivo da negativa. Uma parte das decis\u00f5es tem duas etapas de recurso pela frente, uma dentro da pr\u00f3pria unidade que julgou e outra numa inst\u00e2ncia superior. Outra parte, fundamentada s\u00f3 em mat\u00e9ria m\u00e9dica, tem uma s\u00f3, e a carta de indeferimento n\u00e3o avisa essa diferen\u00e7a.<\/p>\n<p>Recebida a negativa, o segurado, ou seu representante legal quando se trata de uma crian\u00e7a ou de uma pessoa com curatela, tem 30 dias, contados da ci\u00eancia da decis\u00e3o, para apresentar recurso administrativo dentro do pr\u00f3prio INSS. O prazo \u00e9 cont\u00ednuo, n\u00e3o \u00fatil, com prorroga\u00e7\u00e3o apenas quando o vencimento cai em dia sem expediente. O recurso \u00e9 gratuito e dispensa advogado por exig\u00eancia legal.<\/p>\n<p>A escala do problema cresceu. No primeiro semestre de 2026, o INSS indeferiu cerca de 4,3 milh\u00f5es de pedidos, mais do que os aproximadamente 4,2 milh\u00f5es concedidos no mesmo per\u00edodo. Cada uma dessas decis\u00f5es abriu, para algu\u00e9m, a mesma contagem regressiva, seja um segurado que perdeu parte da capacidade de trabalhar, seja a m\u00e3e de uma crian\u00e7a com defici\u00eancia que depende do benef\u00edcio assistencial.<\/p>\n<p>&#8220;Esse volume de negativas n\u00e3o significa que o direito n\u00e3o existe. Significa que o processo de comprova\u00e7\u00e3o ficou mais dif\u00edcil de acertar sozinho, principalmente para quem j\u00e1 lida com uma rotina exigente, como a de cuidar de um filho com defici\u00eancia&#8221;, afirma o advogado especialista em benef\u00edcios do INSS, <a href=\"https:\/\/www.instagram.com\/oadvogadoartur\/\" target=\"_blank\"><u> Artur Araujo<\/u><\/a>.<\/p>\n<p>Quem julga o recurso, e em quanto tempo<\/p>\n<p>Quem julga n\u00e3o \u00e9 quem negou. O recurso sobe ao Conselho de Recursos da Previd\u00eancia Social, colegiado vinculado ao Minist\u00e9rio da Previd\u00eancia Social, com estrutura pr\u00f3pria e n\u00e3o subordinado ao INSS, organizado em 29 Juntas de Recursos, quatro C\u00e2maras de Julgamento e um Conselho Pleno. O regimento fixa prazo m\u00e1ximo de 365 dias para o julgamento, e o tempo m\u00e9dio de tramita\u00e7\u00e3o, que chegou a quase 400 dias no in\u00edcio de 2023, caiu para 147 dias em 2026, segundo dados do pr\u00f3prio Minist\u00e9rio da Previd\u00eancia Social.<\/p>\n<p>Perder o prazo de trinta dias n\u00e3o encerra o direito. A a\u00e7\u00e3o judicial segue dispon\u00edvel, e n\u00e3o \u00e9 necess\u00e1rio esgotar a via administrativa para acion\u00e1-la: basta ter havido o requerimento pr\u00e9vio ao INSS, entendimento consolidado pelo Supremo Tribunal Federal no julgamento do Tema 350 de repercuss\u00e3o geral. O que se perde \u00e9 a via mais r\u00e1pida, gratuita e menos formal do sistema.<\/p>\n<p>O detalhe do regimento que decide antes mesmo de come\u00e7ar<\/p>\n<p>Existe uma restri\u00e7\u00e3o relevante na via administrativa, e ela recai justamente sobre um tipo de controv\u00e9rsia comum nos pedidos de benef\u00edcio assistencial para crian\u00e7as e adultos com defici\u00eancia. O regimento interno do conselho, aprovado pela Portaria MTP n\u00ba 4.061, de 2022, define como al\u00e7ada exclusiva das Juntas de Recursos, sem recurso \u00e0s C\u00e2maras de Julgamento, um conjunto espec\u00edfico de quest\u00f5es m\u00e9dicas dentro do processo: entre elas, a exist\u00eancia e o grau, leve, m\u00e9dio ou grave, da defici\u00eancia, o nexo t\u00e9cnico, e as datas de in\u00edcio e de cessa\u00e7\u00e3o da incapacidade. Essas quest\u00f5es aparecem com frequ\u00eancia em pedidos de benef\u00edcio por incapacidade, aux\u00edlio-acidente, aposentadoria da pessoa com defici\u00eancia e benef\u00edcio assistencial da pessoa com defici\u00eancia, mas a restri\u00e7\u00e3o recai sobre a natureza m\u00e9dica da controv\u00e9rsia, n\u00e3o sobre o benef\u00edcio como um todo: uma negativa de benef\u00edcio assistencial por problema de renda ou de cadastro, por exemplo, segue tendo o caminho normal at\u00e9 a C\u00e2mara de Julgamento.<\/p>\n<p>Mesmo fora da mat\u00e9ria m\u00e9dica, o recurso especial n\u00e3o \u00e9 uma nova an\u00e1lise ampla do m\u00e9rito: ele \u00e9 cab\u00edvel em hip\u00f3teses definidas, como viola\u00e7\u00e3o de lei, decreto ou portaria e diverg\u00eancia em rela\u00e7\u00e3o a pareceres da Advocacia-Geral da Uni\u00e3o, enunciados do Conselho Pleno ou s\u00famulas vinculantes. Recorrer sem apontar uma delas tende a esbarrar na admissibilidade.<\/p>\n<p>&#8220;O erro mais caro n\u00e3o \u00e9 perder o prazo. \u00c9 recorrer no lugar errado. Uma negativa por documento se resolve juntando o documento; uma negativa por interpreta\u00e7\u00e3o n\u00e3o se resolve repetindo o pedido com outras palavras. Quando a pessoa entende em qual dos dois grupos est\u00e1, ela j\u00e1 economizou meses&#8221;, afirma o advogado Artur Araujo, fundador da <a href=\"https:\/\/aemlaw.com.br\/.\" target=\"_blank\"><u> A&amp;M Law<\/u><\/a>.<\/p>\n<p>Um caso do tipo mais comum no dia a dia do escrit\u00f3rio ajuda a mostrar como isso funciona na pr\u00e1tica, com os detalhes generalizados para preservar a identidade da fam\u00edlia: uma m\u00e3e, operadora de linha de produ\u00e7\u00e3o numa f\u00e1brica, sofreu um acidente de trabalho que deixou sequela permanente parcial em um dos bra\u00e7os, reduzindo, sem impedir por completo, a capacidade para a fun\u00e7\u00e3o que exercia. O primeiro pedido de aux\u00edlio-acidente foi negado, porque a per\u00edcia concluiu que a sequela n\u00e3o configurava redu\u00e7\u00e3o suficiente da capacidade laborativa. Como a negativa se apoiava inteiramente numa avalia\u00e7\u00e3o m\u00e9dica sobre o grau da sequela, o caso ca\u00eda exatamente na al\u00e7ada exclusiva das Juntas de Recursos, sem passagem pelas C\u00e2maras de Julgamento.<\/p>\n<p>A virada veio com a juntada de um relat\u00f3rio de fisioterapia detalhando a limita\u00e7\u00e3o funcional persistente no dia a dia, inclusive nos cuidados com os pr\u00f3prios filhos, um elemento que a per\u00edcia inicial n\u00e3o tinha levado em conta. Reapreciado o caso dentro do pr\u00f3prio recurso administrativo, o benef\u00edcio foi reconhecido, com os valores retroativos \u00e0 data do requerimento.<\/p>\n<p>O motivo da negativa \u00e9 o que define a rota<\/p>\n<p>Antes de qualquer escolha, existe um passo que a maioria pula: baixar a decis\u00e3o integral, e n\u00e3o apenas o aviso de indeferimento. \u00c9 no documento completo que est\u00e1 o fundamento legal, e \u00e9 ele que determina se o caso se resolve com um papel ou com uma tese.<\/p>\n<p>Os fundamentos se dividem, grosso modo, em dois grupos. No primeiro, o direito \u00e9 claro e falta prova: documento ausente, per\u00edodo de contribui\u00e7\u00e3o n\u00e3o computado, diverg\u00eancia cadastral, ou, no caso do benef\u00edcio assistencial, um registro desatualizado no Cad\u00danico. Juntar o que falta costuma bastar, e o recurso administrativo tende a ser eficiente. No segundo, a discuss\u00e3o \u00e9 de interpreta\u00e7\u00e3o: conclus\u00e3o pericial desfavor\u00e1vel, perda da qualidade de segurado, o grau de defici\u00eancia reconhecido na per\u00edcia, ou o c\u00e1lculo da renda familiar no benef\u00edcio assistencial. Aqui, insistir na via administrativa sem estrat\u00e9gia costuma custar meses sem alterar o resultado.<\/p>\n<p>Outro exemplo, agora do primeiro grupo, o que se resolve com prova documental, sem precisar de tese jur\u00eddica: uma crian\u00e7a com diagn\u00f3stico de transtorno do espectro autista teve o pedido de benef\u00edcio assistencial negado, porque o cadastro da fam\u00edlia no Cad\u00danico estava desatualizado, o que fez o sistema calcular uma renda per capita acima do limite legal. A negativa nada tinha a ver com o grau do diagn\u00f3stico ou com qualquer quest\u00e3o m\u00e9dica e, por isso, n\u00e3o estava sujeita \u00e0 al\u00e7ada exclusiva das Juntas: o caso tinha o caminho normal de recurso, incluindo a possibilidade de chegar \u00e0 C\u00e2mara de Julgamento se fosse necess\u00e1rio. A fam\u00edlia regularizou o cadastro no CRAS antes mesmo de protocolar o recurso, e apresentou a atualiza\u00e7\u00e3o junto com o pedido. O benef\u00edcio foi concedido ainda na primeira inst\u00e2ncia recursal, sem precisar avan\u00e7ar para a segunda etapa nem para a Justi\u00e7a.<\/p>\n<p>O que quase ningu\u00e9m sabe sobre o prazo j\u00e1 perdido<\/p>\n<p>O mesmo regimento que restringe uma via oferece tr\u00eas sa\u00eddas pouco divulgadas. A primeira \u00e9 a retrata\u00e7\u00e3o: antes de encaminhar o recurso ao conselho, e mesmo depois, o pr\u00f3prio INSS pode reconhecer o direito e reformar a decis\u00e3o que proferiu.<\/p>\n<p>A segunda \u00e9 a releva\u00e7\u00e3o da intempestividade. O regimento determina que o conselheiro julgador proponha que se releve o atraso na apresenta\u00e7\u00e3o do recurso quando a liquidez e a certeza do direito estiverem demonstradas de forma inequ\u00edvoca. N\u00e3o \u00e9 uma segunda chance autom\u00e1tica e n\u00e3o substitui o cumprimento do prazo, mas desmente a leitura de que o trig\u00e9simo primeiro dia fecha a porta administrativa em qualquer hip\u00f3tese.<\/p>\n<p>A terceira diz respeito a quem recorre sozinho: quando o recurso \u00e9 apresentado pelo pr\u00f3prio segurado, sem advogado ou Defensoria P\u00fablica, o regimento determina que o conselheiro verifique eventual norma n\u00e3o observada pelo INSS, ainda que o recorrente n\u00e3o a tenha apontado.<\/p>\n<p>A conta do tempo<\/p>\n<p>A escolha entre as vias envolve uma vari\u00e1vel que costuma ficar de fora da conversa: o tempo, e o que ele custa. A via administrativa \u00e9 gratuita e ficou mais r\u00e1pida, mas ainda opera em escala de meses. A via judicial tem rito e custos pr\u00f3prios, e admite pedido de antecipa\u00e7\u00e3o de tutela, ou seja, o pagamento do benef\u00edcio antes da decis\u00e3o final, quando h\u00e1 urg\u00eancia e prova consistente. As a\u00e7\u00f5es previdenci\u00e1rias correm no Juizado Especial Federal quando o valor discutido n\u00e3o ultrapassa sessenta sal\u00e1rios m\u00ednimos, o que em 2026 corresponde a R$ 97.260, e na Vara Federal comum acima disso.<\/p>\n<p>E h\u00e1 um elemento que corre em sil\u00eancio: a prescri\u00e7\u00e3o de cinco anos sobre as parcelas retroativas, prevista no par\u00e1grafo \u00fanico do artigo 103 da Lei 8.213\/91. Ainda que o direito seja reconhecido adiante, as parcelas mais antigas deixam de ser exig\u00edveis com o passar do tempo. H\u00e1 uma exce\u00e7\u00e3o que costuma passar despercebida: quando o benefici\u00e1rio \u00e9 menor de idade, a pr\u00f3pria lei afasta a contagem desse prazo, o que \u00e9 frequente justamente nos processos de benef\u00edcio assistencial envolvendo crian\u00e7as. Para as demais fam\u00edlias, com uma negativa antiga guardada na gaveta, esse \u00e9 o custo invis\u00edvel da espera.<\/p>\n<p>Quando o segurado resolve sozinho, e quando n\u00e3o<\/p>\n<p>Nem toda negativa exige assist\u00eancia jur\u00eddica, e dizer o contr\u00e1rio seria desonesto. H\u00e1 um conjunto de situa\u00e7\u00f5es em que o pr\u00f3prio segurado, ou a fam\u00edlia, tem condi\u00e7\u00f5es de reverter a decis\u00e3o pela via administrativa:<\/p>\n<p>No caso do benef\u00edcio assistencial, o Cad\u00danico estava desatualizado e j\u00e1 foi regularizado no CRAS.<\/p>\n<p>A negativa foi por documento faltante e o documento existe.<\/p>\n<p>Um per\u00edodo de contribui\u00e7\u00e3o n\u00e3o foi computado e h\u00e1 carteira de trabalho ou carn\u00eas que comprovam.<\/p>\n<p>Houve diverg\u00eancia cadastral evidente entre o CNIS e a documenta\u00e7\u00e3o apresentada.<\/p>\n<p>E h\u00e1 outro conjunto em que tentar sozinho tende a custar tempo e retroativo:<\/p>\n<p>Indeferimento fundamentado em per\u00edcia m\u00e9dica sobre o grau de defici\u00eancia, pelo limite recursal j\u00e1 mencionado.<\/p>\n<p>O benef\u00edcio assistencial foi negado ou reduzido por causa do c\u00e1lculo da renda familiar.<\/p>\n<p>A fam\u00edlia reduziu ou deixou o trabalho formal para cuidar de uma crian\u00e7a ou de um adulto com defici\u00eancia, e precisa comprovar essa renda informal ou vari\u00e1vel perante o INSS.<\/p>\n<p>Discuss\u00e3o sobre qualidade de segurado, per\u00edodo de gra\u00e7a ou reconhecimento de tempo especial.<\/p>\n<p>Prescri\u00e7\u00e3o j\u00e1 correndo sobre parcelas relevantes, sem que o benefici\u00e1rio seja menor de idade, ou urg\u00eancia financeira que torna a antecipa\u00e7\u00e3o judicial mais eficiente que a fila administrativa.<\/p>\n<p>Se voc\u00ea precisa de esclarecimentos sobre uma negativa do INSS, pode entrar em contato com a A&amp;M Law (Araujo &amp; Machado Advocacia), escrit\u00f3rio especializado em benef\u00edcios do INSS, como: BPC\/LOAS, sal\u00e1rio-maternidade e aux\u00edlios-sa\u00fade. O atendimento \u00e9 100% online para o Brasil inteiro. Mais informa\u00e7\u00f5es em <a href=\"https:\/\/aemlaw.com.br\/\" target=\"_blank\"><u> https:\/\/aemlaw.com.br\/<\/u><\/a>.<\/p>\n<p><a href=\"https:\/\/www.instagram.com\/oadvogadoartur\/\" target=\"_blank\"><u>Artur Araujo<\/u><\/a> \u00e9 advogado e economista, fundador da A&amp;M Law, inscrito na OAB\/RJ sob o n\u00ba 266.722.<\/p>\n<p>A <b>OESP<\/b> n\u00e3o \u00e9(s\u00e3o) respons\u00e1vel(is) por erros, incorre\u00e7\u00f5es, atrasos ou quaisquer decis\u00f5es tomadas por seus clientes com base nos Conte\u00fados ora disponibilizados, bem como tais Conte\u00fados n\u00e3o representam a opini\u00e3o da <b>OESP<\/b> e s\u00e3o de inteira responsabilidade da <b>PulseBrand<\/b><\/p>\n","protected":false},"excerpt":{"rendered":"Antes de qualquer recurso ser protocolado, um detalhe j\u00e1 decidiu quantas chances aquele caso vai ter dentro do INSS: o motivo da negativa. Uma parte das decis\u00f5es tem duas etapas de recurso pela","protected":false},"author":1,"featured_media":137778,"comment_status":"open","ping_status":"closed","sticky":false,"template":"","format":"standard","meta":{"_acf_changed":false,"inline_featured_image":false,"_monsterinsights_skip_tracking":false,"_monsterinsights_sitenote_active":false,"_monsterinsights_sitenote_note":"","_monsterinsights_sitenote_category":0,"footnotes":""},"categories":[7691],"tags":[],"class_list":["post-137777","post","type-post","status-publish","format-standard","has-post-thumbnail","hentry","category-pulsebrand"],"acf":[],"_links":{"self":[{"href":"https:\/\/bluestudio.estadao.com.br\/agencia-de-comunicacao\/wp-json\/wp\/v2\/posts\/137777","targetHints":{"allow":["GET"]}}],"collection":[{"href":"https:\/\/bluestudio.estadao.com.br\/agencia-de-comunicacao\/wp-json\/wp\/v2\/posts"}],"about":[{"href":"https:\/\/bluestudio.estadao.com.br\/agencia-de-comunicacao\/wp-json\/wp\/v2\/types\/post"}],"author":[{"embeddable":true,"href":"https:\/\/bluestudio.estadao.com.br\/agencia-de-comunicacao\/wp-json\/wp\/v2\/users\/1"}],"replies":[{"embeddable":true,"href":"https:\/\/bluestudio.estadao.com.br\/agencia-de-comunicacao\/wp-json\/wp\/v2\/comments?post=137777"}],"version-history":[{"count":0,"href":"https:\/\/bluestudio.estadao.com.br\/agencia-de-comunicacao\/wp-json\/wp\/v2\/posts\/137777\/revisions"}],"wp:featuredmedia":[{"embeddable":true,"href":"https:\/\/bluestudio.estadao.com.br\/agencia-de-comunicacao\/wp-json\/wp\/v2\/media\/137778"}],"wp:attachment":[{"href":"https:\/\/bluestudio.estadao.com.br\/agencia-de-comunicacao\/wp-json\/wp\/v2\/media?parent=137777"}],"wp:term":[{"taxonomy":"category","embeddable":true,"href":"https:\/\/bluestudio.estadao.com.br\/agencia-de-comunicacao\/wp-json\/wp\/v2\/categories?post=137777"},{"taxonomy":"post_tag","embeddable":true,"href":"https:\/\/bluestudio.estadao.com.br\/agencia-de-comunicacao\/wp-json\/wp\/v2\/tags?post=137777"}],"curies":[{"name":"wp","href":"https:\/\/api.w.org\/{rel}","templated":true}]}}