{"id":137768,"date":"2026-08-31T12:05:00","date_gmt":"2026-08-31T15:05:00","guid":{"rendered":"https:\/\/bluestudio.estadao.com.br\/agencia-de-comunicacao\/knewin-dino\/marq-logistics-expande-ativos-last-mile-em-taboao-da-serra\/"},"modified":"2026-08-31T12:05:00","modified_gmt":"2026-08-31T15:05:00","slug":"marq-logistics-expande-ativos-last-mile-em-taboao-da-serra","status":"publish","type":"post","link":"https:\/\/bluestudio.estadao.com.br\/agencia-de-comunicacao\/knewin-dino\/marq-logistics-expande-ativos-last-mile-em-taboao-da-serra\/","title":{"rendered":"Marq Logistics expande ativos last-mile em Tabo\u00e3o da Serra"},"content":{"rendered":"<p>A Marq Logistics, uma l\u00edder global em desenvolvimento e opera\u00e7\u00e3o de instala\u00e7\u00f5es log\u00edsticas modernas, anteriormente GLP Brasil, anuncia a entrega do Marq Logistics SP Tabo\u00e3o, seu mais recente parque log\u00edstico, que adiciona aproximadamente 120 mil metros quadrados de \u00c1rea Bruta Loc\u00e1vel (ABL) \u00e0 Regi\u00e3o Metropolitana de S\u00e3o Paulo. Localizado a apenas 12 km da Marginal Pinheiros, o novo empreendimento expande o portf\u00f3lio de ativos last-mile da Marq Logistics no mercado brasileiro, todos situados pr\u00f3ximos aos principais centros urbanos, e aumenta ainda mais sua competitividade log\u00edstica.<\/p>\n<p>O parque log\u00edstico est\u00e1 integrado \u00e0 malha urbana da Grande S\u00e3o Paulo e se beneficia de um acesso facilitado e livre de ped\u00e1gios a uma ampla rede de com\u00e9rcios e prestadores de servi\u00e7os, o que agiliza a entrega de produtos. Constru\u00eddos com foco em flexibilidade, os cinco galp\u00f5es urbanos da propriedade oferecem op\u00e7\u00f5es para opera\u00e7\u00f5es de <i>front-load<\/i> e <i>cross-docking<\/i>, com m\u00f3dulos a partir de 4 mil m\u00b2 e possibilidade de contratos de loca\u00e7\u00e3o sob medida para atender a opera\u00e7\u00f5es de diferentes portes e necessidades.<\/p>\n<p>\u201cO Marq Logistics SP Tabo\u00e3o se destaca como uma solu\u00e7\u00e3o <i>last-mile<\/i> moderna e eficiente para clientes que buscam opera\u00e7\u00f5es flex\u00edveis pr\u00f3ximas ao centro econ\u00f4mico de S\u00e3o Paulo\u201d, afirma Mauro Dias, head de Real Estate da Ares Management no Brasil. \u201cCom seu conceito modular, este projeto consegue se adaptar \u00e0s necessidades de empresas de diversos setores, oferecendo op\u00e7\u00f5es que v\u00e3o de espa\u00e7os menores a grandes centros de distribui\u00e7\u00e3o, todos desenvolvidos com os altos padr\u00f5es de qualidade da Marq Logistics\u201d, complementa.<\/p>\n<p><b>Sustentabilidade<\/b><\/p>\n<p>O ativo consolida-se como uma refer\u00eancia em sustentabilidade e efici\u00eancia log\u00edstica. Projetado para receber o certificado LEED Gold, o empreendimento traduz o compromisso ambiental em n\u00fameros expressivos, incluindo ilumina\u00e7\u00e3o natural e l\u00e2mpadas LED que geram at\u00e9 70% de economia de energia. O complexo tamb\u00e9m conta com esta\u00e7\u00f5es de recarga para ve\u00edculos el\u00e9tricos e cobertura preparada para suportar pain\u00e9is solares.<\/p>\n<p>A redu\u00e7\u00e3o do consumo h\u00eddrico chega a at\u00e9 55% pelo reuso de \u00e1gua e metais eficientes. O projeto ainda utiliza materiais de baixa absor\u00e7\u00e3o t\u00e9rmica que combatem as ilhas de calor, proporcionando economia operacional e m\u00e1ximo conforto t\u00e9rmico.<\/p>\n<p><b>Sobre a Marq Logistics<\/b><\/p>\n<p>A Marq Logistics \u00e9 uma l\u00edder global em desenvolvimento e opera\u00e7\u00e3o de instala\u00e7\u00f5es log\u00edsticas modernas e gerencia um portf\u00f3lio de mais de 2.250 mil propriedades, totalizando mais de 60 milh\u00f5es de metros quadrados. Com a miss\u00e3o de fornecer empreendimentos eficientes e uma experi\u00eancia consistente e de alto n\u00edvel aos clientes em todo o mundo, a equipe altamente especializada e dedicada da Marq Logistics oferece uma poderosa combina\u00e7\u00e3o de escala global com expertise local.<\/p>\n<p>Conforme anunciado em dezembro de 2025, a Ares Management Corporation (NYSE: ARES) (ARES), uma l\u00edder em gest\u00e3o de investimentos alternativos, consolidou a sua plataforma log\u00edstica sob uma \u00fanica marca, a Marq Logistics, para representar a plataforma verticalmente integrada da Ares nas Am\u00e9ricas, Europa e \u00c1sia-Pac\u00edfico.<\/p>\n<p>Para saber mais, basta acessar:\u00a0<a href=\"https:\/\/www.marqlogistics.com\/\" target=\"_blank\">marqlogistics.com<\/a><\/p>\n<p>Para conhecer as propriedades no Brasil, basta acessar:\u00a0<a href=\"http:\/\/glp.com.br\" target=\"_blank\">glp.com.br\ufeff<\/a><\/p>\n<p>Website: <a href=\"https:\/\/glp.com.br\/\" target=\"_blank\">https:\/\/glp.com.br\/<\/a><\/p>\n<p>Foto: Andr\u00e9 Spinelli<\/p>\n<p>A <b>OESP<\/b> n\u00e3o \u00e9(s\u00e3o) respons\u00e1vel(is) por erros, incorre\u00e7\u00f5es, atrasos ou quaisquer decis\u00f5es tomadas por seus clientes com base nos Conte\u00fados ora disponibilizados, bem como tais Conte\u00fados n\u00e3o representam a opini\u00e3o da <b>OESP<\/b> e s\u00e3o de inteira responsabilidade da <b>Knewin Dino<\/b><\/p>\n","protected":false},"excerpt":{"rendered":"A Marq Logistics, uma l\u00edder global em desenvolvimento e opera\u00e7\u00e3o de instala\u00e7\u00f5es log\u00edsticas modernas, anteriormente GLP Brasil, anuncia a entrega do Marq Logistics SP Tabo\u00e3o, seu mais recente","protected":false},"author":1,"featured_media":137769,"comment_status":"open","ping_status":"closed","sticky":false,"template":"","format":"standard","meta":{"_acf_changed":false,"inline_featured_image":false,"_monsterinsights_skip_tracking":false,"_monsterinsights_sitenote_active":false,"_monsterinsights_sitenote_note":"","_monsterinsights_sitenote_category":0,"footnotes":""},"categories":[11470],"tags":[12400,12399,101,12407,300],"class_list":["post-137768","post","type-post","status-publish","format-standard","has-post-thumbnail","hentry","category-knewin-dino","tag-atacado-e-varejo","tag-e-commerce","tag-economia","tag-industrias","tag-negocios"],"acf":[],"_links":{"self":[{"href":"https:\/\/bluestudio.estadao.com.br\/agencia-de-comunicacao\/wp-json\/wp\/v2\/posts\/137768","targetHints":{"allow":["GET"]}}],"collection":[{"href":"https:\/\/bluestudio.estadao.com.br\/agencia-de-comunicacao\/wp-json\/wp\/v2\/posts"}],"about":[{"href":"https:\/\/bluestudio.estadao.com.br\/agencia-de-comunicacao\/wp-json\/wp\/v2\/types\/post"}],"author":[{"embeddable":true,"href":"https:\/\/bluestudio.estadao.com.br\/agencia-de-comunicacao\/wp-json\/wp\/v2\/users\/1"}],"replies":[{"embeddable":true,"href":"https:\/\/bluestudio.estadao.com.br\/agencia-de-comunicacao\/wp-json\/wp\/v2\/comments?post=137768"}],"version-history":[{"count":0,"href":"https:\/\/bluestudio.estadao.com.br\/agencia-de-comunicacao\/wp-json\/wp\/v2\/posts\/137768\/revisions"}],"wp:featuredmedia":[{"embeddable":true,"href":"https:\/\/bluestudio.estadao.com.br\/agencia-de-comunicacao\/wp-json\/wp\/v2\/media\/137769"}],"wp:attachment":[{"href":"https:\/\/bluestudio.estadao.com.br\/agencia-de-comunicacao\/wp-json\/wp\/v2\/media?parent=137768"}],"wp:term":[{"taxonomy":"category","embeddable":true,"href":"https:\/\/bluestudio.estadao.com.br\/agencia-de-comunicacao\/wp-json\/wp\/v2\/categories?post=137768"},{"taxonomy":"post_tag","embeddable":true,"href":"https:\/\/bluestudio.estadao.com.br\/agencia-de-comunicacao\/wp-json\/wp\/v2\/tags?post=137768"}],"curies":[{"name":"wp","href":"https:\/\/api.w.org\/{rel}","templated":true}]}}