{"id":137766,"date":"2026-08-31T12:13:00","date_gmt":"2026-08-31T15:13:00","guid":{"rendered":"https:\/\/bluestudio.estadao.com.br\/agencia-de-comunicacao\/knewin-dino\/congresso-abimaq-analisa-impactos-da-ia-na-industria\/"},"modified":"2026-08-31T12:13:00","modified_gmt":"2026-08-31T15:13:00","slug":"congresso-abimaq-analisa-impactos-da-ia-na-industria","status":"publish","type":"post","link":"https:\/\/bluestudio.estadao.com.br\/agencia-de-comunicacao\/knewin-dino\/congresso-abimaq-analisa-impactos-da-ia-na-industria\/","title":{"rendered":"Congresso ABIMAQ analisa impactos da IA na ind\u00fastria"},"content":{"rendered":"<p>A Associa\u00e7\u00e3o Brasileira da Ind\u00fastria de M\u00e1quinas e Equipamentos (ABIMAQ), juntamente com o SINDIMAQ, realiza a 11\u00aa edi\u00e7\u00e3o do Congresso Brasileiro da Ind\u00fastria de M\u00e1quinas e Equipamentos. Consolidado como o principal encontro do setor, o evento acontecer\u00e1 no dia 3 de setembro, das 8h \u00e0s 13h30, em formato h\u00edbrido (presencial no Hotel Pullman Ibirapuera, em S\u00e3o Paulo, e com transmiss\u00e3o online).<\/p>\n<p>\u201cEm um momento em que as regras econ\u00f4micas globais se redesenham e apresentam novos desafios, o congresso deste ano provocar\u00e1 os l\u00edderes da ind\u00fastria a repensarem suas estrat\u00e9gias frente \u00e0s dr\u00e1sticas mudan\u00e7as na economia, na pol\u00edtica e na tecnologia. O objetivo \u00e9 oferecer aos empres\u00e1rios as ferramentas necess\u00e1rias para antecipar cen\u00e1rios e manter a competitividade de seus neg\u00f3cios\u201d, explica Gino Paulucci Jr., presidente do Conselho de Administra\u00e7\u00e3o da ABIMAQ\/SINDIMAQ.<\/p>\n<p>De acordo com Jos\u00e9 Velloso, presidente-executivo das entidades, nesta edi\u00e7\u00e3o, a programa\u00e7\u00e3o destacar\u00e1 tr\u00eas eixos principais de discuss\u00e3o:<\/p>\n<p><b>1)<\/b> <b>IA na estrat\u00e9gia das empresas:<\/b> a virada de chave que a Intelig\u00eancia Artificial promove na competitividade e na opera\u00e7\u00e3o pr\u00e1tica da ind\u00fastria;<\/p>\n<p><b>2) Perspectivas pol\u00edticas e cen\u00e1rio global:<\/b> a compreens\u00e3o do novo panorama mundial e nacional, fundamental para antecipar tend\u00eancias e proteger os neg\u00f3cios;<\/p>\n<p><b>3) Desafios para o desenvolvimento:<\/b> an\u00e1lises macroecon\u00f4micas aprofundadas e caminhos estrat\u00e9gicos pr\u00e1ticos para impulsionar o crescimento do setor de bens de capital.<\/p>\n<p>A expectativa, de acordo com a entidade, \u00e9 reunir empres\u00e1rios do setor, autoridades e membros da imprensa especializada em um ambiente voltado para o aprendizado e a troca de experi\u00eancias com quem compartilha os mesmos desafios di\u00e1rios. Al\u00e9m do conte\u00fado, o evento oferecer\u00e1 amplo espa\u00e7o para \u2018networking\u2019 qualificado e a gera\u00e7\u00e3o de conex\u00f5es estrat\u00e9gicas para os neg\u00f3cios.<\/p>\n<p>Com media\u00e7\u00e3o do jornalista William Waack, a programa\u00e7\u00e3o contar\u00e1 com a participa\u00e7\u00e3o de palestrantes renomados, como Carlos Primo Braga, diretor da Ouchy Consultoria Empresarial e professor associado da Funda\u00e7\u00e3o Dom Cabral; Venilton Tadini, presidente-executivo da Associa\u00e7\u00e3o Brasileira da Infraestrutura e Ind\u00fastria de Base (ABDIB); e Christopher Garman, diretor-executivo para as Am\u00e9ricas do Eurasia Group.<\/p>\n<p>As inscri\u00e7\u00f5es j\u00e1 est\u00e3o abertas e podem ser realizadas pelo site <a href=\"https:\/\/conteudo.abimaq.org.br\/congresso\" target=\"_blank\">https:\/\/conteudo.abimaq.org.br\/congresso<\/a>.<\/p>\n<p><b>Servi\u00e7o:<\/b><\/p>\n<p><b>Evento:<\/b> 11\u00ba Congresso Brasileiro da Ind\u00fastria de M\u00e1quinas e Equipamentos<\/p>\n<p><b>Data:<\/b>\u00a03 de setembro<\/p>\n<p><b>Hor\u00e1rio:<\/b> 8h \u00e0s 13h30<\/p>\n<p><b>Local:<\/b> Hotel Pullman Ibirapuera (Rua Joinville, 515 &#8211; Vila Mariana &#8211; S\u00e3o Paulo\/SP) e transmiss\u00e3o online<\/p>\n<p>Foto: Magnific<\/p>\n<p>A <b>OESP<\/b> n\u00e3o \u00e9(s\u00e3o) respons\u00e1vel(is) por erros, incorre\u00e7\u00f5es, atrasos ou quaisquer decis\u00f5es tomadas por seus clientes com base nos Conte\u00fados ora disponibilizados, bem como tais Conte\u00fados n\u00e3o representam a opini\u00e3o da <b>OESP<\/b> e s\u00e3o de inteira responsabilidade da <b>Knewin Dino<\/b><\/p>\n","protected":false},"excerpt":{"rendered":"A Associa\u00e7\u00e3o Brasileira da Ind\u00fastria de M\u00e1quinas e Equipamentos (ABIMAQ), juntamente com o SINDIMAQ, realiza a 11\u00aa edi\u00e7\u00e3o do Congresso Brasileiro da Ind\u00fastria de M\u00e1quinas e Equipamentos.","protected":false},"author":1,"featured_media":137767,"comment_status":"open","ping_status":"closed","sticky":false,"template":"","format":"standard","meta":{"_acf_changed":false,"inline_featured_image":false,"_monsterinsights_skip_tracking":false,"_monsterinsights_sitenote_active":false,"_monsterinsights_sitenote_note":"","_monsterinsights_sitenote_category":0,"footnotes":""},"categories":[11470],"tags":[101,12391,12407,300,47],"class_list":["post-137766","post","type-post","status-publish","format-standard","has-post-thumbnail","hentry","category-knewin-dino","tag-economia","tag-empreendedorismo","tag-industrias","tag-negocios","tag-tecnologia"],"acf":[],"_links":{"self":[{"href":"https:\/\/bluestudio.estadao.com.br\/agencia-de-comunicacao\/wp-json\/wp\/v2\/posts\/137766","targetHints":{"allow":["GET"]}}],"collection":[{"href":"https:\/\/bluestudio.estadao.com.br\/agencia-de-comunicacao\/wp-json\/wp\/v2\/posts"}],"about":[{"href":"https:\/\/bluestudio.estadao.com.br\/agencia-de-comunicacao\/wp-json\/wp\/v2\/types\/post"}],"author":[{"embeddable":true,"href":"https:\/\/bluestudio.estadao.com.br\/agencia-de-comunicacao\/wp-json\/wp\/v2\/users\/1"}],"replies":[{"embeddable":true,"href":"https:\/\/bluestudio.estadao.com.br\/agencia-de-comunicacao\/wp-json\/wp\/v2\/comments?post=137766"}],"version-history":[{"count":0,"href":"https:\/\/bluestudio.estadao.com.br\/agencia-de-comunicacao\/wp-json\/wp\/v2\/posts\/137766\/revisions"}],"wp:featuredmedia":[{"embeddable":true,"href":"https:\/\/bluestudio.estadao.com.br\/agencia-de-comunicacao\/wp-json\/wp\/v2\/media\/137767"}],"wp:attachment":[{"href":"https:\/\/bluestudio.estadao.com.br\/agencia-de-comunicacao\/wp-json\/wp\/v2\/media?parent=137766"}],"wp:term":[{"taxonomy":"category","embeddable":true,"href":"https:\/\/bluestudio.estadao.com.br\/agencia-de-comunicacao\/wp-json\/wp\/v2\/categories?post=137766"},{"taxonomy":"post_tag","embeddable":true,"href":"https:\/\/bluestudio.estadao.com.br\/agencia-de-comunicacao\/wp-json\/wp\/v2\/tags?post=137766"}],"curies":[{"name":"wp","href":"https:\/\/api.w.org\/{rel}","templated":true}]}}