{"id":137762,"date":"2026-08-31T12:29:00","date_gmt":"2026-08-31T15:29:00","guid":{"rendered":"https:\/\/bluestudio.estadao.com.br\/agencia-de-comunicacao\/knewin-dino\/vo-alzira-celebra-aniversario-com-descontos-e-concurso\/"},"modified":"2026-08-31T12:29:00","modified_gmt":"2026-08-31T15:29:00","slug":"vo-alzira-celebra-aniversario-com-descontos-e-concurso","status":"publish","type":"post","link":"https:\/\/bluestudio.estadao.com.br\/agencia-de-comunicacao\/knewin-dino\/vo-alzira-celebra-aniversario-com-descontos-e-concurso\/","title":{"rendered":"V\u00f3 Alzira celebra anivers\u00e1rio com descontos e concurso"},"content":{"rendered":"<p>A F\u00e1brica de Bolo V\u00f3 Alzira realizar\u00e1 durante todo o m\u00eas de setembro a sua campanha nacional de anivers\u00e1rio, intitulada \u201cCelebrar \u00e9 a nossa receita\u201d. A iniciativa prop\u00f5e valorizar as mem\u00f3rias afetivas criadas ao redor da mesa e refor\u00e7ar o papel dos bolos nas pequenas e grandes comemora\u00e7\u00f5es do dia a dia, desde a pausa para o caf\u00e9 at\u00e9 as festas em fam\u00edlia.<\/p>\n<p>A proposta central da campanha baseia-se no conceito de que cada conquista ou encontro do cotidiano merece ser celebrado. Para traduzir essa mensagem em benef\u00edcios diretos ao consumidor, a rede preparou condi\u00e7\u00f5es especiais nas lojas f\u00edsicas e um concurso cultural em ambiente digital, estimulando o engajamento dos clientes e impulsionando a experimenta\u00e7\u00e3o do seu portf\u00f3lio.<\/p>\n<p><b>Ofertas e vantagens exclusivas no Ponto de Venda (PDV)<\/b><\/p>\n<p>Durante o per\u00edodo comemorativo, todas as franquias da F\u00e1brica de Bolo V\u00f3 Alzira no pa\u00eds contar\u00e3o com vantagens comerciais voltadas \u00e0s linhas de celebra\u00e7\u00e3o:<\/p>\n<p><b>&#8211; 10% de desconto nas Linhas Festa e Recheados:<\/b> promo\u00e7\u00e3o v\u00e1lida de 1\u00ba a 30 de setembro em toda a rede para os produtos das linhas de Bolos Recheados e Linha Festa, facilitando o planejamento de anivers\u00e1rios e confraterniza\u00e7\u00f5es.<\/p>\n<p><b>&#8211; Cortesia especial para aniversariantes do m\u00eas:<\/b>\u00a0clientes que fazem anivers\u00e1rio em setembro e possuem cadastro no programa de fidelidade Quero + Bolo receber\u00e3o gratuitamente um bolo de pote no dia do seu anivers\u00e1rio, mediante apresenta\u00e7\u00e3o de documento oficial com foto e cadastro completo.<\/p>\n<p><b>Concurso cultural premiar\u00e1 a melhor hist\u00f3ria com R$ 10 mil<\/b><\/p>\n<p>Como parte das comemora\u00e7\u00f5es digitais, a marca promover\u00e1 o concurso cultural \u201cO seu melhor momento com a V\u00f3 Alzira\u201d. A a\u00e7\u00e3o convida o p\u00fablico a compartilhar relatos, fotos ou v\u00eddeos nas redes sociais (Instagram e TikTok), contando uma mem\u00f3ria marcante ou um momento especial vivido com os produtos da franquia.<\/p>\n<p>Para concorrer ao pr\u00eamio, o participante dever\u00e1 publicar seu conte\u00fado marcando o perfil oficial da marca. A hist\u00f3ria considerada mais criativa e emocionante por uma comiss\u00e3o julgadora ser\u00e1 contemplada com um pr\u00eamio final de R$ 10.000 em dinheiro.<\/p>\n<p><b>Sobre a F\u00e1brica de Bolo V\u00f3 Alzira<\/b><\/p>\n<p>Fundada em 2007 no Rio de Janeiro, a F\u00e1brica de Bolo V\u00f3 Alzira \u00e9 uma das principais redes de franquias de bolos caseiros do Brasil. Reconhecida por suas receitas tradicionais e acessibilidade, a marca conta com centenas de unidades espalhadas pelo pa\u00eds, oferecendo op\u00e7\u00f5es que v\u00e3o desde os bolos cl\u00e1ssicos para o caf\u00e9 at\u00e9 receitas recheadas e para festas.<\/p>\n<p>Website: <a href=\"https:\/\/www.instagram.com\/fabricadebolovoalziraoficial\/\" target=\"_blank\">https:\/\/www.instagram.com\/fabricadebolovoalziraoficial\/<\/a><\/p>\n<p>Foto: F\u00e1brica de Bolo V\u00f3 Alzira<\/p>\n<p>A <b>OESP<\/b> n\u00e3o \u00e9(s\u00e3o) respons\u00e1vel(is) por erros, incorre\u00e7\u00f5es, atrasos ou quaisquer decis\u00f5es tomadas por seus clientes com base nos Conte\u00fados ora disponibilizados, bem como tais Conte\u00fados n\u00e3o representam a opini\u00e3o da <b>OESP<\/b> e s\u00e3o de inteira responsabilidade da <b>Knewin Dino<\/b><\/p>\n","protected":false},"excerpt":{"rendered":"A F\u00e1brica de Bolo V\u00f3 Alzira realizar\u00e1 durante todo o m\u00eas de setembro a sua campanha nacional de anivers\u00e1rio, intitulada \u201cCelebrar \u00e9 a nossa receita\u201d. A iniciativa prop\u00f5e valorizar as","protected":false},"author":1,"featured_media":137763,"comment_status":"open","ping_status":"closed","sticky":false,"template":"","format":"standard","meta":{"_acf_changed":false,"inline_featured_image":false,"_monsterinsights_skip_tracking":false,"_monsterinsights_sitenote_active":false,"_monsterinsights_sitenote_note":"","_monsterinsights_sitenote_category":0,"footnotes":""},"categories":[11470],"tags":[12400,12419,118,112,300],"class_list":["post-137762","post","type-post","status-publish","format-standard","has-post-thumbnail","hentry","category-knewin-dino","tag-atacado-e-varejo","tag-casa-e-familia","tag-gastronomia","tag-marketing","tag-negocios"],"acf":[],"_links":{"self":[{"href":"https:\/\/bluestudio.estadao.com.br\/agencia-de-comunicacao\/wp-json\/wp\/v2\/posts\/137762","targetHints":{"allow":["GET"]}}],"collection":[{"href":"https:\/\/bluestudio.estadao.com.br\/agencia-de-comunicacao\/wp-json\/wp\/v2\/posts"}],"about":[{"href":"https:\/\/bluestudio.estadao.com.br\/agencia-de-comunicacao\/wp-json\/wp\/v2\/types\/post"}],"author":[{"embeddable":true,"href":"https:\/\/bluestudio.estadao.com.br\/agencia-de-comunicacao\/wp-json\/wp\/v2\/users\/1"}],"replies":[{"embeddable":true,"href":"https:\/\/bluestudio.estadao.com.br\/agencia-de-comunicacao\/wp-json\/wp\/v2\/comments?post=137762"}],"version-history":[{"count":0,"href":"https:\/\/bluestudio.estadao.com.br\/agencia-de-comunicacao\/wp-json\/wp\/v2\/posts\/137762\/revisions"}],"wp:featuredmedia":[{"embeddable":true,"href":"https:\/\/bluestudio.estadao.com.br\/agencia-de-comunicacao\/wp-json\/wp\/v2\/media\/137763"}],"wp:attachment":[{"href":"https:\/\/bluestudio.estadao.com.br\/agencia-de-comunicacao\/wp-json\/wp\/v2\/media?parent=137762"}],"wp:term":[{"taxonomy":"category","embeddable":true,"href":"https:\/\/bluestudio.estadao.com.br\/agencia-de-comunicacao\/wp-json\/wp\/v2\/categories?post=137762"},{"taxonomy":"post_tag","embeddable":true,"href":"https:\/\/bluestudio.estadao.com.br\/agencia-de-comunicacao\/wp-json\/wp\/v2\/tags?post=137762"}],"curies":[{"name":"wp","href":"https:\/\/api.w.org\/{rel}","templated":true}]}}