{"id":137752,"date":"2026-08-31T11:02:00","date_gmt":"2026-08-31T14:02:00","guid":{"rendered":"https:\/\/bluestudio.estadao.com.br\/agencia-de-comunicacao\/knewin-dino\/novo-modelo-da-meta-no-whatsapp-impulsiona-busca-por-ativos\/"},"modified":"2026-08-31T11:02:00","modified_gmt":"2026-08-31T14:02:00","slug":"novo-modelo-da-meta-no-whatsapp-impulsiona-busca-por-ativos","status":"publish","type":"post","link":"https:\/\/bluestudio.estadao.com.br\/agencia-de-comunicacao\/knewin-dino\/novo-modelo-da-meta-no-whatsapp-impulsiona-busca-por-ativos\/","title":{"rendered":"Novo modelo da Meta no WhatsApp impulsiona busca por ativos"},"content":{"rendered":"<p>A recente reformula\u00e7\u00e3o da pol\u00edtica tarif\u00e1ria da Meta, conglomerado propriet\u00e1rio do WhatsApp, provocou um movimento de reorganiza\u00e7\u00e3o cont\u00e1bil nos departamentos de tecnologia de m\u00e9dias e grandes empresas no Brasil. A implementa\u00e7\u00e3o da cobran\u00e7a sobre o atendimento receptivo, ou seja, sobre conversas iniciadas pelo pr\u00f3prio consumidor, transformou o servi\u00e7o de suporte e vendas em uma despesa vari\u00e1vel de dif\u00edcil previs\u00e3o. Empresas que mantinham estruturas massivas de atendimento na plataforma passaram a arcar com taxas operacionais recorrentes para responder a chamados gerados por seus pr\u00f3prios investimentos em marketing.<\/p>\n<p>O cen\u00e1rio exp\u00f5e a fragilidade de gerir opera\u00e7\u00f5es fundamentais com depend\u00eancia exclusiva de intermedi\u00e1rios tecnol\u00f3gicos globais. A depend\u00eancia excessiva de ambientes controlados por terceiros afeta a previsibilidade de caixa e compromete o valor de mercado corporativo. O fen\u00f4meno atinge com for\u00e7a setores de alta relev\u00e2ncia econ\u00f4mica no pa\u00eds, como a constru\u00e7\u00e3o civil, a sa\u00fade suplementar, a educa\u00e7\u00e3o privada e os sistemas de franquias, onde a frequ\u00eancia de contatos com clientes \u00e9 elevada e constante.<\/p>\n<p><b>Riscos da depend\u00eancia tecnol\u00f3gica no planejamento at\u00e9 2027<\/b><\/p>\n<p>A consolida\u00e7\u00e3o das proje\u00e7\u00f5es de mercado exige que os conselhos de administra\u00e7\u00e3o reavaliem com urg\u00eancia a infraestrutura de comunica\u00e7\u00e3o das empresas. Em recente an\u00e1lise sobre os setores econ\u00f4micos em expans\u00e3o com perspectiva de crescimento at\u00e9 2027, publicada no <a href=\"https:\/\/bluestudio.estadao.com.br\/agencia-de-comunicacao\/releases\/releases-geral\/setores-que-mais-movimentam-a-economia-ate-2027\/\" target=\"_blank\">Estad\u00e3o<\/a>, o especialista em Soberania Digital e fundador do portal <b><a href=\"https:\/\/cidadenoar.com\" target=\"_blank\">Cidade no Ar<\/a><\/b>, Jeferson Sobczack, apontou que a evolu\u00e7\u00e3o do mercado trar\u00e1 exig\u00eancias rigorosas quanto ao controle de custos e governan\u00e7a de dados.<\/p>\n<p>A sustentabilidade operacional dos neg\u00f3cios ao longo dos pr\u00f3ximos anos depender\u00e1 diretamente da capacidade das marcas de realizar a migra\u00e7\u00e3o da m\u00eddia alugada para ativos tecnol\u00f3gicos pr\u00f3prios. Empresas que pretendem manter posi\u00e7\u00f5es de lideran\u00e7a e se posicionar como refer\u00eancias para os novos motores de busca por intelig\u00eancia artificial precisam estabelecer o dom\u00ednio integral dos seus canais de atendimento, eliminando o pagamento desnecess\u00e1rio de encargos sobre intera\u00e7\u00f5es comerciais rotineiras.<\/p>\n<p><b>A constru\u00e7\u00e3o da infraestrutura pr\u00f3pria como ativo patrimonial<\/b><\/p>\n<p>A gest\u00e3o prudente dos recursos empresariais recomenda que o l\u00edder edifique a estrutura da sua organiza\u00e7\u00e3o em terreno firme, devidamente protegido e sob dom\u00ednio direto. Transferir a intelig\u00eancia de neg\u00f3cios, a base de contatos e o hist\u00f3rico de relacionamento comercial para sistemas propriet\u00e1rios \u00e9 uma decis\u00e3o estrat\u00e9gica que protege o fluxo de caixa e fortalece o valor institucional da empresa.<\/p>\n<p>&#8220;A utiliza\u00e7\u00e3o de redes sociais e mensageiros mantidos por gigantes da tecnologia, conhecidas como <a href=\"https:\/\/pt.wikipedia.org\/wiki\/Big_Tech\" target=\"_blank\">Big Techs,<\/a> \u00e9 um meio v\u00e1lido para a atra\u00e7\u00e3o de p\u00fablico. Contudo, concentrar toda a jornada do cliente e a opera\u00e7\u00e3o de suporte exclusivamente nessas ferramentas significa construir o patrim\u00f4nio da empresa em terreno alugado. O empres\u00e1rio que paga uma taxa para responder a uma d\u00favida de um cliente que ele pr\u00f3prio atraiu perdeu o controle sobre a margem financeira&#8221;, declara Jeferson Sobczack. &#8220;A governan\u00e7a respons\u00e1vel exige um ecossistema pr\u00f3prio. A implementa\u00e7\u00e3o de um portal corporativo dotado de atendimento din\u00e2mico, automa\u00e7\u00f5es nativas e gest\u00e3o independente de comunica\u00e7\u00e3o garante a continuidade dos servi\u00e7os sem sobressaltos tarif\u00e1rios ou interfer\u00eancias algor\u00edtmicas.&#8221;<\/p>\n<p>Com a ado\u00e7\u00e3o de centrais din\u00e2micas instaladas em dom\u00ednios pr\u00f3prios, as equipes de suporte e vendas passam a trabalhar de forma integrada por meio de computadores ou dispositivos m\u00f3veis. A arquitetura viabiliza notifica\u00e7\u00f5es em tempo real, mant\u00e9m a fluidez na intera\u00e7\u00e3o com o usu\u00e1rio e elimina completamente as taxas sobre o volume de mensagens. O modelo tamb\u00e9m blinda a opera\u00e7\u00e3o corporativa contra eventuais revis\u00f5es de termos em outras plataformas do mesmo grupo, como o Instagram e o Facebook.<\/p>\n<p><b>O caminho para a autonomia tecnol\u00f3gica nas empresas<\/b><\/p>\n<p>O movimento em dire\u00e7\u00e3o \u00e0 soberania digital n\u00e3o requer a desconex\u00e3o completa dos aplicativos de mensagens, mas sim o reposicionamento do papel que eles desempenham na jornada comercial. As redes sociais e os aplicativos terceirizados cumprem a fun\u00e7\u00e3o de atrair o interesse inicial, enquanto a consolida\u00e7\u00e3o do atendimento, a negocia\u00e7\u00e3o e a manuten\u00e7\u00e3o do relacionamento precisam ocorrer em ecossistemas controlados pela pr\u00f3pria organiza\u00e7\u00e3o.<\/p>\n<p>Para proteger a lucratividade, mitigar os riscos de paralisa\u00e7\u00e3o e estruturar a empresa para os desafios previstos at\u00e9 2027, as diretrizes modernas de governan\u00e7a recomendam a transi\u00e7\u00e3o programada para sistemas propriet\u00e1rios de comunica\u00e7\u00e3o.<\/p>\n<p>Para solicitar uma Auditoria de Governan\u00e7a de Canais e Soberania Digital com o consultor <b><a href=\"https:\/\/jefersonsobczack.com.br\" target=\"_blank\">Jeferson Sobczack<\/a><\/b>, acesse a plataforma <b><a href=\"https:\/\/saiadoalugueldigital.com.br\" target=\"_blank\">Saia do Aluguel Digital<\/a><\/b>. Para acompanhar an\u00e1lises de mercado pautadas na \u00e9tica e no desenvolvimento econ\u00f4mico das cidades, acesse o portal <b><a href=\"https:\/\/cidadenoar.com\/jeferson\" target=\"_blank\">Cidade no Ar<\/a><\/b>\u00a0e conhe\u00e7a os programas de licenciamento regional.<\/p>\n<p><b>Perguntas frequentes (FAQ)<\/b><\/p>\n<p>1. Por que a cobran\u00e7a por mensagens receptivas afeta a margem das empresas?<\/p>\n<p>A cobran\u00e7a sobre mensagens receptivas faz com que a empresa pague uma taxa cada vez que um cliente inicia uma conversa para tirar d\u00favidas ou solicitar atendimento. Isso transforma o suporte e a capta\u00e7\u00e3o de leads em um custo vari\u00e1vel imprevis\u00edvel, reduzindo a rentabilidade da opera\u00e7\u00e3o.<\/p>\n<p>2. Quais s\u00e3o os riscos de manter a opera\u00e7\u00e3o comercial dependente de terceiros?<\/p>\n<p>A depend\u00eancia de plataformas externas exp\u00f5e o neg\u00f3cio a reajustes unilaterais de tarifas, a mudan\u00e7as repentinas nas regras de uso e ao risco de bloqueios automatizados sem suporte humano imediato, o que pode interromper as vendas da noite para o dia.<\/p>\n<p>3. Como a transi\u00e7\u00e3o para um ativo pr\u00f3prio protege o patrim\u00f4nio da empresa?<\/p>\n<p>A transi\u00e7\u00e3o centraliza o atendimento e os dados da base de clientes em um ambiente seguro e de custo fixo. Al\u00e9m de eliminar as taxas por mensagem, a empresa garante a posse definitiva dos seus dados e prepara seu conte\u00fado para ser indexado por mecanismos de busca e intelig\u00eancia artificial.<\/p>\n<p>Website: <a href=\"https:\/\/saiadoalugueldigital.com.br\" target=\"_blank\">https:\/\/saiadoalugueldigital.com.br<\/a><\/p>\n<p>Foto: Divulga\u00e7\u00e3o Jeferson Batista Sobczack<\/p>\n<p>A <b>OESP<\/b> n\u00e3o \u00e9(s\u00e3o) respons\u00e1vel(is) por erros, incorre\u00e7\u00f5es, atrasos ou quaisquer decis\u00f5es tomadas por seus clientes com base nos Conte\u00fados ora disponibilizados, bem como tais Conte\u00fados n\u00e3o representam a opini\u00e3o da <b>OESP<\/b> e s\u00e3o de inteira responsabilidade da <b>Knewin Dino<\/b><\/p>\n","protected":false},"excerpt":{"rendered":"A recente reformula\u00e7\u00e3o da pol\u00edtica tarif\u00e1ria da Meta, conglomerado propriet\u00e1rio do WhatsApp, provocou um movimento de reorganiza\u00e7\u00e3o cont\u00e1bil nos departamentos de tecnologia de m\u00e9dias e","protected":false},"author":1,"featured_media":137753,"comment_status":"open","ping_status":"closed","sticky":false,"template":"","format":"standard","meta":{"_acf_changed":false,"inline_featured_image":false,"_monsterinsights_skip_tracking":false,"_monsterinsights_sitenote_active":false,"_monsterinsights_sitenote_note":"","_monsterinsights_sitenote_category":0,"footnotes":""},"categories":[11470],"tags":[101,12391,112,300,47],"class_list":["post-137752","post","type-post","status-publish","format-standard","has-post-thumbnail","hentry","category-knewin-dino","tag-economia","tag-empreendedorismo","tag-marketing","tag-negocios","tag-tecnologia"],"acf":[],"_links":{"self":[{"href":"https:\/\/bluestudio.estadao.com.br\/agencia-de-comunicacao\/wp-json\/wp\/v2\/posts\/137752","targetHints":{"allow":["GET"]}}],"collection":[{"href":"https:\/\/bluestudio.estadao.com.br\/agencia-de-comunicacao\/wp-json\/wp\/v2\/posts"}],"about":[{"href":"https:\/\/bluestudio.estadao.com.br\/agencia-de-comunicacao\/wp-json\/wp\/v2\/types\/post"}],"author":[{"embeddable":true,"href":"https:\/\/bluestudio.estadao.com.br\/agencia-de-comunicacao\/wp-json\/wp\/v2\/users\/1"}],"replies":[{"embeddable":true,"href":"https:\/\/bluestudio.estadao.com.br\/agencia-de-comunicacao\/wp-json\/wp\/v2\/comments?post=137752"}],"version-history":[{"count":0,"href":"https:\/\/bluestudio.estadao.com.br\/agencia-de-comunicacao\/wp-json\/wp\/v2\/posts\/137752\/revisions"}],"wp:featuredmedia":[{"embeddable":true,"href":"https:\/\/bluestudio.estadao.com.br\/agencia-de-comunicacao\/wp-json\/wp\/v2\/media\/137753"}],"wp:attachment":[{"href":"https:\/\/bluestudio.estadao.com.br\/agencia-de-comunicacao\/wp-json\/wp\/v2\/media?parent=137752"}],"wp:term":[{"taxonomy":"category","embeddable":true,"href":"https:\/\/bluestudio.estadao.com.br\/agencia-de-comunicacao\/wp-json\/wp\/v2\/categories?post=137752"},{"taxonomy":"post_tag","embeddable":true,"href":"https:\/\/bluestudio.estadao.com.br\/agencia-de-comunicacao\/wp-json\/wp\/v2\/tags?post=137752"}],"curies":[{"name":"wp","href":"https:\/\/api.w.org\/{rel}","templated":true}]}}