{"id":137750,"date":"2026-08-31T11:20:00","date_gmt":"2026-08-31T14:20:00","guid":{"rendered":"https:\/\/bluestudio.estadao.com.br\/agencia-de-comunicacao\/knewin-dino\/21a-mostra-mundo-arabe-de-cinema-reune-sete-filmes-ineditos\/"},"modified":"2026-08-31T11:20:00","modified_gmt":"2026-08-31T14:20:00","slug":"21a-mostra-mundo-arabe-de-cinema-reune-sete-filmes-ineditos","status":"publish","type":"post","link":"https:\/\/bluestudio.estadao.com.br\/agencia-de-comunicacao\/knewin-dino\/21a-mostra-mundo-arabe-de-cinema-reune-sete-filmes-ineditos\/","title":{"rendered":"21\u00aa Mostra Mundo \u00c1rabe de Cinema re\u00fane sete filmes in\u00e9ditos"},"content":{"rendered":"<p>Com uma programa\u00e7\u00e3o de nove filmes, sendo sete in\u00e9ditos, a\u00a0<b>21\u00aa Mostra Mundo \u00c1rabe de Cinema<\/b>, criada pelo\u00a0<b>Instituto da Cultura \u00c1rabe<\/b>\u00a0e realizada em parceria com o\u00a0<b>Sesc S<\/b><b>\u00e3o Paulo\u00a0<\/b><b>\u2013 Servi<\/b><b>\u00e7o Social do Com<\/b><b>\u00e9rcio<\/b>, estar\u00e1 em cartaz no CineSesc de 2 a 8 de setembro, apresentando ao p\u00fablico brasileiro hist\u00f3rias, cen\u00e1rios e a conjuntura do mundo \u00e1rabe, em sua diversidade social, pol\u00edtica e cultural. O <a href=\"https:\/\/mundoarabe2026.icarabe.org\/\" target=\"_blank\">site da Mostra pode ser acessado aqui<\/a>.<\/p>\n<p>A Mostra deste ano se realiza em um contexto de grandes mudan\u00e7as nos diversos pa\u00edses \u00e1rabes e busca apresentar o mundo \u00e1rabe em toda a sua complexidade. \u201cS\u00e3o identidades e uma cultura multifacetada, muito viva e em constante transforma\u00e7\u00e3o\u201d, comenta Soraya Smaili, idealizadora da Mostra. \u201cSalientamos tamb\u00e9m a maturidade trazida de uma programa\u00e7\u00e3o que completa 21 anos e que se alinha \u00e0s comemora\u00e7\u00f5es dos 80 anos do SESC-SP, parceiro e realizador desde a primeira exibi\u00e7\u00e3o, em 2005\u201d, completa.<\/p>\n<p>As produ\u00e7\u00f5es revelam uma cinematografia atravessada por mem\u00f3ria, territ\u00f3rio, fam\u00edlia, deslocamento e transforma\u00e7\u00e3o, com filmes do Marrocos, Sud\u00e3o, Tun\u00edsia, Egito, Ar\u00e1bia Saudita, Iraque e L\u00edbano, entre outros pa\u00edses coprodutores. \u201cA programa\u00e7\u00e3o parte das imagens que os pr\u00f3prios cineastas \u00e1rabes produzem de suas sociedades. Mais do que oferecer uma representa\u00e7\u00e3o \u00fanica da regi\u00e3o, interessa-nos revelar uma pluralidade de olhares sobre sociedades vivas, complexas e em permanente transforma\u00e7\u00e3o\u201d, ressalta o curador Arthur Jafet.<\/p>\n<p>O filme de abertura, \u201cCalle M\u00e1laga\u201d, de Maryam Touzani, \u00e9 protagonizado por Carmen Maura, estrela do cinema espanhol. Ambientado em T\u00e2nger, acompanha uma espanhola de 79 anos determinada a permanecer na cidade onde construiu sua vida quando a filha decide vender seu apartamento. Entre casa, objetos, mem\u00f3ria, desejo e pertencimento, Touzani constr\u00f3i uma hist\u00f3ria em que identidade e territ\u00f3rio deixam de obedecer simplesmente \u00e0s fronteiras dos mapas. \u201c\u2018Calle M\u00e1laga\u2019 \u00e9 representativo e simb\u00f3lico, al\u00e9m de ter ganho diversos pr\u00eamios em festivais internacionais, por isso escolhemos como filme de estreia\u201d, salienta Soraya Smaili.<\/p>\n<p>Mais do que organizar os filmes por nacionalidades, nesta edi\u00e7\u00e3o o ICArabe procurou aproximar obras que se cruzam em seis linhas de for\u00e7a: territ\u00f3rio, arquivo e imagem recuperada; cotidiano e presen\u00e7a; heran\u00e7a, fam\u00edlia e transmiss\u00e3o; humor, cr\u00edtica social e ironia; juventude, mobilidade e pertencimento; e reconstru\u00e7\u00e3o simb\u00f3lica e legado cultural.<\/p>\n<p>\u201cEm suas diferentes linguagens, esses filmes recusam a ideia de sociedades paradas entre tradi\u00e7\u00e3o e modernidade. O que vemos s\u00e3o pessoas continuamente reelaborando aquilo que receberam do passado \u2014 a mem\u00f3ria, a fam\u00edlia, a terra, a pr\u00f3pria ideia de pertencimento \u2014 enquanto procuram imaginar outras formas de futuro. \u00c9 justamente dessa multiplicidade que emerge o mundo \u00e1rabe que a Mostra procura revelar\u201d, frisa Arthur Jafet.<\/p>\n<p>A 21\u00aa Mostra Mundo \u00c1rabe de Cinema tem patroc\u00ednio da C\u00e2mara de Com\u00e9rcio \u00c1rabe-Brasileira e da Casa \u00c1rabe, e copatroc\u00ednio da Nasser Advogados, al\u00e9m do apoio cultural do\u00a0Instituto do Sono e da Unifesp|C\u00e1tedra Edward Said de Estudos da Contemporaneidade|Pr\u00f3-Reitoria de P\u00f3s-Gradua\u00e7\u00e3o e Pesquisa da Unifesp.<\/p>\n<p>A programa\u00e7\u00e3o est\u00e1 dispon\u00edvel <a href=\"https:\/\/icarabe.org\/noticias\/21a-mostra-mundo-arabe-de-cinema-memoria-territorio-familia-deslocamento-e-transformacao-permeiam-a-edicao-2026-em-cartaz-no-cinesesc-de-2-a-8-de-setembro-com-sete-filmes-ineditos\/\" target=\"_blank\">neste link<\/a>.<\/p>\n<p>Website: <a href=\"https:\/\/icarabe.org\/\" target=\"_blank\">https:\/\/icarabe.org\/<\/a><\/p>\n<p>Foto: Divulga\u00e7\u00e3o\/Mostra Mundo \u00c1rabe de Cinema<\/p>\n<p>A <b>OESP<\/b> n\u00e3o \u00e9(s\u00e3o) respons\u00e1vel(is) por erros, incorre\u00e7\u00f5es, atrasos ou quaisquer decis\u00f5es tomadas por seus clientes com base nos Conte\u00fados ora disponibilizados, bem como tais Conte\u00fados n\u00e3o representam a opini\u00e3o da <b>OESP<\/b> e s\u00e3o de inteira responsabilidade da <b>Knewin Dino<\/b><\/p>\n","protected":false},"excerpt":{"rendered":"Com uma programa\u00e7\u00e3o de nove filmes, sendo sete in\u00e9ditos, a\u00a021\u00aa Mostra Mundo \u00c1rabe de Cinema, criada pelo\u00a0Instituto da Cultura \u00c1rabe\u00a0e realizada em parceria com o\u00a0Sesc S\u00e3o Paulo\u00a0\u2013","protected":false},"author":1,"featured_media":137751,"comment_status":"open","ping_status":"closed","sticky":false,"template":"","format":"standard","meta":{"_acf_changed":false,"inline_featured_image":false,"_monsterinsights_skip_tracking":false,"_monsterinsights_sitenote_active":false,"_monsterinsights_sitenote_note":"","_monsterinsights_sitenote_category":0,"footnotes":""},"categories":[11470],"tags":[12411,1152,12395],"class_list":["post-137750","post","type-post","status-publish","format-standard","has-post-thumbnail","hentry","category-knewin-dino","tag-arte","tag-entretenimento","tag-sociedade"],"acf":[],"_links":{"self":[{"href":"https:\/\/bluestudio.estadao.com.br\/agencia-de-comunicacao\/wp-json\/wp\/v2\/posts\/137750","targetHints":{"allow":["GET"]}}],"collection":[{"href":"https:\/\/bluestudio.estadao.com.br\/agencia-de-comunicacao\/wp-json\/wp\/v2\/posts"}],"about":[{"href":"https:\/\/bluestudio.estadao.com.br\/agencia-de-comunicacao\/wp-json\/wp\/v2\/types\/post"}],"author":[{"embeddable":true,"href":"https:\/\/bluestudio.estadao.com.br\/agencia-de-comunicacao\/wp-json\/wp\/v2\/users\/1"}],"replies":[{"embeddable":true,"href":"https:\/\/bluestudio.estadao.com.br\/agencia-de-comunicacao\/wp-json\/wp\/v2\/comments?post=137750"}],"version-history":[{"count":0,"href":"https:\/\/bluestudio.estadao.com.br\/agencia-de-comunicacao\/wp-json\/wp\/v2\/posts\/137750\/revisions"}],"wp:featuredmedia":[{"embeddable":true,"href":"https:\/\/bluestudio.estadao.com.br\/agencia-de-comunicacao\/wp-json\/wp\/v2\/media\/137751"}],"wp:attachment":[{"href":"https:\/\/bluestudio.estadao.com.br\/agencia-de-comunicacao\/wp-json\/wp\/v2\/media?parent=137750"}],"wp:term":[{"taxonomy":"category","embeddable":true,"href":"https:\/\/bluestudio.estadao.com.br\/agencia-de-comunicacao\/wp-json\/wp\/v2\/categories?post=137750"},{"taxonomy":"post_tag","embeddable":true,"href":"https:\/\/bluestudio.estadao.com.br\/agencia-de-comunicacao\/wp-json\/wp\/v2\/tags?post=137750"}],"curies":[{"name":"wp","href":"https:\/\/api.w.org\/{rel}","templated":true}]}}