{"id":137748,"date":"2026-08-31T11:23:00","date_gmt":"2026-08-31T14:23:00","guid":{"rendered":"https:\/\/bluestudio.estadao.com.br\/agencia-de-comunicacao\/knewin-dino\/festa-de-flores-e-morangos-de-atibaia-apresenta-novidades\/"},"modified":"2026-08-31T11:23:00","modified_gmt":"2026-08-31T14:23:00","slug":"festa-de-flores-e-morangos-de-atibaia-apresenta-novidades","status":"publish","type":"post","link":"https:\/\/bluestudio.estadao.com.br\/agencia-de-comunicacao\/knewin-dino\/festa-de-flores-e-morangos-de-atibaia-apresenta-novidades\/","title":{"rendered":"Festa de Flores e Morangos de Atibaia apresenta novidades"},"content":{"rendered":"<p>A Associa\u00e7\u00e3o Hortol\u00e2ndia de Atibaia, com apoio da Prefeitura Municipal e de patrocinadores, realizar\u00e1 a 44\u00aa Festa de Flores e Morangos de Atibaia entre 4 e 27 de setembro, de sexta a domingo e no feriado de 7 de setembro, das 9h \u00e0s 18h, no Parque Ecol\u00f3gico Atibaia, localizado na Av. Nobuyuki Hiranaka, 566.<\/p>\n<p>A programa\u00e7\u00e3o inclui a inaugura\u00e7\u00e3o de um Jardim Japon\u00eas que apresenta um torii de concreto com 5 metros de altura e 6 metros de largura, considerado um dos maiores do pa\u00eds, al\u00e9m de lago ornamental, paisagismo e casa tradicional japonesa. O espa\u00e7o visa a proporcionar contempla\u00e7\u00e3o e refor\u00e7ar a heran\u00e7a cultural japonesa presente na hist\u00f3ria da festa.<\/p>\n<p>Para melhorar a acessibilidade, ser\u00e1 disponibilizado um carrinho el\u00e9trico destinado ao transporte de pessoas com defici\u00eancia ou com mobilidade reduzida, facilitando o deslocamento ao Jardim Japon\u00eas e ao segundo plat\u00f4 do parque. O evento tamb\u00e9m contar\u00e1 com \u00e1reas de descanso, coberturas e pontos de hidrata\u00e7\u00e3o.<\/p>\n<p>Um Jardim Sensorial ser\u00e1 instalado para oferecer uma experi\u00eancia multissensorial com aromas, texturas, cores e formas, ampliando a conex\u00e3o dos visitantes com a natureza e refor\u00e7ando o compromisso com a inclus\u00e3o e a educa\u00e7\u00e3o ambiental.<\/p>\n<p>O Sal\u00e3o do Artes\u00e3o de Atibaia reunir\u00e1 produtores locais, permitindo a exposi\u00e7\u00e3o e comercializa\u00e7\u00e3o de pe\u00e7as artesanais que refletem a identidade cultural do munic\u00edpio, contribuindo para a economia criativa da regi\u00e3o.<\/p>\n<p>O Pavilh\u00e3o de Exposi\u00e7\u00e3o de Flores ter\u00e1 como tema &#8216;Kib\u014d \u2013 a esperan\u00e7a!, apresentando mais de um milh\u00e3o de p\u00e9talas, madeiras queimadas, bambus, pedras e \u00e1gua, distribu\u00eddos em mais de 20 ambientes. O espa\u00e7o incluir\u00e1 \u00e1reas instagram\u00e1veis, ikebana estilo sogetsu e produtos de produtores rurais.<\/p>\n<p>Os ingressos s\u00e3o comercializados em tr\u00eas modalidades: inteira (R$70), meia\u2011entrada (R$35) para estudantes, idosos, pessoas com defici\u00eancia, professores da rede p\u00fablica e jovens de baixa renda, e ingresso parceiro (R$50) mediante a doa\u00e7\u00e3o de um quilo de alimento n\u00e3o perec\u00edvel. Na sexta\u2011feira, 11 de setembro, haver\u00e1\u00a0entrada solid\u00e1ria,\u00a0tamb\u00e9m mediante a doa\u00e7\u00e3o de um quilo de alimento.<\/p>\n<p>A venda de ingressos est\u00e1 dispon\u00edvel online no site https:\/\/www.floresemorangos.com.br\/ e nas bilheterias do parque durante o evento. D\u00favidas podem ser esclarecidas pelo telefone 0800\u2011055\u20115979 (liga\u00e7\u00e3o) ou WhatsApp (11) 96570\u20116147, de segunda a sexta, das 8h30 \u00e0s 17h.<\/p>\n<p>O acesso ao Parque Ecol\u00f3gico Atibaia se d\u00e1 pela Rodovia Dom Pedro I, sa\u00edda 79 (km 79), no sentido Atibaia-Campinas, ou pela sa\u00edda para B. Pires\/V. D. Pedro I, no sentido Campinas-Atibaia.<\/p>\n<p>A realiza\u00e7\u00e3o da festa conta com a colabora\u00e7\u00e3o da Associa\u00e7\u00e3o dos Produtores de Morangos de Atibaia e Jarinu, Sindicato Rural de Atibaia, Pro\u2011Flor, SAAE, Graal, Rota das Bandeiras, Convention &amp; Visitors Bureau, al\u00e9m de patroc\u00ednio de empresas como Sakata, Ball, Bioplugs, PME Seguros, Silk Plack, Ata7, Sicredi, Lago Azul e Villa Net.<\/p>\n<p>Website: <a href=\"https:\/\/www.floresemorangos.com.br\" target=\"_blank\">https:\/\/www.floresemorangos.com.br<\/a><\/p>\n<p>Foto: Foto Humberto Santos<\/p>\n<p>A <b>OESP<\/b> n\u00e3o \u00e9(s\u00e3o) respons\u00e1vel(is) por erros, incorre\u00e7\u00f5es, atrasos ou quaisquer decis\u00f5es tomadas por seus clientes com base nos Conte\u00fados ora disponibilizados, bem como tais Conte\u00fados n\u00e3o representam a opini\u00e3o da <b>OESP<\/b> e s\u00e3o de inteira responsabilidade da <b>Knewin Dino<\/b><\/p>\n","protected":false},"excerpt":{"rendered":"A Associa\u00e7\u00e3o Hortol\u00e2ndia de Atibaia, com apoio da Prefeitura Municipal e de patrocinadores, realizar\u00e1 a 44\u00aa Festa de Flores e Morangos de Atibaia entre 4 e 27 de setembro, de sexta a domingo e no","protected":false},"author":1,"featured_media":137749,"comment_status":"open","ping_status":"closed","sticky":false,"template":"","format":"standard","meta":{"_acf_changed":false,"inline_featured_image":false,"_monsterinsights_skip_tracking":false,"_monsterinsights_sitenote_active":false,"_monsterinsights_sitenote_note":"","_monsterinsights_sitenote_category":0,"footnotes":""},"categories":[11470],"tags":[12424,12411,12405,300,12170,12393],"class_list":["post-137748","post","type-post","status-publish","format-standard","has-post-thumbnail","hentry","category-knewin-dino","tag-agronegocios","tag-arte","tag-eventos","tag-negocios","tag-sustentabilidade","tag-turismo-e-viagem"],"acf":[],"_links":{"self":[{"href":"https:\/\/bluestudio.estadao.com.br\/agencia-de-comunicacao\/wp-json\/wp\/v2\/posts\/137748","targetHints":{"allow":["GET"]}}],"collection":[{"href":"https:\/\/bluestudio.estadao.com.br\/agencia-de-comunicacao\/wp-json\/wp\/v2\/posts"}],"about":[{"href":"https:\/\/bluestudio.estadao.com.br\/agencia-de-comunicacao\/wp-json\/wp\/v2\/types\/post"}],"author":[{"embeddable":true,"href":"https:\/\/bluestudio.estadao.com.br\/agencia-de-comunicacao\/wp-json\/wp\/v2\/users\/1"}],"replies":[{"embeddable":true,"href":"https:\/\/bluestudio.estadao.com.br\/agencia-de-comunicacao\/wp-json\/wp\/v2\/comments?post=137748"}],"version-history":[{"count":0,"href":"https:\/\/bluestudio.estadao.com.br\/agencia-de-comunicacao\/wp-json\/wp\/v2\/posts\/137748\/revisions"}],"wp:featuredmedia":[{"embeddable":true,"href":"https:\/\/bluestudio.estadao.com.br\/agencia-de-comunicacao\/wp-json\/wp\/v2\/media\/137749"}],"wp:attachment":[{"href":"https:\/\/bluestudio.estadao.com.br\/agencia-de-comunicacao\/wp-json\/wp\/v2\/media?parent=137748"}],"wp:term":[{"taxonomy":"category","embeddable":true,"href":"https:\/\/bluestudio.estadao.com.br\/agencia-de-comunicacao\/wp-json\/wp\/v2\/categories?post=137748"},{"taxonomy":"post_tag","embeddable":true,"href":"https:\/\/bluestudio.estadao.com.br\/agencia-de-comunicacao\/wp-json\/wp\/v2\/tags?post=137748"}],"curies":[{"name":"wp","href":"https:\/\/api.w.org\/{rel}","templated":true}]}}