{"id":137744,"date":"2026-08-31T11:34:00","date_gmt":"2026-08-31T14:34:00","guid":{"rendered":"https:\/\/bluestudio.estadao.com.br\/agencia-de-comunicacao\/knewin-dino\/com-652-mil-alunos-no-direito-pratica-vira-diferencial\/"},"modified":"2026-08-31T11:34:00","modified_gmt":"2026-08-31T14:34:00","slug":"com-652-mil-alunos-no-direito-pratica-vira-diferencial","status":"publish","type":"post","link":"https:\/\/bluestudio.estadao.com.br\/agencia-de-comunicacao\/knewin-dino\/com-652-mil-alunos-no-direito-pratica-vira-diferencial\/","title":{"rendered":"Com 652 mil alunos no Direito, pr\u00e1tica vira diferencial"},"content":{"rendered":"<p>O curso de Direito alcan\u00e7ou 652,9 mil matr\u00edculas e est\u00e1 entre as tr\u00eas gradua\u00e7\u00f5es com maior n\u00famero de estudantes no Brasil, segundo o <a href=\"https:\/\/www.cnnbrasil.com.br\/educacao\/pedagogia-direito-veja-ranking-dos-10-cursos-com-mais-alunos-matriculados\/\" target=\"_blank\">Censo da Educa\u00e7\u00e3o Superior de 2024<\/a>, divulgado pelo Instituto Nacional de Estudos e Pesquisas Educacionais An\u00edsio Teixeira (Inep). O volume expressivo de futuros profissionais recoloca uma quest\u00e3o antiga em evid\u00eancia: como esses estudantes podem construir experi\u00eancia antes de concluir a gradua\u00e7\u00e3o, per\u00edodo em que a correspond\u00eancia jur\u00eddica desponta como uma das portas de entrada para a rotina da profiss\u00e3o.<\/p>\n<p>A <a href=\"https:\/\/correspondentedinamico.com.br\/cadastro-advogado-correspondente-juridico?orig=71&amp;source=cdd-dinocadastro\" target=\"_blank\">correspond\u00eancia jur\u00eddica<\/a> abrange um conjunto de tarefas mais amplo do que a atua\u00e7\u00e3o privativa da advocacia. Segundo Priscila Pinheiro, advogada e CEO do <a href=\"http:\/\/correspondentedinamico.com.br\/?orig=71&amp;source=cdd-dinosite\" target=\"_blank\">Correspondente Din\u00e2mico<\/a>, existem atividades de apoio que n\u00e3o exigem inscri\u00e7\u00e3o na Ordem dos Advogados do Brasil (OAB) e podem representar uma oportunidade de experi\u00eancia para estudantes e bachar\u00e9is, desde que respeitados os limites legais de cada fun\u00e7\u00e3o.<\/p>\n<p>\u201cEntre elas est\u00e3o a obten\u00e7\u00e3o de documentos e certid\u00f5es, protocolos e entregas, levantamentos de informa\u00e7\u00f5es, acompanhamento de procedimentos administrativos e determinadas dilig\u00eancias em cart\u00f3rios, \u00f3rg\u00e3os p\u00fablicos e institui\u00e7\u00f5es privadas\u201d, enumera a advogada. Para ela, esse contato com a rotina jur\u00eddica \u00e9 especialmente relevante ao estudante, pois permite vivenciar situa\u00e7\u00f5es que complementam o conhecimento adquirido na faculdade.<\/p>\n<p><b>Do cadastro \u00e0 disputa por demandas<\/b><\/p>\n<p>O cofundador e especialista em tecnologia da plataforma, Gian Nunes, explica que o <a href=\"https:\/\/correspondentedinamico.com.br\/cadastro-advogado-correspondente-juridico?orig=71&amp;source=cdd-dinocadastro\" target=\"_blank\">cadastro no Correspondente Din\u00e2mico<\/a> \u00e9 gratuito e permite que o profissional crie um perfil, informe as localidades e \u00e1reas em que deseja atuar e passe a integrar o diret\u00f3rio. A partir disso, torna-se poss\u00edvel acompanhar a exist\u00eancia de demandas compat\u00edveis com o perfil e a regi\u00e3o de atua\u00e7\u00e3o.<\/p>\n<p>\u201cEstar no diret\u00f3rio tamb\u00e9m aumenta a possibilidade de ser encontrado por escrit\u00f3rios e outros contratantes que procuram apoio local\u201d, afirma Nunes. Ele acrescenta que, para quem ainda est\u00e1 construindo sua rede profissional, essa presen\u00e7a reduz a depend\u00eancia exclusiva de indica\u00e7\u00f5es pessoais e cria um novo canal de contato com o setor.<\/p>\n<p>O <a href=\"https:\/\/painel.correspondentedinamico.com.br\/premium-v2?orig=71&amp;source=cdd-dinopremium\" target=\"_blank\">plano Premium<\/a> amplia a forma como o correspondente acessa e disputa oportunidades. Nas cidades ativas em seu plano, o profissional consegue visualizar os detalhes das demandas dispon\u00edveis e enviar propostas diretamente aos contratantes, o que torna a participa\u00e7\u00e3o mais ativa.<\/p>\n<p>\u201cEm vez de apenas manter um perfil dispon\u00edvel para ser localizado, ele pode avaliar as oportunidades e decidir quais fazem sentido para sua regi\u00e3o, disponibilidade e perfil profissional\u201d, descreve Priscila Pinheiro. A CEO pondera que o retorno financeiro depende da quantidade de servi\u00e7os efetivamente contratados e dos valores negociados em cada demanda.<\/p>\n<p><b>Uma d\u00e9cada de conex\u00f5es profissionais<\/b><\/p>\n<p>Com mais de dez anos de opera\u00e7\u00e3o, a plataforma foi ajustando sua tecnologia para diminuir a dist\u00e2ncia entre contratantes e correspondentes, considerando fatores como localiza\u00e7\u00e3o e perfil de atua\u00e7\u00e3o na distribui\u00e7\u00e3o das oportunidades. O crescimento da base, segundo Gian Nunes, criou um efeito de rede que amplia a capacidade de atendimento.<\/p>\n<p>\u201cQuanto maior a presen\u00e7a de correspondentes em diferentes localidades, maior a capacidade de atender contratantes que possuem demandas espalhadas pelo pa\u00eds\u201d, avalia o especialista. Dessa forma, uma oportunidade criada por um escrit\u00f3rio pode chegar a profissionais capazes de execut\u00e1-la localmente, tornando mais organizada e escal\u00e1vel uma busca que antes dependia de contatos e indica\u00e7\u00f5es.<\/p>\n<p>Para Priscila Pinheiro, um dos maiores desafios de quem ainda est\u00e1 na faculdade \u00e9 romper o ciclo em que a experi\u00eancia \u00e9 exigida justamente de quem procura a primeira oportunidade. A correspond\u00eancia jur\u00eddica, de acordo com a advogada, pode ser uma maneira de construir essa viv\u00eancia de forma gradual, conciliando determinadas demandas com os estudos e conhecendo o funcionamento de cart\u00f3rios, \u00f3rg\u00e3os p\u00fablicos e outras estruturas presentes na rotina da \u00e1rea.<\/p>\n<p>\u201cA correspond\u00eancia n\u00e3o exige necessariamente experi\u00eancia pr\u00e9via, sendo uma excelente oportunidade para estudantes se inserirem no mercado jur\u00eddico, mesmo ainda na faculdade, j\u00e1 adquirindo experi\u00eancia, o que faz toda a diferen\u00e7a em sua trajet\u00f3ria profissional\u201d, conclui.<\/p>\n<p>Para mais informa\u00e7\u00f5es, basta acessar: <a href=\"https:\/\/correspondentedinamico.com.br\/cadastro-advogado-correspondente-juridico?orig=71&amp;source=cdd-dinocadastro\" target=\"_blank\">https:\/\/correspondentedinamico.com.br<\/a><\/p>\n<p>Website: <a href=\"https:\/\/correspondentedinamico.com.br\" target=\"_blank\">https:\/\/correspondentedinamico.com.br<\/a><\/p>\n<p>Foto: Imagem do Magnific<\/p>\n<p>A <b>OESP<\/b> n\u00e3o \u00e9(s\u00e3o) respons\u00e1vel(is) por erros, incorre\u00e7\u00f5es, atrasos ou quaisquer decis\u00f5es tomadas por seus clientes com base nos Conte\u00fados ora disponibilizados, bem como tais Conte\u00fados n\u00e3o representam a opini\u00e3o da <b>OESP<\/b> e s\u00e3o de inteira responsabilidade da <b>Knewin Dino<\/b><\/p>\n","protected":false},"excerpt":{"rendered":"O curso de Direito alcan\u00e7ou 652,9 mil matr\u00edculas e est\u00e1 entre as tr\u00eas gradua\u00e7\u00f5es com maior n\u00famero de estudantes no Brasil, segundo o Censo da Educa\u00e7\u00e3o Superior de 2024, divulgado pelo","protected":false},"author":1,"featured_media":137745,"comment_status":"open","ping_status":"closed","sticky":false,"template":"","format":"standard","meta":{"_acf_changed":false,"inline_featured_image":false,"_monsterinsights_skip_tracking":false,"_monsterinsights_sitenote_active":false,"_monsterinsights_sitenote_note":"","_monsterinsights_sitenote_category":0,"footnotes":""},"categories":[11470],"tags":[232,12396,112,300,47],"class_list":["post-137744","post","type-post","status-publish","format-standard","has-post-thumbnail","hentry","category-knewin-dino","tag-educacao","tag-judiciario","tag-marketing","tag-negocios","tag-tecnologia"],"acf":[],"_links":{"self":[{"href":"https:\/\/bluestudio.estadao.com.br\/agencia-de-comunicacao\/wp-json\/wp\/v2\/posts\/137744","targetHints":{"allow":["GET"]}}],"collection":[{"href":"https:\/\/bluestudio.estadao.com.br\/agencia-de-comunicacao\/wp-json\/wp\/v2\/posts"}],"about":[{"href":"https:\/\/bluestudio.estadao.com.br\/agencia-de-comunicacao\/wp-json\/wp\/v2\/types\/post"}],"author":[{"embeddable":true,"href":"https:\/\/bluestudio.estadao.com.br\/agencia-de-comunicacao\/wp-json\/wp\/v2\/users\/1"}],"replies":[{"embeddable":true,"href":"https:\/\/bluestudio.estadao.com.br\/agencia-de-comunicacao\/wp-json\/wp\/v2\/comments?post=137744"}],"version-history":[{"count":0,"href":"https:\/\/bluestudio.estadao.com.br\/agencia-de-comunicacao\/wp-json\/wp\/v2\/posts\/137744\/revisions"}],"wp:featuredmedia":[{"embeddable":true,"href":"https:\/\/bluestudio.estadao.com.br\/agencia-de-comunicacao\/wp-json\/wp\/v2\/media\/137745"}],"wp:attachment":[{"href":"https:\/\/bluestudio.estadao.com.br\/agencia-de-comunicacao\/wp-json\/wp\/v2\/media?parent=137744"}],"wp:term":[{"taxonomy":"category","embeddable":true,"href":"https:\/\/bluestudio.estadao.com.br\/agencia-de-comunicacao\/wp-json\/wp\/v2\/categories?post=137744"},{"taxonomy":"post_tag","embeddable":true,"href":"https:\/\/bluestudio.estadao.com.br\/agencia-de-comunicacao\/wp-json\/wp\/v2\/tags?post=137744"}],"curies":[{"name":"wp","href":"https:\/\/api.w.org\/{rel}","templated":true}]}}