{"id":137728,"date":"2026-08-31T10:55:07","date_gmt":"2026-08-31T13:55:07","guid":{"rendered":"https:\/\/bluestudio.estadao.com.br\/agencia-de-comunicacao\/?p=137728"},"modified":"2026-08-31T14:32:23","modified_gmt":"2026-08-31T17:32:23","slug":"mudanca-comportamento-adolescencia-sinais","status":"publish","type":"post","link":"https:\/\/bluestudio.estadao.com.br\/agencia-de-comunicacao\/releases\/releases-geral\/mudanca-comportamento-adolescencia-sinais\/","title":{"rendered":"Mudan\u00e7a no comportamento do adolescente nem sempre \u00e9 rebeldia"},"content":{"rendered":"\n<p class=\"wp-block-paragraph\"><strong>\u00a0<\/strong><em>Irrita\u00e7\u00e3o, isolamento e impaci\u00eancia podem ser a forma que o jovem encontrou para nomear as pr\u00f3prias emo\u00e7\u00f5es, explica terapeuta<\/em><\/p>\n\n\n\n<p class=\"wp-block-paragraph\">A irrita\u00e7\u00e3o constante, as respostas impacientes, o isolamento no quarto, a sensa\u00e7\u00e3o de que o filho adolescente &#8220;n\u00e3o \u00e9 mais o mesmo&#8221;. Apesar da preocupa\u00e7\u00e3o, muitos pais costumam minimizar a situa\u00e7\u00e3o, resumindo o comportamento a uma revolta t\u00edpica da idade.<\/p>\n\n\n\n<p class=\"wp-block-paragraph\">Criadora do M\u00e9todo Aprofundar, a terapeuta <a href=\"https:\/\/www.instagram.com\/terapeuta.julianazorzi\/\" target=\"_blank\" rel=\"noopener\">Juliana Zorzi<\/a> afirma, por\u00e9m, que esse conjunto de sinais pode n\u00e3o ser rebeldia, mas a linguagem que o jovem encontrou para nomear o que sente. Em um c\u00e9rebro que ainda est\u00e1 em constru\u00e7\u00e3o, o comportamento muitas vezes fala mais alto do que as palavras.<\/p>\n\n\n\n<p class=\"wp-block-paragraph\">O alerta ganha dimens\u00e3o diante dos n\u00fameros: tr\u00eas em cada dez estudantes de 13 a 17 anos no Brasil declararam sentir tristeza sempre ou na maioria das vezes, conforme dado da Pesquisa Nacional de Sa\u00fade do Escolar (<a href=\"https:\/\/biblioteca.ibge.gov.br\/index.php\/biblioteca-catalogo?view=detalhes&amp;id=2102266\" target=\"_blank\" rel=\"noopener\">PeNSE<\/a>). O levantamento entrevistou 118.099 alunos de 4.167 institui\u00e7\u00f5es p\u00fablicas e privadas de ensino no pa\u00eds.<\/p>\n\n\n\n<h2 class=\"wp-block-heading\"><strong>C\u00e9rebro em constru\u00e7\u00e3o<\/strong><\/h2>\n\n\n\n<p class=\"wp-block-paragraph\">Esse cen\u00e1rio preocupa as fam\u00edlias, que muitas vezes n\u00e3o conseguem entender os motivos que se escondem em determinados comportamentos. Para Juliana Zorzi, sinais como rebeldia, busca por limites, isolamento e falhas na comunica\u00e7\u00e3o nem sempre indicam um problema de conduta. &#8220;\u00c0s vezes \u00e9 emo\u00e7\u00e3o demais para idade&#8221;, afirma.<\/p>\n\n\n\n<p class=\"wp-block-paragraph\">A avalia\u00e7\u00e3o da terapeuta \u00e9 a de que o comportamento funciona como uma tentativa de se expressar. &#8220;\u00c9 a maneira que ele encontrou para se comunicar, para se fazer entender, para tentar nomear as suas emo\u00e7\u00f5es.&#8221;<\/p>\n\n\n\n<p class=\"wp-block-paragraph\">Quando as palavras falham, as atitudes assumem o papel de transmissor. Portanto, cabe ao adulto decifrar a mensagem, ao inv\u00e9s de apenas rotular e reprimir a conduta. Afinal, o mesmo comportamento que os pais enxergam como rebeldia pode ser, na vis\u00e3o da terapeuta, um pedido de ajuda.<\/p>\n\n\n\n<p class=\"wp-block-paragraph\">A explica\u00e7\u00e3o para tamanha intensidade est\u00e1, em parte, na biologia. O c\u00f3rtex pr\u00e9-frontal, regi\u00e3o respons\u00e1vel pelo controle de impulsos e pela regula\u00e7\u00e3o das emo\u00e7\u00f5es, \u00e9 a \u00faltima \u00e1rea do c\u00e9rebro a amadurecer, consolidando-se por volta dos 25 anos. Enquanto isso, o sistema respons\u00e1vel pelas emo\u00e7\u00f5es opera em alta intensidade.<\/p>\n\n\n\n<p class=\"wp-block-paragraph\">Na pr\u00e1tica, o adolescente sente tudo com mais intensidade e ainda, mas possui a estrutura neurol\u00f3gica desenvolvida para frear as pr\u00f3prias rea\u00e7\u00f5es. &#8220;Esse c\u00e9rebro em constru\u00e7\u00e3o vai nomeando e criando novos caminhos para se desenvolver&#8221;, explica Juliana Zorzi.<\/p>\n\n\n\n<p class=\"wp-block-paragraph\">Para a neuroci\u00eancia, o comportamento adolescente n\u00e3o \u00e9 escolha, mas resultado de um \u00f3rg\u00e3o em desenvolvimento. Dessa forma, a fun\u00e7\u00e3o do adulto \u00e9 atuar como regulador externo, ajudando o filho a construir as pr\u00f3prias ferramentas.<\/p>\n\n\n\n<h2 class=\"wp-block-heading\"><strong>Quando o comportamento pede ajuda<\/strong><\/h2>\n\n\n\n<p class=\"wp-block-paragraph\">Mudan\u00e7as bruscas de conduta, isolamento social prolongado, queda no rendimento escolar, dist\u00farbios do sono e irritabilidade persistente est\u00e3o entre os sinais que merecem aten\u00e7\u00e3o, principalmente, quando o sofrimento passa a interferir na rotina do jovem, nas rela\u00e7\u00f5es familiares e na escola.<\/p>\n\n\n\n<p class=\"wp-block-paragraph\">O que diferencia o comportamento t\u00edpico do sofrimento \u00e9 a persist\u00eancia dos sintomas e o impacto na rotina do dia a dia. Nesses casos, a avalia\u00e7\u00e3o de um profissional especializado \u00e9 a solu\u00e7\u00e3o mais apropriada. &#8220;A terapia ajuda o adolescente a se entender e se expressar com seguran\u00e7a&#8221;, afirma Juliana Zorzi.<\/p>\n\n\n\n<p class=\"wp-block-paragraph\">Quando o comportamento do filho muda, a primeira rea\u00e7\u00e3o dos pais costuma ser corrigir o sintoma. Entretanto, a especialista prop\u00f5e o caminho inverso, que \u00e9 primeiro identificar o que est\u00e1 por tr\u00e1s de cada comportamento.<\/p>\n\n\n\n<p class=\"wp-block-paragraph\">\u201cNo consult\u00f3rio, o lema \u00e9 encontrar um espa\u00e7o seguro, onde ele possa se desenvolver e pertencer\u201d, diz Juliana Zorzi. Na pr\u00e1tica, isso significa priorizar a escuta sem julgamento, dar nome aos sentimentos junto com o jovem e manter canais de di\u00e1logo abertos, mesmo quando a resposta vem com rispidez.<\/p>\n\n\n\n<p class=\"wp-block-paragraph\">Al\u00e9m disso, \u00e9 indispens\u00e1vel observar o que mudou na vida do filho: escola, amigos, sono, tempo de telas. Com essa resposta, fica mais f\u00e1cil conversar em momentos em um momento apropriado e com calma, longe do calor de uma discuss\u00e3o.<\/p>\n\n\n\n<p class=\"wp-block-paragraph\">Desenvolvido pela terapeuta, o <a href=\"https:\/\/www.instagram.com\/terapeuta.julianazorzi\/\" target=\"_blank\" rel=\"noopener\">M\u00e9todo Aprofundar<\/a> integra psicopedagogia, arteterapia, terapia cognitivo-comportamental (TCC) e psicoeduca\u00e7\u00e3o parental, incluindo a fam\u00edlia no processo terap\u00eautico.<\/p>\n\n\n\n<p class=\"wp-block-paragraph\">Para Juliana Zorzi, o primeiro passo n\u00e3o \u00e9 corrigir o adolescente, mas compreend\u00ea-lo. Entender essa mudan\u00e7a de comportamento como uma tentativa de se comunicar facilita para que o adolescente encontre maneiras mais saud\u00e1veis para se expressar e pedir ajuda.<\/p>\n\n\n\n<p class=\"wp-block-paragraph\">Muitas vezes, o adolescente n\u00e3o necessita de corre\u00e7\u00e3o, mas de presen\u00e7a e escuta. Nesse processo de amadurecimento, contar com a <a href=\"https:\/\/www.instagram.com\/terapeuta.julianazorzi\/\" target=\"_blank\" rel=\"noopener\">ajuda de um profissional<\/a> facilita passar por essa etapa da vida.<\/p>\n\n\n\n<p class=\"wp-block-paragraph\"><\/p>\n","protected":false},"excerpt":{"rendered":"Irrita\u00e7\u00e3o, isolamento e impaci\u00eancia podem indicar mudan\u00e7as emocionais na adolesc\u00eancia. Saiba quais sinais merecem aten\u00e7\u00e3o.","protected":false},"author":17,"featured_media":137780,"comment_status":"open","ping_status":"closed","sticky":false,"template":"","format":"standard","meta":{"_acf_changed":false,"inline_featured_image":false,"_monsterinsights_skip_tracking":false,"_monsterinsights_sitenote_active":false,"_monsterinsights_sitenote_note":"","_monsterinsights_sitenote_category":0,"footnotes":""},"categories":[132,34],"tags":[],"class_list":["post-137728","post","type-post","status-publish","format-standard","has-post-thumbnail","hentry","category-releases","category-releases-geral"],"acf":[],"_links":{"self":[{"href":"https:\/\/bluestudio.estadao.com.br\/agencia-de-comunicacao\/wp-json\/wp\/v2\/posts\/137728","targetHints":{"allow":["GET"]}}],"collection":[{"href":"https:\/\/bluestudio.estadao.com.br\/agencia-de-comunicacao\/wp-json\/wp\/v2\/posts"}],"about":[{"href":"https:\/\/bluestudio.estadao.com.br\/agencia-de-comunicacao\/wp-json\/wp\/v2\/types\/post"}],"author":[{"embeddable":true,"href":"https:\/\/bluestudio.estadao.com.br\/agencia-de-comunicacao\/wp-json\/wp\/v2\/users\/17"}],"replies":[{"embeddable":true,"href":"https:\/\/bluestudio.estadao.com.br\/agencia-de-comunicacao\/wp-json\/wp\/v2\/comments?post=137728"}],"version-history":[{"count":4,"href":"https:\/\/bluestudio.estadao.com.br\/agencia-de-comunicacao\/wp-json\/wp\/v2\/posts\/137728\/revisions"}],"predecessor-version":[{"id":137785,"href":"https:\/\/bluestudio.estadao.com.br\/agencia-de-comunicacao\/wp-json\/wp\/v2\/posts\/137728\/revisions\/137785"}],"wp:featuredmedia":[{"embeddable":true,"href":"https:\/\/bluestudio.estadao.com.br\/agencia-de-comunicacao\/wp-json\/wp\/v2\/media\/137780"}],"wp:attachment":[{"href":"https:\/\/bluestudio.estadao.com.br\/agencia-de-comunicacao\/wp-json\/wp\/v2\/media?parent=137728"}],"wp:term":[{"taxonomy":"category","embeddable":true,"href":"https:\/\/bluestudio.estadao.com.br\/agencia-de-comunicacao\/wp-json\/wp\/v2\/categories?post=137728"},{"taxonomy":"post_tag","embeddable":true,"href":"https:\/\/bluestudio.estadao.com.br\/agencia-de-comunicacao\/wp-json\/wp\/v2\/tags?post=137728"}],"curies":[{"name":"wp","href":"https:\/\/api.w.org\/{rel}","templated":true}]}}