{"id":137700,"date":"2026-08-31T10:00:00","date_gmt":"2026-08-31T13:00:00","guid":{"rendered":"https:\/\/bluestudio.estadao.com.br\/agencia-de-comunicacao\/saftec-digital\/beneficio-por-incapacidade-temporaria-dr-joao-luiz-de-lima-oliveira-junior-explica-novas-regras-de-carencia-e-pericia-do-inss\/"},"modified":"2026-08-31T10:00:00","modified_gmt":"2026-08-31T13:00:00","slug":"beneficio-por-incapacidade-temporaria-dr-joao-luiz-de-lima-oliveira-junior-explica-novas-regras-de-carencia-e-pericia-do-inss","status":"publish","type":"post","link":"https:\/\/bluestudio.estadao.com.br\/agencia-de-comunicacao\/saftec-digital\/beneficio-por-incapacidade-temporaria-dr-joao-luiz-de-lima-oliveira-junior-explica-novas-regras-de-carencia-e-pericia-do-inss\/","title":{"rendered":"Benef\u00edcio por incapacidade tempor\u00e1ria: Dr. Jo\u00e3o Luiz de Lima Oliveira Junior explica novas regras de car\u00eancia e per\u00edcia do INSS"},"content":{"rendered":"<p><b>Atualiza\u00e7\u00e3o da lista de doen\u00e7as graves e amplia\u00e7\u00e3o do prazo de an\u00e1lise documental alteram a rotina de quem pede o antigo aux\u00edlio-doen\u00e7a, tema acompanhado pelo advogado Jo\u00e3o Luiz de Lima Oliveira Junior, do escrit\u00f3rio Solino e Oliveira Advogados Associados<\/b><\/p>\n<p>Pedir o benef\u00edcio por incapacidade tempor\u00e1ria, nome que substituiu o antigo aux\u00edlio-doen\u00e7a desde a reforma da Previd\u00eancia, costuma ser um processo cercado de d\u00favidas sobre prazos, documentos e per\u00edcia m\u00e9dica. Ao longo de 2026, o INSS promoveu duas mudan\u00e7as que afetam diretamente essa rotina: a atualiza\u00e7\u00e3o da lista de doen\u00e7as graves que dispensam o cumprimento de car\u00eancia e a amplia\u00e7\u00e3o do per\u00edodo em que o benef\u00edcio pode ser concedido sem per\u00edcia presencial, apenas com base em documentos m\u00e9dicos enviados pelo segurado. As altera\u00e7\u00f5es reacendem uma discuss\u00e3o recorrente entre trabalhadores afastados por motivo de sa\u00fade, sobre como funciona, na pr\u00e1tica, a an\u00e1lise do INSS e o que fazer diante de um indeferimento. \u00c9 nesse tipo de situa\u00e7\u00e3o, ligada diretamente aos direitos do segurado em incapacidade, que atua o advogado Jo\u00e3o Luiz de Lima Oliveira Junior, s\u00f3cio do Solino e Oliveira Advogados Associados.<\/p>\n<p><b>O que \u00e9 o benef\u00edcio por incapacidade tempor\u00e1ria e quem pode pedir<\/b><\/p>\n<p>O benef\u00edcio \u00e9 devido ao segurado que, ap\u00f3s per\u00edcia m\u00e9dica do INSS, \u00e9 considerado temporariamente incapaz para o trabalho por motivo de doen\u00e7a ou acidente, desde que cumprida a car\u00eancia de 12 contribui\u00e7\u00f5es mensais, exig\u00eancia dispensada em casos de acidente de qualquer natureza ou de doen\u00e7as consideradas graves pela legisla\u00e7\u00e3o previdenci\u00e1ria. Em agosto de 2026, o INSS revisou essa lista de enfermidades que dispensam a car\u00eancia, incluindo o acidente vascular encef\u00e1lico na fase aguda entre as condi\u00e7\u00f5es que permitem o pedido do benef\u00edcio sem a exig\u00eancia das 12 contribui\u00e7\u00f5es, desde que mantida a qualidade de segurado e comprovada a incapacidade por per\u00edcia m\u00e9dica.<\/p>\n<p><b>Como funciona a an\u00e1lise sem per\u00edcia presencial<\/b><\/p>\n<p>Parte consider\u00e1vel dos pedidos de benef\u00edcio por incapacidade tempor\u00e1ria passou a ser analisada por um sistema que avalia exclusivamente a documenta\u00e7\u00e3o m\u00e9dica enviada pelo segurado, sem exigir comparecimento \u00e0 per\u00edcia presencial. Desde 30 de mar\u00e7o de 2026, o prazo m\u00e1ximo de concess\u00e3o do benef\u00edcio por essa via passou de 60 para 90 dias, o que amplia o per\u00edodo em que o segurado afastado pode receber o benef\u00edcio sem precisar passar por nova avalia\u00e7\u00e3o m\u00e9dica presencial. O atestado enviado precisa conter informa\u00e7\u00f5es completas, como nome do segurado, data de emiss\u00e3o, tempo estimado de afastamento, diagn\u00f3stico ou c\u00f3digo da doen\u00e7a, al\u00e9m da assinatura e do n\u00famero de registro profissional do m\u00e9dico respons\u00e1vel, e o INSS mant\u00e9m a prerrogativa de fixar prazo diferente do indicado no atestado, desde que apresente justificativa t\u00e9cnica para isso.<\/p>\n<p><b>O que fazer diante de um indeferimento ou cessa\u00e7\u00e3o do benef\u00edcio<\/b><\/p>\n<p>Quando o pedido \u00e9 negado ou quando o INSS decide cessar um benef\u00edcio j\u00e1 concedido antes da recupera\u00e7\u00e3o efetiva da capacidade laboral, o segurado tem at\u00e9 30 dias para apresentar recurso administrativo, al\u00e9m da possibilidade de solicitar prorroga\u00e7\u00e3o do benef\u00edcio em at\u00e9 15 dias antes do fim do prazo previsto, situa\u00e7\u00e3o que pode envolver nova avalia\u00e7\u00e3o presencial ou por telemedicina. Reunir laudos, exames de imagem, resultados de exames laboratoriais e demais documentos m\u00e9dicos costuma refor\u00e7ar o pedido inicial e reduzir o risco de indeferimento, j\u00e1 que a an\u00e1lise documental depende diretamente da qualidade e da completude das informa\u00e7\u00f5es apresentadas pelo segurado. Nos casos em que a an\u00e1lise documental n\u00e3o \u00e9 suficiente para a conclus\u00e3o do processo, o INSS pode convocar o segurado para per\u00edcia m\u00e9dica presencial ou, dependendo da situa\u00e7\u00e3o, para avalia\u00e7\u00e3o por telemedicina, etapa em que a apresenta\u00e7\u00e3o organizada do hist\u00f3rico cl\u00ednico tende a facilitar a compreens\u00e3o do quadro pelo perito respons\u00e1vel.<\/p>\n<p><b>A atua\u00e7\u00e3o do Dr. Jo\u00e3o Luiz de Lima Oliveira Junior em casos de incapacidade tempor\u00e1ria<\/b><\/p>\n<p>\u00c9 nesse tipo de demanda, que envolve a an\u00e1lise de laudos m\u00e9dicos, prazos de car\u00eancia e decis\u00f5es do INSS sobre incapacidade laboral, que Jo\u00e3o Luiz de Lima Oliveira Junior desenvolve parte de sua atua\u00e7\u00e3o em Direito Previdenci\u00e1rio junto ao Solino e Oliveira Advogados Associados. O trabalho nessa frente costuma incluir a an\u00e1lise da documenta\u00e7\u00e3o m\u00e9dica reunida pelo segurado, a avalia\u00e7\u00e3o de indeferimentos e cessa\u00e7\u00f5es consideradas indevidas e o acompanhamento de recursos administrativos junto ao INSS, sempre a partir da an\u00e1lise do hist\u00f3rico cl\u00ednico e previdenci\u00e1rio de cada caso, dentro do posicionamento do escrit\u00f3rio como banca voltada ao Direito Previdenci\u00e1rio e ao Direito do Consumidor.<\/p>\n<p><b>Conclus\u00e3o<\/b><\/p>\n<p>As mudan\u00e7as recentes nas regras de car\u00eancia e de per\u00edcia documental refor\u00e7am a import\u00e2ncia de reunir, desde o in\u00edcio, uma documenta\u00e7\u00e3o m\u00e9dica completa e tecnicamente consistente para sustentar o pedido de benef\u00edcio por incapacidade tempor\u00e1ria. Entender quais doen\u00e7as dispensam car\u00eancia, como funciona a an\u00e1lise sem per\u00edcia presencial e quais s\u00e3o os prazos de recurso ajuda o segurado a agir com mais seguran\u00e7a diante do INSS, sempre considerando que a concess\u00e3o do benef\u00edcio depende da an\u00e1lise m\u00e9dica e documental de cada caso concreto.<\/p>\n<p>A <b>OESP<\/b> n\u00e3o \u00e9(s\u00e3o) respons\u00e1vel(is) por erros, incorre\u00e7\u00f5es, atrasos ou quaisquer decis\u00f5es tomadas por seus clientes com base nos Conte\u00fados ora disponibilizados, bem como tais Conte\u00fados n\u00e3o representam a opini\u00e3o da <b>OESP<\/b> e s\u00e3o de inteira responsabilidade da <b>Ag\u00eancia Saftec<\/b><\/p>\n","protected":false},"excerpt":{"rendered":"Atualiza\u00e7\u00e3o da lista de doen\u00e7as graves e amplia\u00e7\u00e3o do prazo de an\u00e1lise documental alteram a rotina de quem pede o antigo aux\u00edlio-doen\u00e7a, tema acompanhado pelo advogado Jo\u00e3o Luiz de Lima","protected":false},"author":1,"featured_media":137701,"comment_status":"open","ping_status":"closed","sticky":false,"template":"","format":"standard","meta":{"_acf_changed":false,"inline_featured_image":false,"_monsterinsights_skip_tracking":false,"_monsterinsights_sitenote_active":false,"_monsterinsights_sitenote_note":"","_monsterinsights_sitenote_category":0,"footnotes":""},"categories":[525],"tags":[],"class_list":["post-137700","post","type-post","status-publish","format-standard","has-post-thumbnail","hentry","category-saftec-digital"],"acf":[],"_links":{"self":[{"href":"https:\/\/bluestudio.estadao.com.br\/agencia-de-comunicacao\/wp-json\/wp\/v2\/posts\/137700","targetHints":{"allow":["GET"]}}],"collection":[{"href":"https:\/\/bluestudio.estadao.com.br\/agencia-de-comunicacao\/wp-json\/wp\/v2\/posts"}],"about":[{"href":"https:\/\/bluestudio.estadao.com.br\/agencia-de-comunicacao\/wp-json\/wp\/v2\/types\/post"}],"author":[{"embeddable":true,"href":"https:\/\/bluestudio.estadao.com.br\/agencia-de-comunicacao\/wp-json\/wp\/v2\/users\/1"}],"replies":[{"embeddable":true,"href":"https:\/\/bluestudio.estadao.com.br\/agencia-de-comunicacao\/wp-json\/wp\/v2\/comments?post=137700"}],"version-history":[{"count":0,"href":"https:\/\/bluestudio.estadao.com.br\/agencia-de-comunicacao\/wp-json\/wp\/v2\/posts\/137700\/revisions"}],"wp:featuredmedia":[{"embeddable":true,"href":"https:\/\/bluestudio.estadao.com.br\/agencia-de-comunicacao\/wp-json\/wp\/v2\/media\/137701"}],"wp:attachment":[{"href":"https:\/\/bluestudio.estadao.com.br\/agencia-de-comunicacao\/wp-json\/wp\/v2\/media?parent=137700"}],"wp:term":[{"taxonomy":"category","embeddable":true,"href":"https:\/\/bluestudio.estadao.com.br\/agencia-de-comunicacao\/wp-json\/wp\/v2\/categories?post=137700"},{"taxonomy":"post_tag","embeddable":true,"href":"https:\/\/bluestudio.estadao.com.br\/agencia-de-comunicacao\/wp-json\/wp\/v2\/tags?post=137700"}],"curies":[{"name":"wp","href":"https:\/\/api.w.org\/{rel}","templated":true}]}}