{"id":137663,"date":"2026-08-28T17:52:00","date_gmt":"2026-08-28T20:52:00","guid":{"rendered":"https:\/\/bluestudio.estadao.com.br\/agencia-de-comunicacao\/knewin-dino\/presenca-capta-r-300-mi-em-fidcs-e-quer-ampliar-credito\/"},"modified":"2026-08-28T17:52:00","modified_gmt":"2026-08-28T20:52:00","slug":"presenca-capta-r-300-mi-em-fidcs-e-quer-ampliar-credito","status":"publish","type":"post","link":"https:\/\/bluestudio.estadao.com.br\/agencia-de-comunicacao\/knewin-dino\/presenca-capta-r-300-mi-em-fidcs-e-quer-ampliar-credito\/","title":{"rendered":"Presen\u00e7a capta R$ 300 mi em FIDCs e quer ampliar cr\u00e9dito"},"content":{"rendered":"<p>A Presen\u00e7a, fintech paulista de cr\u00e9dito consignado, concluiu a capta\u00e7\u00e3o de R$ 300 milh\u00f5es de reais\u00a0com a emiss\u00e3o de cotas em Fundo de Investimentos em Direitos Credit\u00f3rios. Segundo a empresa, esse valor financiar\u00e1\u00a0as opera\u00e7\u00f5es de cr\u00e9ditos para benefici\u00e1rios do consignado privado.\u00a0<\/p>\n<p>A empresa tamb\u00e9m atua com benefici\u00e1rios do\u00a0Instituto Nacional do Seguro Social (INSS), Fundo de Garantia\u00a0do Tempo de Servi\u00e7o (FGTS),\u00a0Sistema Integrado de Administra\u00e7\u00e3o de Recursos Humanos\u00a0(SIAPE) e conv\u00eanios p\u00fablicos.\u00a0<\/p>\n<p>Com o novo fundo, o Presen\u00e7a prev\u00ea desembolsar R$ 1\u00a0bilh\u00e3o\u00a0at\u00e9 o pr\u00f3ximo ano. A estrat\u00e9gia inclui lan\u00e7amentos de tecnologias e investimento em intelig\u00eancia artificial para robustecer as estrat\u00e9gias e as vendas dos correspondentes banc\u00e1rios (corbans) e promotoras parceiras, reduzindo etapas e promovendo mais\u00a0autonomia,\u00a0agilidade e aprova\u00e7\u00f5es nas digita\u00e7\u00f5es.\u00a0<\/p>\n<p>A empresa\u00a0que\u00a0combina\u00a0em\u00a0sua opera\u00e7\u00e3o fundos propriet\u00e1rios\u00a0se destaca pela tecnologia e proximidade juntos aos\u00a0parceiros, desenvolvendo solu\u00e7\u00f5es\u00a0e iniciativas que capacitam\u00a0corbans\u00a0menores ajudando-os a escalar vendas\u00a0e promovem relacionamento com parceiros\u00a0j\u00e1 estabelecidos no mercado.\u00a0<\/p>\n<p>&#8220;O consignado privado \u00e9 como um novo INSS, s\u00f3 que mais tecnol\u00f3gico. \u00c9 um produto que j\u00e1 tem boa ader\u00eancia do p\u00fablico, \u00e9 extremamente digital e ainda est\u00e1 em fase de amadurecimento.&#8221; afirma Jo\u00e3o Guerra, diretor de parcerias.\u00a0<\/p>\n<p>O mercado de consignados passa desde o ano passado por grandes mudan\u00e7as. Altera\u00e7\u00f5es nas regras do FGTS reduziram em quase 80% as antecipa\u00e7\u00f5es do saque anivers\u00e1rio, conforme apontou recentemente a Associa\u00e7\u00e3o Brasileira\u00a0de Bancos (ABBC).\u00a0\u00a0<\/p>\n<p>O Presen\u00e7a aposta\u00a0em\u00a0uma postura\u00a0mais\u00a0conservadora. Segundo Guerra, o crescimento no consignado privado\u00a0vem\u00a0acompanhado de uma venda segura e com qualidade\u00a0&#8220;Nos pr\u00f3ximos anos, deve se tornar um dos l\u00edderes da categoria em volume de concess\u00e3o. E \u00e9 isso que o Presen\u00e7a vem buscando: capilaridade de\u00a0funding\u00a0para estruturar grandes opera\u00e7\u00f5es e um\u00a0back-office\u00a0seguro para suportar a longevidade do produto&#8221; .<\/p>\n<p>Ad\u00e3o Cruz, CEO do Grupo Presen\u00e7a\u00a0concorda e\u00a0comenta o cen\u00e1rio do mercado: &#8220;O\u00a0mercado tem enfrentado\u00a0alta inadimpl\u00eancia, impulsionada por modelos de cr\u00e9dito que assumem riscos elevados e praticam juros muito altos.\u00a0O Presen\u00e7a faz diferente,\u00a0oferecemos\u00a0cr\u00e9dito de forma consciente e mais eficiente&#8221;.\u00a0<\/p>\n<p>Website: <a href=\"https:\/\/www.soupresenca.com.br\" target=\"_blank\">https:\/\/www.soupresenca.com.br<\/a><\/p>\n<p>Foto: Marketing Presen\u00e7a<\/p>\n<p>A <b>OESP<\/b> n\u00e3o \u00e9(s\u00e3o) respons\u00e1vel(is) por erros, incorre\u00e7\u00f5es, atrasos ou quaisquer decis\u00f5es tomadas por seus clientes com base nos Conte\u00fados ora disponibilizados, bem como tais Conte\u00fados n\u00e3o representam a opini\u00e3o da <b>OESP<\/b> e s\u00e3o de inteira responsabilidade da <b>Knewin Dino<\/b><\/p>\n","protected":false},"excerpt":{"rendered":"A Presen\u00e7a, fintech paulista de cr\u00e9dito consignado, concluiu a capta\u00e7\u00e3o de R$ 300 milh\u00f5es de reais\u00a0com a emiss\u00e3o de cotas em Fundo de Investimentos em Direitos Credit\u00f3rios. Segundo a empresa,","protected":false},"author":1,"featured_media":137664,"comment_status":"open","ping_status":"closed","sticky":false,"template":"","format":"standard","meta":{"_acf_changed":false,"inline_featured_image":false,"_monsterinsights_skip_tracking":false,"_monsterinsights_sitenote_active":false,"_monsterinsights_sitenote_note":"","_monsterinsights_sitenote_category":0,"footnotes":""},"categories":[11470],"tags":[101,300,12402,12404,47],"class_list":["post-137663","post","type-post","status-publish","format-standard","has-post-thumbnail","hentry","category-knewin-dino","tag-economia","tag-negocios","tag-relacoes-com-investidores","tag-startups","tag-tecnologia"],"acf":[],"_links":{"self":[{"href":"https:\/\/bluestudio.estadao.com.br\/agencia-de-comunicacao\/wp-json\/wp\/v2\/posts\/137663","targetHints":{"allow":["GET"]}}],"collection":[{"href":"https:\/\/bluestudio.estadao.com.br\/agencia-de-comunicacao\/wp-json\/wp\/v2\/posts"}],"about":[{"href":"https:\/\/bluestudio.estadao.com.br\/agencia-de-comunicacao\/wp-json\/wp\/v2\/types\/post"}],"author":[{"embeddable":true,"href":"https:\/\/bluestudio.estadao.com.br\/agencia-de-comunicacao\/wp-json\/wp\/v2\/users\/1"}],"replies":[{"embeddable":true,"href":"https:\/\/bluestudio.estadao.com.br\/agencia-de-comunicacao\/wp-json\/wp\/v2\/comments?post=137663"}],"version-history":[{"count":0,"href":"https:\/\/bluestudio.estadao.com.br\/agencia-de-comunicacao\/wp-json\/wp\/v2\/posts\/137663\/revisions"}],"wp:featuredmedia":[{"embeddable":true,"href":"https:\/\/bluestudio.estadao.com.br\/agencia-de-comunicacao\/wp-json\/wp\/v2\/media\/137664"}],"wp:attachment":[{"href":"https:\/\/bluestudio.estadao.com.br\/agencia-de-comunicacao\/wp-json\/wp\/v2\/media?parent=137663"}],"wp:term":[{"taxonomy":"category","embeddable":true,"href":"https:\/\/bluestudio.estadao.com.br\/agencia-de-comunicacao\/wp-json\/wp\/v2\/categories?post=137663"},{"taxonomy":"post_tag","embeddable":true,"href":"https:\/\/bluestudio.estadao.com.br\/agencia-de-comunicacao\/wp-json\/wp\/v2\/tags?post=137663"}],"curies":[{"name":"wp","href":"https:\/\/api.w.org\/{rel}","templated":true}]}}