{"id":137645,"date":"2026-08-28T17:43:00","date_gmt":"2026-08-28T20:43:00","guid":{"rendered":"https:\/\/bluestudio.estadao.com.br\/agencia-de-comunicacao\/knewin-dino\/daniel-senna-lanca-alianca-nacional-anid\/"},"modified":"2026-08-28T17:43:00","modified_gmt":"2026-08-28T20:43:00","slug":"daniel-senna-lanca-alianca-nacional-anid","status":"publish","type":"post","link":"https:\/\/bluestudio.estadao.com.br\/agencia-de-comunicacao\/knewin-dino\/daniel-senna-lanca-alianca-nacional-anid\/","title":{"rendered":"Daniel Senna lan\u00e7a Alian\u00e7a Nacional &#8211; ANID"},"content":{"rendered":"<p>No dia 14 de setembro, o hist\u00f3rico Sal\u00e3o Nobre da Faculdade de Direito da USP (Largo de S\u00e3o Francisco) ser\u00e1 palco do lan\u00e7amento da ANID (Alian\u00e7a Nacional pela Inf\u00e2ncia e Desenvolvimento). Idealizada pelo advogado Daniel Senna, presidente da ONG Todos Por Um, a iniciativa reunir\u00e1 autoridades de primeiro escal\u00e3o, membros do sistema de Justi\u00e7a, representantes acad\u00eamicos, lideran\u00e7as empresariais e entidades da sociedade civil para estabelecer uma agenda nacional permanente de prote\u00e7\u00e3o e investimento na inf\u00e2ncia brasileira.<\/p>\n<p>Com presen\u00e7as confirmadas de parlamentares, lideran\u00e7as do Instituto Ayrton Senna e do Procurador-Geral do Trabalho, o evento prop\u00f5e superar o hist\u00f3rico de pol\u00edticas p\u00fablicas fragmentadas e conjunturais. A proposta da ANID \u00e9 tratar a educa\u00e7\u00e3o e a prote\u00e7\u00e3o de crian\u00e7as e adolescentes n\u00e3o como assist\u00eancia paliativa, mas como a principal estrat\u00e9gia de desenvolvimento econ\u00f4mico, inova\u00e7\u00e3o e redu\u00e7\u00e3o das desigualdades do Brasil.<\/p>\n<p>\u201cAqueles que h\u00e1 s\u00e9culos ocupam posi\u00e7\u00f5es de poder n\u00e3o deram o passo mais importante para o desenvolvimento do pa\u00eds, que s\u00f3 se concretiza com educa\u00e7\u00e3o de qualidade capaz de despertar o potencial humano dos brasileiros que j\u00e1 nascem \u00e0 margem do conv\u00edvio acad\u00eamico e educacional. Sem este compromisso, o Brasil nunca se inserir\u00e1 no cen\u00e1rio global como protagonista das grandes transforma\u00e7\u00f5es.\u201d \u2014 Daniel Senna, idealizador da ANID e presidente da ONG Todos Por Um.<\/p>\n<p>O encontro apresentar\u00e1 casos pr\u00e1ticos de impacto social, incluindo a trajet\u00f3ria de Jeremias Saturnino de Lima, resgatado do trabalho infantil na Bahia durante os anos 1990 \u2014 caso retratado nacionalmente pelo programa Globo Rep\u00f3rter. Hoje engenheiro em uma grande empreiteira nacional e pai de fam\u00edlia, Jeremias exemplifica como a prote\u00e7\u00e3o integral \u00e0 crian\u00e7a \u00e9 capaz de romper ciclos intergeracionais de pobreza.<\/p>\n<p>Ap\u00f3s o lan\u00e7amento, a ANID estruturar\u00e1 grupos de trabalho permanentes focados no monitoramento de metas, atra\u00e7\u00e3o de parcerias p\u00fablico-privadas, erradica\u00e7\u00e3o do trabalho infantil e promo\u00e7\u00e3o da educa\u00e7\u00e3o integral em escala nacional.<\/p>\n<p>Website: <a href=\"https:\/\/todospor1.org\/projetos\" target=\"_blank\">https:\/\/todospor1.org\/projetos<\/a><\/p>\n<p>Foto: Todos por 1<\/p>\n<p>A <b>OESP<\/b> n\u00e3o \u00e9(s\u00e3o) respons\u00e1vel(is) por erros, incorre\u00e7\u00f5es, atrasos ou quaisquer decis\u00f5es tomadas por seus clientes com base nos Conte\u00fados ora disponibilizados, bem como tais Conte\u00fados n\u00e3o representam a opini\u00e3o da <b>OESP<\/b> e s\u00e3o de inteira responsabilidade da <b>Knewin Dino<\/b><\/p>\n","protected":false},"excerpt":{"rendered":"No dia 14 de setembro, o hist\u00f3rico Sal\u00e3o Nobre da Faculdade de Direito da USP (Largo de S\u00e3o Francisco) ser\u00e1 palco do lan\u00e7amento da ANID (Alian\u00e7a Nacional pela Inf\u00e2ncia e Desenvolvimento).","protected":false},"author":1,"featured_media":137646,"comment_status":"open","ping_status":"closed","sticky":false,"template":"","format":"standard","meta":{"_acf_changed":false,"inline_featured_image":false,"_monsterinsights_skip_tracking":false,"_monsterinsights_sitenote_active":false,"_monsterinsights_sitenote_note":"","_monsterinsights_sitenote_category":0,"footnotes":""},"categories":[11470],"tags":[232,12413,300,12392,12395],"class_list":["post-137645","post","type-post","status-publish","format-standard","has-post-thumbnail","hentry","category-knewin-dino","tag-educacao","tag-legislativo","tag-negocios","tag-politicas","tag-sociedade"],"acf":[],"_links":{"self":[{"href":"https:\/\/bluestudio.estadao.com.br\/agencia-de-comunicacao\/wp-json\/wp\/v2\/posts\/137645","targetHints":{"allow":["GET"]}}],"collection":[{"href":"https:\/\/bluestudio.estadao.com.br\/agencia-de-comunicacao\/wp-json\/wp\/v2\/posts"}],"about":[{"href":"https:\/\/bluestudio.estadao.com.br\/agencia-de-comunicacao\/wp-json\/wp\/v2\/types\/post"}],"author":[{"embeddable":true,"href":"https:\/\/bluestudio.estadao.com.br\/agencia-de-comunicacao\/wp-json\/wp\/v2\/users\/1"}],"replies":[{"embeddable":true,"href":"https:\/\/bluestudio.estadao.com.br\/agencia-de-comunicacao\/wp-json\/wp\/v2\/comments?post=137645"}],"version-history":[{"count":0,"href":"https:\/\/bluestudio.estadao.com.br\/agencia-de-comunicacao\/wp-json\/wp\/v2\/posts\/137645\/revisions"}],"wp:featuredmedia":[{"embeddable":true,"href":"https:\/\/bluestudio.estadao.com.br\/agencia-de-comunicacao\/wp-json\/wp\/v2\/media\/137646"}],"wp:attachment":[{"href":"https:\/\/bluestudio.estadao.com.br\/agencia-de-comunicacao\/wp-json\/wp\/v2\/media?parent=137645"}],"wp:term":[{"taxonomy":"category","embeddable":true,"href":"https:\/\/bluestudio.estadao.com.br\/agencia-de-comunicacao\/wp-json\/wp\/v2\/categories?post=137645"},{"taxonomy":"post_tag","embeddable":true,"href":"https:\/\/bluestudio.estadao.com.br\/agencia-de-comunicacao\/wp-json\/wp\/v2\/tags?post=137645"}],"curies":[{"name":"wp","href":"https:\/\/api.w.org\/{rel}","templated":true}]}}