{"id":137643,"date":"2026-08-28T17:44:00","date_gmt":"2026-08-28T20:44:00","guid":{"rendered":"https:\/\/bluestudio.estadao.com.br\/agencia-de-comunicacao\/knewin-dino\/mes-do-corretor-a-forca-feminina-no-mercado-imobiliario\/"},"modified":"2026-08-28T17:44:00","modified_gmt":"2026-08-28T20:44:00","slug":"mes-do-corretor-a-forca-feminina-no-mercado-imobiliario","status":"publish","type":"post","link":"https:\/\/bluestudio.estadao.com.br\/agencia-de-comunicacao\/knewin-dino\/mes-do-corretor-a-forca-feminina-no-mercado-imobiliario\/","title":{"rendered":"M\u00eas do Corretor: a for\u00e7a feminina no mercado imobili\u00e1rio"},"content":{"rendered":"<p>Agosto \u00e9 o m\u00eas mais aguardado do setor imobili\u00e1rio brasileiro. O <b>Dia do Corretor de Im\u00f3veis (27 de agosto)<\/b> \u00e9 uma oportunidade para refletir sobre a trajet\u00f3ria da profiss\u00e3o.\u00a0<\/p>\n<p>A corretagem, antes um ambiente exclusivamente masculino, vive hoje uma realidade muito mais rica, equilibrada e profissional. Esse movimento \u00e9 impulsionado pelo crescimento consistente da <b>participa\u00e7\u00e3o feminina<\/b>. Para compreender o tamanho dessa evolu\u00e7\u00e3o, basta revisitar a hist\u00f3ria do mercado imobili\u00e1rio.<\/p>\n<p><b>Aus\u00eancia hist\u00f3rica, presen\u00e7a atual<\/b><b><br \/><\/b><b><br \/><\/b>Na \u00e9poca em que a corretagem se consolidava como profiss\u00e3o, a presen\u00e7a feminina era m\u00ednima. Barreiras culturais e sociais limitavam o acesso das mulheres \u00e0s carreiras ligadas \u00e0 negocia\u00e7\u00e3o, aos investimentos e ao mercado financeiro, que permaneciam predominantemente ocupadas por homens.<\/p>\n<p>Hoje, o cen\u00e1rio \u00e9 outro. As corretoras n\u00e3o apenas ocupam espa\u00e7o, mas se destacam em \u00e1reas estrat\u00e9gicas como atendimento personalizado, marketing digital e gest\u00e3o de carteira de clientes.<\/p>\n<p><b>O impacto da diversidade<\/b><\/p>\n<p>Nas \u00faltimas d\u00e9cadas, a realidade mudou radicalmente. O crescimento da presen\u00e7a feminina na corretagem deixou de ser uma tend\u00eancia para se tornar um fato consolidado por dados estat\u00edsticos:\u00a0<\/p>\n<p><b>Salto na \u00faltima d\u00e9cada:<\/b> Segundo dados do <a href=\"https:\/\/portas.com.br\/para-corretores\/mulheres-sao-41-dos-corretores-de-imoveis\/\" target=\"_blank\">Conselho Federal de Corretores de Im\u00f3veis (COFECI)<\/a>, a presen\u00e7a feminina no mercado imobili\u00e1rio brasileiro registrou um <b>crescimento de 144% na \u00faltima d\u00e9cada<\/b>.<\/p>\n<p><b>Representatividade atual:<\/b> Hoje, as mulheres j\u00e1 representam <b>cerca de 35,5% dos corretores ativos e credenciados<\/b> no sistema <a href=\"https:\/\/jornaldebrasilia.com.br\/entretenimento\/katia-flavia\/mulheres-ja-sao-35-dos-corretores-de-imoveis-no-brasil-e-o-numero-sobe\/\" target=\"_blank\">COFECI-CRECI<\/a>. Em algumas regi\u00f5es e recortes de consultorias do setor, esse n\u00famero j\u00e1 ultrapassa a faixa dos 40%.<\/p>\n<p><b>Poder de decis\u00e3o:<\/b> Esse avan\u00e7o das corretoras no mercado acompanha outra estat\u00edstica crucial: <b>as mulheres lideram ou influenciam diretamente mais de<\/b> <a href=\"https:\/\/g1.globo.com\/pr\/parana\/especial-publicitario\/hcr-construtora-criando-espacos-para-o-futuro\/noticia\/2025\/10\/21\/elas-decidem-mulheres-influenciam-80percent-das-grandes-compras.ghtml\" target=\"_blank\"><b>80% das decis\u00f5es de compra<\/b><\/a> de im\u00f3veis residenciais no pa\u00eds, segundo pesquisa da Nielsen.<\/p>\n<p><b>Um mercado forte se faz com pluralidade<\/b><\/p>\n<p>A diversidade de g\u00eanero no mercado imobili\u00e1rio n\u00e3o \u00e9 apenas uma quest\u00e3o de representatividade. Ela impacta positivamente os resultados. Pesquisas mostram que equipes diversas tendem a ter maior capacidade de inova\u00e7\u00e3o e de adapta\u00e7\u00e3o \u00e0s mudan\u00e7as de comportamento do consumidor.<\/p>\n<p>No caso das corretoras, essa diversidade se traduz em novas formas de construir relacionamento, especialmente em um mercado cada vez mais digital e competitivo.<\/p>\n<p>O sucesso atual do setor n\u00e3o se deve ao protagonismo de um \u00fanico g\u00eanero, mas sim \u00e0 <b>soma de talentos<\/b>. A colabora\u00e7\u00e3o entre corretores e corretoras cria imobili\u00e1rias mais competitivas, din\u00e2micas e preparadas para atender a um p\u00fablico comprador que tamb\u00e9m mudou e est\u00e1 muito mais exigente!<\/p>\n<p><b>O futuro da corretagem<\/b><\/p>\n<p>Neste m\u00eas de agosto, celebrar <b>o Dia do Corretor de Im\u00f3veis<\/b> significa reconhecer o esfor\u00e7o de todos os profissionais que dedicam seus dias a realizar sonhos de moradia e viabilizar investimentos. Significa tamb\u00e9m celebrar a hist\u00f3ria de <b>pioneiras <\/b>que abriram as portas em <b>1958 <\/b>para que milhares de mulheres pudessem, hoje, liderar imobili\u00e1rias e fechar neg\u00f3cios milion\u00e1rios com autonomia.<\/p>\n<p>\u00c9 nesse contexto de evolu\u00e7\u00e3o cont\u00ednua que o <a href=\"https:\/\/www.comprealugueagora.com.br\/\" target=\"_blank\"><b>Compre &amp; Alugue Agora <\/b><\/a>atua, conectando profissionais, oportunidades e pessoas em uma jornada imobili\u00e1ria cada vez mais digital, din\u00e2mica e inovadora. O momento \u00e9 de reconhecer quem fez parte dessa hist\u00f3ria e quem continua ajudando a escrever os pr\u00f3ximos cap\u00edtulos do setor.<\/p>\n<p>Foto: Compre &amp; Alugue Agora<\/p>\n<p>A <b>OESP<\/b> n\u00e3o \u00e9(s\u00e3o) respons\u00e1vel(is) por erros, incorre\u00e7\u00f5es, atrasos ou quaisquer decis\u00f5es tomadas por seus clientes com base nos Conte\u00fados ora disponibilizados, bem como tais Conte\u00fados n\u00e3o representam a opini\u00e3o da <b>OESP<\/b> e s\u00e3o de inteira responsabilidade da <b>Knewin Dino<\/b><\/p>\n","protected":false},"excerpt":{"rendered":"Agosto \u00e9 o m\u00eas mais aguardado do setor imobili\u00e1rio brasileiro. O Dia do Corretor de Im\u00f3veis (27 de agosto) \u00e9 uma oportunidade para refletir sobre a trajet\u00f3ria da profiss\u00e3o.\u00a0 A corretagem,","protected":false},"author":1,"featured_media":137644,"comment_status":"open","ping_status":"closed","sticky":false,"template":"","format":"standard","meta":{"_acf_changed":false,"inline_featured_image":false,"_monsterinsights_skip_tracking":false,"_monsterinsights_sitenote_active":false,"_monsterinsights_sitenote_note":"","_monsterinsights_sitenote_category":0,"footnotes":""},"categories":[11470],"tags":[12415,12407,112,300,12395,12404],"class_list":["post-137643","post","type-post","status-publish","format-standard","has-post-thumbnail","hentry","category-knewin-dino","tag-comunicacao","tag-industrias","tag-marketing","tag-negocios","tag-sociedade","tag-startups"],"acf":[],"_links":{"self":[{"href":"https:\/\/bluestudio.estadao.com.br\/agencia-de-comunicacao\/wp-json\/wp\/v2\/posts\/137643","targetHints":{"allow":["GET"]}}],"collection":[{"href":"https:\/\/bluestudio.estadao.com.br\/agencia-de-comunicacao\/wp-json\/wp\/v2\/posts"}],"about":[{"href":"https:\/\/bluestudio.estadao.com.br\/agencia-de-comunicacao\/wp-json\/wp\/v2\/types\/post"}],"author":[{"embeddable":true,"href":"https:\/\/bluestudio.estadao.com.br\/agencia-de-comunicacao\/wp-json\/wp\/v2\/users\/1"}],"replies":[{"embeddable":true,"href":"https:\/\/bluestudio.estadao.com.br\/agencia-de-comunicacao\/wp-json\/wp\/v2\/comments?post=137643"}],"version-history":[{"count":0,"href":"https:\/\/bluestudio.estadao.com.br\/agencia-de-comunicacao\/wp-json\/wp\/v2\/posts\/137643\/revisions"}],"wp:featuredmedia":[{"embeddable":true,"href":"https:\/\/bluestudio.estadao.com.br\/agencia-de-comunicacao\/wp-json\/wp\/v2\/media\/137644"}],"wp:attachment":[{"href":"https:\/\/bluestudio.estadao.com.br\/agencia-de-comunicacao\/wp-json\/wp\/v2\/media?parent=137643"}],"wp:term":[{"taxonomy":"category","embeddable":true,"href":"https:\/\/bluestudio.estadao.com.br\/agencia-de-comunicacao\/wp-json\/wp\/v2\/categories?post=137643"},{"taxonomy":"post_tag","embeddable":true,"href":"https:\/\/bluestudio.estadao.com.br\/agencia-de-comunicacao\/wp-json\/wp\/v2\/tags?post=137643"}],"curies":[{"name":"wp","href":"https:\/\/api.w.org\/{rel}","templated":true}]}}