{"id":137637,"date":"2026-08-28T17:49:00","date_gmt":"2026-08-28T20:49:00","guid":{"rendered":"https:\/\/bluestudio.estadao.com.br\/agencia-de-comunicacao\/knewin-dino\/grupo-skill-realiza-evento-exclusivo-em-parceria-com-a-sap\/"},"modified":"2026-08-28T17:49:00","modified_gmt":"2026-08-28T20:49:00","slug":"grupo-skill-realiza-evento-exclusivo-em-parceria-com-a-sap","status":"publish","type":"post","link":"https:\/\/bluestudio.estadao.com.br\/agencia-de-comunicacao\/knewin-dino\/grupo-skill-realiza-evento-exclusivo-em-parceria-com-a-sap\/","title":{"rendered":"Grupo Skill realiza evento exclusivo em parceria com a SAP"},"content":{"rendered":"<p>O Grupo Skill promoveu um evento exclusivo em parceria com a SAP, reunindo parceiros comerciais e especialistas para um dia de capacita\u00e7\u00e3o voltado ao fortalecimento das vendas, atualiza\u00e7\u00e3o sobre o cen\u00e1rio tribut\u00e1rio brasileiro e discuss\u00e3o sobre o papel da Intelig\u00eancia Artificial na transforma\u00e7\u00e3o dos neg\u00f3cios.\u00a0<\/p>\n<p>A programa\u00e7\u00e3o foi aberta com uma\u00a0aula\u00a0conduzida\u00a0por H\u00e9lio Azevedo,\u00a0empres\u00e1rio e mentor,\u00a0que apresentou t\u00e9cnicas de vendas com foco no comportamento humano, mostrando como o aspecto emocional influencia as decis\u00f5es de compra e como a constru\u00e7\u00e3o de valor pode ser mais determinante do que a disputa por pre\u00e7o. Durante a apresenta\u00e7\u00e3o, o especialista utilizou compara\u00e7\u00f5es e exemplos pr\u00e1ticos para demonstrar como uma comunica\u00e7\u00e3o estrat\u00e9gica contribui para negocia\u00e7\u00f5es mais eficazes e relacionamentos comerciais mais duradouros.\u00a0<\/p>\n<p>Representando o Grupo Skill, o presidente do Conselho Executivo, Marco\u00a0Antonio, e a Head de Solu\u00e7\u00f5es Fiscais, Regiane Rios, compartilharam uma an\u00e1lise do atual cen\u00e1rio tribut\u00e1rio brasileiro, destacando os impactos da Reforma Tribut\u00e1ria e apresentando solu\u00e7\u00f5es do portf\u00f3lio da empresa voltadas \u00e0 prepara\u00e7\u00e3o das organiza\u00e7\u00f5es para as novas exig\u00eancias fiscais.\u00a0<\/p>\n<p>A participa\u00e7\u00e3o refor\u00e7ou a import\u00e2ncia das parcerias estrat\u00e9gicas entre empresas de tecnologia, consultoria e ecossistemas de ERP para acelerar a adapta\u00e7\u00e3o das organiza\u00e7\u00f5es \u00e0s mudan\u00e7as regulat\u00f3rias e aos novos desafios do mercado.\u00a0<\/p>\n<p><b>Intelig\u00eancia Artificial como aliada da capacidade humana<\/b>\u00a0<\/p>\n<p>O encerramento do evento ficou por conta de Roberto Arruda, da\u00a0Skyone, que abordou como a Intelig\u00eancia Artificial vem transformando a rotina das empresas e de seus profissionais, destacando que seu maior potencial est\u00e1 em ampliar a capacidade humana, automatizando tarefas repetitivas e permitindo decis\u00f5es mais r\u00e1pidas e estrat\u00e9gicas.\u00a0<\/p>\n<p>O tema dialoga com um movimento crescente do mercado.\u00a0<a href=\"https:\/\/news.sap.com\/brazil\/2025\/12\/companhias-brasileiras-ja-registram-retorno-medio-de-16-sobre-investimento-em-ia-e-projetam-roi-de-31-em-2-anos-revela-sap\/\" target=\"_blank\">Segundo estudo global da SAP<\/a>\u00a0em parceria com a Oxford\u00a0Economics, as empresas brasileiras j\u00e1 registram um retorno m\u00e9dio de 16% sobre os investimentos em IA, com expectativa de alcan\u00e7ar 31% nos pr\u00f3ximos dois anos, enquanto 78% das organiza\u00e7\u00f5es esperam obter retorno positivo em at\u00e9 tr\u00eas anos.\u00a0\u00a0<\/p>\n<p>A pr\u00f3pria SAP\u00a0<a href=\"https:\/\/news.sap.com\/brazil\/2026\/07\/sap-impulsiona-o-avanco-rumo-a-empresa-autonoma-na-america-latina\/\" target=\"_blank\">tamb\u00e9m aponta<\/a>\u00a0que a integra\u00e7\u00e3o entre ERP em nuvem, dados confi\u00e1veis e Intelig\u00eancia Artificial tem acelerado a constru\u00e7\u00e3o do conceito de empresa aut\u00f4noma na Am\u00e9rica Latina, permitindo que organiza\u00e7\u00f5es automatizem processos complexos e fortale\u00e7am sua capacidade de tomada de decis\u00e3o em tempo real.\u00a0\u00a0<\/p>\n<p><b>Conhecimento aplicado aos desafios do mercado<\/b>\u00a0<\/p>\n<p>Ao final do encontro, os participantes deixaram o evento com uma combina\u00e7\u00e3o de conhecimentos pr\u00e1ticos sobre t\u00e9cnicas de vendas, orienta\u00e7\u00f5es sobre o cen\u00e1rio tribut\u00e1rio brasileiro e reflex\u00f5es sobre o uso estrat\u00e9gico da Intelig\u00eancia Artificial como ferramenta de produtividade e crescimento.\u00a0<\/p>\n<p>Website: <a href=\"https:\/\/gruposkill.com.br\" target=\"_blank\">https:\/\/gruposkill.com.br<\/a><\/p>\n<p>Foto: Imagem da Envato<\/p>\n<p>A <b>OESP<\/b> n\u00e3o \u00e9(s\u00e3o) respons\u00e1vel(is) por erros, incorre\u00e7\u00f5es, atrasos ou quaisquer decis\u00f5es tomadas por seus clientes com base nos Conte\u00fados ora disponibilizados, bem como tais Conte\u00fados n\u00e3o representam a opini\u00e3o da <b>OESP<\/b> e s\u00e3o de inteira responsabilidade da <b>Knewin Dino<\/b><\/p>\n","protected":false},"excerpt":{"rendered":"O Grupo Skill promoveu um evento exclusivo em parceria com a SAP, reunindo parceiros comerciais e especialistas para um dia de capacita\u00e7\u00e3o voltado ao fortalecimento das vendas, atualiza\u00e7\u00e3o sobre o","protected":false},"author":1,"featured_media":137638,"comment_status":"open","ping_status":"closed","sticky":false,"template":"","format":"standard","meta":{"_acf_changed":false,"inline_featured_image":false,"_monsterinsights_skip_tracking":false,"_monsterinsights_sitenote_active":false,"_monsterinsights_sitenote_note":"","_monsterinsights_sitenote_category":0,"footnotes":""},"categories":[11470],"tags":[101,12391,112,300,47],"class_list":["post-137637","post","type-post","status-publish","format-standard","has-post-thumbnail","hentry","category-knewin-dino","tag-economia","tag-empreendedorismo","tag-marketing","tag-negocios","tag-tecnologia"],"acf":[],"_links":{"self":[{"href":"https:\/\/bluestudio.estadao.com.br\/agencia-de-comunicacao\/wp-json\/wp\/v2\/posts\/137637","targetHints":{"allow":["GET"]}}],"collection":[{"href":"https:\/\/bluestudio.estadao.com.br\/agencia-de-comunicacao\/wp-json\/wp\/v2\/posts"}],"about":[{"href":"https:\/\/bluestudio.estadao.com.br\/agencia-de-comunicacao\/wp-json\/wp\/v2\/types\/post"}],"author":[{"embeddable":true,"href":"https:\/\/bluestudio.estadao.com.br\/agencia-de-comunicacao\/wp-json\/wp\/v2\/users\/1"}],"replies":[{"embeddable":true,"href":"https:\/\/bluestudio.estadao.com.br\/agencia-de-comunicacao\/wp-json\/wp\/v2\/comments?post=137637"}],"version-history":[{"count":0,"href":"https:\/\/bluestudio.estadao.com.br\/agencia-de-comunicacao\/wp-json\/wp\/v2\/posts\/137637\/revisions"}],"wp:featuredmedia":[{"embeddable":true,"href":"https:\/\/bluestudio.estadao.com.br\/agencia-de-comunicacao\/wp-json\/wp\/v2\/media\/137638"}],"wp:attachment":[{"href":"https:\/\/bluestudio.estadao.com.br\/agencia-de-comunicacao\/wp-json\/wp\/v2\/media?parent=137637"}],"wp:term":[{"taxonomy":"category","embeddable":true,"href":"https:\/\/bluestudio.estadao.com.br\/agencia-de-comunicacao\/wp-json\/wp\/v2\/categories?post=137637"},{"taxonomy":"post_tag","embeddable":true,"href":"https:\/\/bluestudio.estadao.com.br\/agencia-de-comunicacao\/wp-json\/wp\/v2\/tags?post=137637"}],"curies":[{"name":"wp","href":"https:\/\/api.w.org\/{rel}","templated":true}]}}