{"id":137631,"date":"2026-08-28T17:29:00","date_gmt":"2026-08-28T20:29:00","guid":{"rendered":"https:\/\/bluestudio.estadao.com.br\/agencia-de-comunicacao\/knewin-dino\/governador-celso-ramos-aposta-na-gastronomia\/"},"modified":"2026-08-28T17:29:00","modified_gmt":"2026-08-28T20:29:00","slug":"governador-celso-ramos-aposta-na-gastronomia","status":"publish","type":"post","link":"https:\/\/bluestudio.estadao.com.br\/agencia-de-comunicacao\/knewin-dino\/governador-celso-ramos-aposta-na-gastronomia\/","title":{"rendered":"Governador Celso Ramos aposta na gastronomia"},"content":{"rendered":"<p>Conhecida pelas praias, enseadas e paisagens do litoral de Santa Catarina, Governador Celso Ramos (SC) aposta na gastronomia como uma das estrat\u00e9gias para ampliar a experi\u00eancia dos visitantes e estimular a atividade tur\u00edstica tamb\u00e9m fora da alta temporada. No dia 2 de setembro, o munic\u00edpio realiza o lan\u00e7amento oficial do 2\u00ba Festival Gastron\u00f4mico de Governador Celso Ramos, iniciativa que reunir\u00e1 17 restaurantes locais.<\/p>\n<p>O lan\u00e7amento ser\u00e1 realizado durante um coquetel para restaurantes participantes, parceiros e convidados, \u00e0s 16h30, no Restaurante Pomodori Praia. O encontro antecede a abertura do circuito gastron\u00f4mico ao p\u00fablico, programada para 11 de setembro.<\/p>\n<p>A segunda edi\u00e7\u00e3o do Festival segue at\u00e9 12 de outubro e prop\u00f5e uma experi\u00eancia que conecta gastronomia, turismo e circula\u00e7\u00e3o pelo destino. Cada um dos 17 estabelecimentos participantes apresentar\u00e1 um prato ou combo desenvolvido para o per\u00edodo do evento, com valores entre R$ 50 e R$ 100.<\/p>\n<p>A proposta \u00e9 fazer com que a gastronomia funcione tamb\u00e9m como um roteiro para conhecer Governador Celso Ramos. Ao circular entre os restaurantes, moradores e visitantes s\u00e3o incentivados a explorar diferentes pontos do munic\u00edpio e conhecer parte da diversidade da oferta gastron\u00f4mica local.<\/p>\n<p><b>Passaporte incentiva circuito pelos restaurantes<\/b><\/p>\n<p>Para estimular a circula\u00e7\u00e3o, o Festival contar\u00e1 com um Passaporte Gastron\u00f4mico. A cada consumo do prato ou combo oficial, o participante recebe um selo correspondente ao estabelecimento visitado.<\/p>\n<p>Ao completar oito selos v\u00e1lidos de restaurantes diferentes, o participante poder\u00e1 retirar uma ta\u00e7a oficial do Festival.<\/p>\n<p>A din\u00e2mica transforma a participa\u00e7\u00e3o em uma jornada pelo munic\u00edpio. Em vez de concentrar a experi\u00eancia em um \u00fanico espa\u00e7o ou fim de semana, o Festival ocorre dentro dos pr\u00f3prios restaurantes e se estende por um m\u00eas.<\/p>\n<p>O modelo tamb\u00e9m permite que o visitante construa seu pr\u00f3prio roteiro, escolhendo os estabelecimentos e experi\u00eancias que deseja conhecer durante o per\u00edodo.<\/p>\n<p><b>Gastronomia integra estrat\u00e9gia de fortalecimento do destino<\/b><\/p>\n<p>A realiza\u00e7\u00e3o durante os meses de setembro e outubro est\u00e1 relacionada a um dos principais desafios dos destinos tur\u00edsticos de litoral: ampliar o movimento econ\u00f4mico para al\u00e9m dos meses de ver\u00e3o.<\/p>\n<p>Nesse cen\u00e1rio, a gastronomia passa a ser trabalhada n\u00e3o apenas como servi\u00e7o complementar ao turismo, mas como parte da pr\u00f3pria experi\u00eancia de viagem.<\/p>\n<p>O Festival busca fortalecer restaurantes e empreendedores locais, estimular o consumo dentro do munic\u00edpio e criar novos motivos para que visitantes incluam Governador Celso Ramos em seus roteiros tamb\u00e9m durante a baixa temporada.<\/p>\n<p>Para Jhonata Flores, presidente da CDL de Governador Celso Ramos, a segunda edi\u00e7\u00e3o refor\u00e7a o potencial da gastronomia como vetor de desenvolvimento e promo\u00e7\u00e3o do munic\u00edpio.<\/p>\n<p>\u201cQuando criamos um movimento como o Festival Gastron\u00f4mico, estamos valorizando quem empreende na nossa cidade e, ao mesmo tempo, criando novos motivos para que as pessoas venham a Governador Celso Ramos tamb\u00e9m fora do ver\u00e3o. Queremos que o visitante conhe\u00e7a nossos restaurantes, circule pelo munic\u00edpio e descubra que temos muito a oferecer durante todo o ano. O Festival cresce com esse prop\u00f3sito: fortalecer os neg\u00f3cios locais e ajudar a consolidar Governador Celso Ramos como um destino de experi\u00eancias\u201d, destaca Flores.<\/p>\n<p>A iniciativa \u00e9 realizada pela CDL de Governador Celso Ramos, com apoio da Prefeitura Municipal de Governador Celso Ramos, por meio da Secretaria de Turismo.<\/p>\n<p><b>Lan\u00e7amento marca in\u00edcio da 2\u00aa edi\u00e7\u00e3o<\/b><\/p>\n<p>O coquetel de lan\u00e7amento, no dia 2 de setembro, marca a apresenta\u00e7\u00e3o oficial da nova edi\u00e7\u00e3o aos participantes, parceiros e convidados.<\/p>\n<p>Ap\u00f3s o lan\u00e7amento, a programa\u00e7\u00e3o se volta ao p\u00fablico a partir de 11 de setembro, quando os pratos e combos passam a ser oferecidos pelos 17 estabelecimentos integrantes do circuito.<\/p>\n<p>Com a iniciativa, Governador Celso Ramos busca agregar uma nova experi\u00eancia para quem visita o munic\u00edpio: al\u00e9m das paisagens naturais que consolidaram o destino no turismo catarinense, a proposta \u00e9 fazer da gastronomia mais uma forma de conhecer a cidade, seus neg\u00f3cios e sua identidade.<\/p>\n<p><b>SERVI\u00c7O<\/b><\/p>\n<p>Coquetel de lan\u00e7amento do 2\u00ba Festival Gastron\u00f4mico de Governador Celso Ramos<br \/>Data: 2 de setembro de 2026<br \/>Hor\u00e1rio: 16h30<br \/>Local: Restaurante Pomodori Praia<br \/>Endere\u00e7o: Av. Caravelas, 80, Praia Grande \u2013 Governador Celso Ramos (SC)<\/p>\n<p>2\u00ba Festival Gastron\u00f4mico de Governador Celso Ramos<br \/>Per\u00edodo: 11 de setembro a 12 de outubro de 2026<br \/>Participantes: 17 restaurantes<br \/>Pratos: entre R$ 50 e R$ 100<br \/>Realiza\u00e7\u00e3o: CDL de Governador Celso Ramos<br \/>Apoio: Prefeitura de Governador Celso Ramos e Secretaria de Turismo<\/p>\n<p>Website: <a href=\"https:\/\/www.instagram.com.br\/festivalgastronomico.gcr\" target=\"_blank\">https:\/\/www.instagram.com.br\/festivalgastronomico.gcr<\/a><\/p>\n<p>Foto: Ag\u00eancia Impulse Estrat\u00e9gico<\/p>\n<p>A <b>OESP<\/b> n\u00e3o \u00e9(s\u00e3o) respons\u00e1vel(is) por erros, incorre\u00e7\u00f5es, atrasos ou quaisquer decis\u00f5es tomadas por seus clientes com base nos Conte\u00fados ora disponibilizados, bem como tais Conte\u00fados n\u00e3o representam a opini\u00e3o da <b>OESP<\/b> e s\u00e3o de inteira responsabilidade da <b>Knewin Dino<\/b><\/p>\n","protected":false},"excerpt":{"rendered":"Conhecida pelas praias, enseadas e paisagens do litoral de Santa Catarina, Governador Celso Ramos (SC) aposta na gastronomia como uma das estrat\u00e9gias para ampliar a experi\u00eancia dos visitantes e","protected":false},"author":1,"featured_media":137632,"comment_status":"open","ping_status":"closed","sticky":false,"template":"","format":"standard","meta":{"_acf_changed":false,"inline_featured_image":false,"_monsterinsights_skip_tracking":false,"_monsterinsights_sitenote_active":false,"_monsterinsights_sitenote_note":"","_monsterinsights_sitenote_category":0,"footnotes":""},"categories":[11470],"tags":[12391,12405,118,300,12393],"class_list":["post-137631","post","type-post","status-publish","format-standard","has-post-thumbnail","hentry","category-knewin-dino","tag-empreendedorismo","tag-eventos","tag-gastronomia","tag-negocios","tag-turismo-e-viagem"],"acf":[],"_links":{"self":[{"href":"https:\/\/bluestudio.estadao.com.br\/agencia-de-comunicacao\/wp-json\/wp\/v2\/posts\/137631","targetHints":{"allow":["GET"]}}],"collection":[{"href":"https:\/\/bluestudio.estadao.com.br\/agencia-de-comunicacao\/wp-json\/wp\/v2\/posts"}],"about":[{"href":"https:\/\/bluestudio.estadao.com.br\/agencia-de-comunicacao\/wp-json\/wp\/v2\/types\/post"}],"author":[{"embeddable":true,"href":"https:\/\/bluestudio.estadao.com.br\/agencia-de-comunicacao\/wp-json\/wp\/v2\/users\/1"}],"replies":[{"embeddable":true,"href":"https:\/\/bluestudio.estadao.com.br\/agencia-de-comunicacao\/wp-json\/wp\/v2\/comments?post=137631"}],"version-history":[{"count":0,"href":"https:\/\/bluestudio.estadao.com.br\/agencia-de-comunicacao\/wp-json\/wp\/v2\/posts\/137631\/revisions"}],"wp:featuredmedia":[{"embeddable":true,"href":"https:\/\/bluestudio.estadao.com.br\/agencia-de-comunicacao\/wp-json\/wp\/v2\/media\/137632"}],"wp:attachment":[{"href":"https:\/\/bluestudio.estadao.com.br\/agencia-de-comunicacao\/wp-json\/wp\/v2\/media?parent=137631"}],"wp:term":[{"taxonomy":"category","embeddable":true,"href":"https:\/\/bluestudio.estadao.com.br\/agencia-de-comunicacao\/wp-json\/wp\/v2\/categories?post=137631"},{"taxonomy":"post_tag","embeddable":true,"href":"https:\/\/bluestudio.estadao.com.br\/agencia-de-comunicacao\/wp-json\/wp\/v2\/tags?post=137631"}],"curies":[{"name":"wp","href":"https:\/\/api.w.org\/{rel}","templated":true}]}}