{"id":137623,"date":"2026-08-28T16:41:00","date_gmt":"2026-08-28T19:41:00","guid":{"rendered":"https:\/\/bluestudio.estadao.com.br\/agencia-de-comunicacao\/knewin-dino\/icp-brasil-25-anos-de-confianca-no-brasil-digital\/"},"modified":"2026-08-28T16:41:00","modified_gmt":"2026-08-28T19:41:00","slug":"icp-brasil-25-anos-de-confianca-no-brasil-digital","status":"publish","type":"post","link":"https:\/\/bluestudio.estadao.com.br\/agencia-de-comunicacao\/knewin-dino\/icp-brasil-25-anos-de-confianca-no-brasil-digital\/","title":{"rendered":"ICP-Brasil: 25 anos de confian\u00e7a no Brasil digital"},"content":{"rendered":"<p>H\u00e1 25 anos, quando boa parte da vida dos brasileiros ainda acontecia longe das telas, o pa\u00eds tomou uma decis\u00e3o que ajudaria a preparar o caminho para a transforma\u00e7\u00e3o digital que vivemos hoje. Em agosto de 2001, nascia a Infraestrutura de Chaves P\u00fablicas Brasileira (ICP-Brasil), criada para garantir autenticidade, integridade e validade jur\u00eddica \u00e0s rela\u00e7\u00f5es realizadas no ambiente eletr\u00f4nico.<\/p>\n<p>Desde ent\u00e3o, a tecnologia mudou, processos judiciais passaram a tramitar eletronicamente, empresas come\u00e7aram a emitir notas fiscais digitais e a cumprir obriga\u00e7\u00f5es a dist\u00e2ncia, m\u00e9dicos passaram a assinar receitas e outros documentos eletr\u00f4nicos e cidad\u00e3os ganharam novas possibilidades de realizar servi\u00e7os sem enfrentar filas ou depender de documentos em papel.<\/p>\n<p>Em muitas dessas transforma\u00e7\u00f5es, a ICP-Brasil esteve presente como uma camada de confian\u00e7a nem sempre vis\u00edvel para o usu\u00e1rio, mas essencial para garantir que pessoas e empresas possam ser identificadas com seguran\u00e7a no ambiente digital.<\/p>\n<p>Esse \u00e9 um dos grandes legados de seus 25 anos: o Brasil construiu e desenvolveu uma infraestrutura pr\u00f3pria de confian\u00e7a, baseada em regras, padr\u00f5es tecnol\u00f3gicos e uma cadeia de institui\u00e7\u00f5es e empresas respons\u00e1veis por preservar sua seguran\u00e7a. Uma estrutura que tamb\u00e9m representa soberania para um pa\u00eds no qual servi\u00e7os p\u00fablicos, neg\u00f3cios e rela\u00e7\u00f5es sociais dependem cada vez mais do ambiente digital.<\/p>\n<p>\u201cA ICP-Brasil foi vision\u00e1ria ao criar, ainda em 2001, as bases para uma digitaliza\u00e7\u00e3o segura do pa\u00eds. Hoje, quando discutimos intelig\u00eancia artificial, deepfakes e novas formas de fraude, a capacidade de comprovar quem somos e garantir a autenticidade das informa\u00e7\u00f5es ganha ainda mais import\u00e2ncia\u201d, afirma o diretor-presidente da Associa\u00e7\u00e3o Nacional de Certifica\u00e7\u00e3o Digital (ANCD), M\u00e1rcio Nunes.<\/p>\n<p>Ao completar 25 anos, a ICP-Brasil chega a um novo momento. Intelig\u00eancia artificial, deepfakes e, no horizonte, a criptografia p\u00f3s-qu\u00e2ntica tornam identidade e seguran\u00e7a digital temas ainda mais relevantes.<\/p>\n<p>Celebrar essa trajet\u00f3ria \u00e9 reconhecer uma infraestrutura constru\u00edda por muitas m\u00e3os e que ajudou o Brasil a avan\u00e7ar no digital com seguran\u00e7a. Se os primeiros 25 anos foram marcados pela digitaliza\u00e7\u00e3o, os pr\u00f3ximos dever\u00e3o ser cada vez mais pautados pela necessidade de confian\u00e7a. E, nesse cen\u00e1rio, saber quem est\u00e1 do outro lado da tela ser\u00e1 t\u00e3o importante quanto estar conectado.<\/p>\n<p>Website: <a href=\"https:\/\/ancd.org.br\/\" target=\"_blank\">https:\/\/ancd.org.br\/<\/a><\/p>\n<p>Foto: ChatGPT<\/p>\n<p>A <b>OESP<\/b> n\u00e3o \u00e9(s\u00e3o) respons\u00e1vel(is) por erros, incorre\u00e7\u00f5es, atrasos ou quaisquer decis\u00f5es tomadas por seus clientes com base nos Conte\u00fados ora disponibilizados, bem como tais Conte\u00fados n\u00e3o representam a opini\u00e3o da <b>OESP<\/b> e s\u00e3o de inteira responsabilidade da <b>Knewin Dino<\/b><\/p>\n","protected":false},"excerpt":{"rendered":"H\u00e1 25 anos, quando boa parte da vida dos brasileiros ainda acontecia longe das telas, o pa\u00eds tomou uma decis\u00e3o que ajudaria a preparar o caminho para a transforma\u00e7\u00e3o digital que vivemos hoje. Em","protected":false},"author":1,"featured_media":137624,"comment_status":"open","ping_status":"closed","sticky":false,"template":"","format":"standard","meta":{"_acf_changed":false,"inline_featured_image":false,"_monsterinsights_skip_tracking":false,"_monsterinsights_sitenote_active":false,"_monsterinsights_sitenote_note":"","_monsterinsights_sitenote_category":0,"footnotes":""},"categories":[11470],"tags":[101,300,12392,12395,47],"class_list":["post-137623","post","type-post","status-publish","format-standard","has-post-thumbnail","hentry","category-knewin-dino","tag-economia","tag-negocios","tag-politicas","tag-sociedade","tag-tecnologia"],"acf":[],"_links":{"self":[{"href":"https:\/\/bluestudio.estadao.com.br\/agencia-de-comunicacao\/wp-json\/wp\/v2\/posts\/137623","targetHints":{"allow":["GET"]}}],"collection":[{"href":"https:\/\/bluestudio.estadao.com.br\/agencia-de-comunicacao\/wp-json\/wp\/v2\/posts"}],"about":[{"href":"https:\/\/bluestudio.estadao.com.br\/agencia-de-comunicacao\/wp-json\/wp\/v2\/types\/post"}],"author":[{"embeddable":true,"href":"https:\/\/bluestudio.estadao.com.br\/agencia-de-comunicacao\/wp-json\/wp\/v2\/users\/1"}],"replies":[{"embeddable":true,"href":"https:\/\/bluestudio.estadao.com.br\/agencia-de-comunicacao\/wp-json\/wp\/v2\/comments?post=137623"}],"version-history":[{"count":0,"href":"https:\/\/bluestudio.estadao.com.br\/agencia-de-comunicacao\/wp-json\/wp\/v2\/posts\/137623\/revisions"}],"wp:featuredmedia":[{"embeddable":true,"href":"https:\/\/bluestudio.estadao.com.br\/agencia-de-comunicacao\/wp-json\/wp\/v2\/media\/137624"}],"wp:attachment":[{"href":"https:\/\/bluestudio.estadao.com.br\/agencia-de-comunicacao\/wp-json\/wp\/v2\/media?parent=137623"}],"wp:term":[{"taxonomy":"category","embeddable":true,"href":"https:\/\/bluestudio.estadao.com.br\/agencia-de-comunicacao\/wp-json\/wp\/v2\/categories?post=137623"},{"taxonomy":"post_tag","embeddable":true,"href":"https:\/\/bluestudio.estadao.com.br\/agencia-de-comunicacao\/wp-json\/wp\/v2\/tags?post=137623"}],"curies":[{"name":"wp","href":"https:\/\/api.w.org\/{rel}","templated":true}]}}