{"id":137619,"date":"2026-08-28T16:53:00","date_gmt":"2026-08-28T19:53:00","guid":{"rendered":"https:\/\/bluestudio.estadao.com.br\/agencia-de-comunicacao\/knewin-dino\/direcao-da-feira-construir-ai-no-6o-leilao-neymar-jr\/"},"modified":"2026-08-28T16:53:00","modified_gmt":"2026-08-28T19:53:00","slug":"direcao-da-feira-construir-ai-no-6o-leilao-neymar-jr","status":"publish","type":"post","link":"https:\/\/bluestudio.estadao.com.br\/agencia-de-comunicacao\/knewin-dino\/direcao-da-feira-construir-ai-no-6o-leilao-neymar-jr\/","title":{"rendered":"Dire\u00e7\u00e3o da feira Construir A\u00ed no 6o. Leil\u00e3o Neymar Jr."},"content":{"rendered":"<p>A articula\u00e7\u00e3o de investimentos no mercado imobili\u00e1rio e na constru\u00e7\u00e3o civil de alto padr\u00e3o demanda conex\u00f5es estrat\u00e9gicas que v\u00e3o muito al\u00e9m dos canteiros de obras. Evidenciando o protagonismo do litoral de Santa Catarina na atra\u00e7\u00e3o de capital nacional e a responsabilidade social do setor, a <a href=\"https:\/\/construir.ai\/\" target=\"_blank\"><b>Feira Construir A\u00ed<\/b><\/a>\u00a0teve atua\u00e7\u00e3o marcante no 6\u00ba Leil\u00e3o Beneficente do <a href=\"https:\/\/institutoneymarjr.org.br\/6o-leilao-beneficente-em-prol-do-instituto-neymar-jr-celebra-11-anos-do-projeto\/\" target=\"_blank\"><b>Instituto Projeto Neymar Jr.<\/b><\/a>, realizado no Monte Carlo Hall, em S\u00e3o Paulo. O encontro de gala reuniu um p\u00fablico seleto de empres\u00e1rios, investidores de mercado, atletas e lideran\u00e7as corporativas do pa\u00eds.<\/p>\n<p>A presen\u00e7a da diretoria do evento catarinense no encontro filantr\u00f3pico ocorreu por meio do alinhamento direto com grandes nomes do mercado de loteamentos e incorpora\u00e7\u00e3o. <b><a href=\"https:\/\/cidadenoar.com\/economia-negocios\/feira-construir-ai-expansao-sp-wazilewski\/\" target=\"_blank\">Fabr\u00edcio Wazilewski<\/a><\/b>, Diretor Comercial e de Relacionamento da Feira Construir A\u00ed, esteve presente para acompanhar as rodadas de arremates e estreitar la\u00e7os institucionais com a elite do desenvolvimento urbano e da infraestrutura sul-americana.<\/p>\n<p>Esse movimento corporativo consolida a premissa de que a gera\u00e7\u00e3o de riqueza deve caminhar lado a lado com o servi\u00e7o ao pr\u00f3ximo. Quando o mercado construtor aplica seus recursos para estruturar a dignidade humana e apoiar causas transformadoras, o retorno econ\u00f4mico ganha prop\u00f3sito, refletindo a \u00e9tica do trabalho honesto e a valoriza\u00e7\u00e3o da vida.<\/p>\n<p><b>O capital estruturando 11 anos de transforma\u00e7\u00e3o social<\/b><\/p>\n<p>De acordo com as informa\u00e7\u00f5es oficiais divulgadas pelo Instituto Projeto Neymar Jr., a sexta edi\u00e7\u00e3o do leil\u00e3o celebrou um marco hist\u00f3rico de 11 anos de atua\u00e7\u00e3o do projeto. A institui\u00e7\u00e3o atua diretamente na inclus\u00e3o de milhares de crian\u00e7as e adolescentes em situa\u00e7\u00e3o de vulnerabilidade, utilizando a educa\u00e7\u00e3o, o esporte e a sa\u00fade como vetores de cidadania.<\/p>\n<p>A arrecada\u00e7\u00e3o integral dos lotes exclusivos leiloados na noite garante a expans\u00e3o e a manuten\u00e7\u00e3o das atividades socioeducativas mantidas pela entidade. Essa converg\u00eancia entre grandes empresas e projetos sociais de alta relev\u00e2ncia atrai investidores focados em crit\u00e9rios rigorosos de responsabilidade corporativa. No ecossistema de neg\u00f3cios moderno, fundos de investimento e compradores de im\u00f3veis de luxo priorizam empresas que demonstram compromisso pr\u00e1tico com a sustentabilidade e o desenvolvimento humano.<\/p>\n<p><b>Articula\u00e7\u00e3o institucional e a for\u00e7a do litoral catarinense<\/b><\/p>\n<p>Durante a programa\u00e7\u00e3o em S\u00e3o Paulo, a comitiva de Santa Catarina dialogou com investidores de peso da regi\u00e3o Sul. Destaca-se o alinhamento com Jos\u00e9 Antonio Junior, propriet\u00e1rio da JTA Empreendimentos e um dos patrocinadores do leil\u00e3o. A empresa \u00e9 respons\u00e1vel por grandes complexos urbanos, como o projeto Cidade dos Lagos, localizado em Porto Belo.<\/p>\n<p>Al\u00e9m das rodadas de neg\u00f3cios com os loteadores, Fabr\u00edcio Wazilewski esteve reunido com o empres\u00e1rio Neymar Pai. A conversa pautou a import\u00e2ncia da valoriza\u00e7\u00e3o t\u00e9cnica do setor civil e consolidou a apresenta\u00e7\u00e3o do ecossistema tecnol\u00f3gico catarinense para os gestores da fam\u00edlia. O ambiente de um leil\u00e3o corporativo de alto n\u00edvel atua como um acelerador de oportunidades. A troca de experi\u00eancias entre loteadores, fornecedores industriais e diretores de eventos t\u00e9cnicos viabiliza alian\u00e7as operacionais que refletem na ponta do mercado imobili\u00e1rio, reduzindo intermedi\u00e1rios e fortalecendo a seguran\u00e7a jur\u00eddica de novos empreendimentos.<\/p>\n<p>Para ilustrar de forma objetiva como o relacionamento corporativo em eventos de filantropia se converte em resultados tang\u00edveis para a constru\u00e7\u00e3o civil, a tabela a seguir mapeia a transi\u00e7\u00e3o entre o investimento social e o valor de mercado:<\/p>\n<p><b>Expans\u00e3o de portf\u00f3lio no pavilh\u00e3o de neg\u00f3cios<\/b><\/p>\n<p>O dinamismo observado na capital paulista reflete a base estrutural que est\u00e1 sendo preparada para o grande encontro t\u00e9cnico em Santa Catarina. Reunindo centenas de marcas expositoras e milhares de profissionais de engenharia, arquitetura e suprimentos, o pavilh\u00e3o foi projetado para atuar como o centro oficial de neg\u00f3cios e inova\u00e7\u00e3o da constru\u00e7\u00e3o civil.<\/p>\n<p>A conex\u00e3o entre a tecnologia construtiva, a gest\u00e3o de materiais e os grandes fundos de investimento ocorre de 8 a 11 de setembro no complexo do Expocentro Balne\u00e1rio Cambori\u00fa. Profissionais, investidores e equipes t\u00e9cnicas que buscam expans\u00e3o de portf\u00f3lio e contato com os maiores fornecedores do Brasil podem realizar o credenciamento antecipado e gratuito diretamente na plataforma oficial atrav\u00e9s do endere\u00e7o <a href=\"http:\/\/www.construir.ai\/credenciamento\" target=\"_blank\">construir.ai\/credenciamento<\/a>.<\/p>\n<p><b>Perguntas Frequentes (FAQ)<\/b><\/p>\n<p><b>Qual foi o objetivo da diretoria da Feira Construir A\u00ed no 6\u00ba Leil\u00e3o do Instituto Neymar Jr.?<\/b><\/p>\n<p>O objetivo central foi refor\u00e7ar o compromisso do setor imobili\u00e1rio com a transforma\u00e7\u00e3o social, apoiar os 11 anos do projeto beneficente, acompanhar o investimento de parceiros estrat\u00e9gicos como a JTA Empreendimentos e realizar contatos institucionais de alto n\u00edvel com investidores focados no desenvolvimento urbano.<\/p>\n<p><b>De que maneira o networking em eventos de filantropia beneficia a constru\u00e7\u00e3o civil?<\/b><\/p>\n<p>Esses encontros conectam loteadores, empres\u00e1rios e especialistas diretamente e com um prop\u00f3sito em comum. A aproxima\u00e7\u00e3o entre os investidores que desenvolvem o territ\u00f3rio e os fornecedores que trazem inova\u00e7\u00e3o para os canteiros acelera parcerias comerciais duradouras, alinhadas aos princ\u00edpios de governan\u00e7a e \u00e9tica.<\/p>\n<p><b>Como os investidores e profissionais do setor podem participar da Feira Construir A\u00ed?<\/b><\/p>\n<p>Engenheiros, arquitetos, construtores e investidores imobili\u00e1rios podem garantir a inscri\u00e7\u00e3o sem custos diretamente pelo site oficial do evento. O cadastro antecipado libera o acesso completo ao pavilh\u00e3o de ind\u00fastrias e tecnologias durante os quatro dias de programa\u00e7\u00e3o no Expocentro Balne\u00e1rio Cambori\u00fa.<\/p>\n<p>Website: <a href=\"https:\/\/construir.ai\" target=\"_blank\">https:\/\/construir.ai<\/a><\/p>\n<p>Foto: Cr\u00e9ditos\/Autoria: Divulga\u00e7\u00e3o<\/p>\n<p>A <b>OESP<\/b> n\u00e3o \u00e9(s\u00e3o) respons\u00e1vel(is) por erros, incorre\u00e7\u00f5es, atrasos ou quaisquer decis\u00f5es tomadas por seus clientes com base nos Conte\u00fados ora disponibilizados, bem como tais Conte\u00fados n\u00e3o representam a opini\u00e3o da <b>OESP<\/b> e s\u00e3o de inteira responsabilidade da <b>Knewin Dino<\/b><\/p>\n","protected":false},"excerpt":{"rendered":"A articula\u00e7\u00e3o de investimentos no mercado imobili\u00e1rio e na constru\u00e7\u00e3o civil de alto padr\u00e3o demanda conex\u00f5es estrat\u00e9gicas que v\u00e3o muito al\u00e9m dos canteiros de obras. Evidenciando o","protected":false},"author":1,"featured_media":137620,"comment_status":"open","ping_status":"closed","sticky":false,"template":"","format":"standard","meta":{"_acf_changed":false,"inline_featured_image":false,"_monsterinsights_skip_tracking":false,"_monsterinsights_sitenote_active":false,"_monsterinsights_sitenote_note":"","_monsterinsights_sitenote_category":0,"footnotes":""},"categories":[11470],"tags":[12418,101,12408,300,12395],"class_list":["post-137619","post","type-post","status-publish","format-standard","has-post-thumbnail","hentry","category-knewin-dino","tag-construcao-civil","tag-economia","tag-engenharia","tag-negocios","tag-sociedade"],"acf":[],"_links":{"self":[{"href":"https:\/\/bluestudio.estadao.com.br\/agencia-de-comunicacao\/wp-json\/wp\/v2\/posts\/137619","targetHints":{"allow":["GET"]}}],"collection":[{"href":"https:\/\/bluestudio.estadao.com.br\/agencia-de-comunicacao\/wp-json\/wp\/v2\/posts"}],"about":[{"href":"https:\/\/bluestudio.estadao.com.br\/agencia-de-comunicacao\/wp-json\/wp\/v2\/types\/post"}],"author":[{"embeddable":true,"href":"https:\/\/bluestudio.estadao.com.br\/agencia-de-comunicacao\/wp-json\/wp\/v2\/users\/1"}],"replies":[{"embeddable":true,"href":"https:\/\/bluestudio.estadao.com.br\/agencia-de-comunicacao\/wp-json\/wp\/v2\/comments?post=137619"}],"version-history":[{"count":0,"href":"https:\/\/bluestudio.estadao.com.br\/agencia-de-comunicacao\/wp-json\/wp\/v2\/posts\/137619\/revisions"}],"wp:featuredmedia":[{"embeddable":true,"href":"https:\/\/bluestudio.estadao.com.br\/agencia-de-comunicacao\/wp-json\/wp\/v2\/media\/137620"}],"wp:attachment":[{"href":"https:\/\/bluestudio.estadao.com.br\/agencia-de-comunicacao\/wp-json\/wp\/v2\/media?parent=137619"}],"wp:term":[{"taxonomy":"category","embeddable":true,"href":"https:\/\/bluestudio.estadao.com.br\/agencia-de-comunicacao\/wp-json\/wp\/v2\/categories?post=137619"},{"taxonomy":"post_tag","embeddable":true,"href":"https:\/\/bluestudio.estadao.com.br\/agencia-de-comunicacao\/wp-json\/wp\/v2\/tags?post=137619"}],"curies":[{"name":"wp","href":"https:\/\/api.w.org\/{rel}","templated":true}]}}