{"id":137611,"date":"2026-08-28T17:24:00","date_gmt":"2026-08-28T20:24:00","guid":{"rendered":"https:\/\/bluestudio.estadao.com.br\/agencia-de-comunicacao\/knewin-dino\/industria-moveleira-impulsiona-emprego-e-renda-em-marco\/"},"modified":"2026-08-28T17:24:00","modified_gmt":"2026-08-28T20:24:00","slug":"industria-moveleira-impulsiona-emprego-e-renda-em-marco","status":"publish","type":"post","link":"https:\/\/bluestudio.estadao.com.br\/agencia-de-comunicacao\/knewin-dino\/industria-moveleira-impulsiona-emprego-e-renda-em-marco\/","title":{"rendered":"Ind\u00fastria moveleira impulsiona emprego e renda em Marco"},"content":{"rendered":"<p>Marco, munic\u00edpio de cerca de 26 mil habitantes localizado a 220 km de Fortaleza, consolidou a ind\u00fastria de m\u00f3veis como principal atividade econ\u00f4mica local. Em 2023, o Arranjo Produtivo Local (APL) de m\u00f3veis reunia 35 empresas formalizadas, respons\u00e1veis por 35% dos empregos formais do munic\u00edpio, conforme a Rela\u00e7\u00e3o Anual de Informa\u00e7\u00f5es Sociais (RAIS) de 2021. As f\u00e1bricas produzem m\u00f3veis e estofados residenciais e atendem setores como hotelaria, restaurantes, shopping centers, hospitais e constru\u00e7\u00e3o civil, abastecendo compradores de diferentes estados.<\/p>\n<p>A din\u00e2mica do polo moveleiro ultrapassa os limites municipais, empregando trabalhadores de cidades vizinhas e movimentando uma cadeia de fornecedores, com\u00e9rcio e servi\u00e7os. Entre as empresas destaca\u2011se o Grupo Jaca\u00fana, com quase cinco d\u00e9cadas de atua\u00e7\u00e3o, mais de 30 lojas em todo o pa\u00eds e investimentos em moderniza\u00e7\u00e3o de processos, gera\u00e7\u00e3o de energia renov\u00e1vel e produ\u00e7\u00e3o sustent\u00e1vel de mat\u00e9ria\u2011prima. O grupo lidera cerca de 1,8 mil colaboradores, abrangendo atividades industriais, florestais, agropecu\u00e1rias e varejo.<\/p>\n<p>Durante os mandatos de Roger Aguiar (2017\u20112024), prefeito e empres\u00e1rio do setor, foram implementadas pol\u00edticas de desenvolvimento econ\u00f4mico que aproximaram poder p\u00fablico, setor produtivo e entidades como a Federa\u00e7\u00e3o das Ind\u00fastrias do Estado do Cear\u00e1 (FIEC), Sebrae, Governo do Cear\u00e1 e institui\u00e7\u00f5es do Sistema S. Essas iniciativas buscaram criar um ambiente favor\u00e1vel ao crescimento das ind\u00fastrias e \u00e0 qualifica\u00e7\u00e3o da m\u00e3o de obra.<\/p>\n<p>A moderniza\u00e7\u00e3o das f\u00e1bricas incluiu a ado\u00e7\u00e3o de equipamentos de maior precis\u00e3o, novos processos produtivos, tecnologia aplicada \u00e0 fabrica\u00e7\u00e3o e profissionaliza\u00e7\u00e3o da gest\u00e3o. Em 2023, o Polo Moveleiro participou do programa Impulsiona Cear\u00e1, que ofereceu consultorias para aprimorar fluxos de produ\u00e7\u00e3o e estrat\u00e9gias comerciais.<\/p>\n<p>Parcerias com FIEC, SENAI, SESI e IEL resultaram em a\u00e7\u00f5es de qualifica\u00e7\u00e3o profissional, melhoria de gest\u00e3o e aumento da competitividade. O investimento em forma\u00e7\u00e3o foi refor\u00e7ado pela necessidade de trabalhadores aptos a operar tecnologias avan\u00e7adas, design e novos processos produtivos.<\/p>\n<p>No \u00e2mbito educacional, a administra\u00e7\u00e3o municipal realizou obras de constru\u00e7\u00e3o, reforma e amplia\u00e7\u00e3o de unidades escolares, al\u00e9m de manter pol\u00edticas de transporte escolar. Dados do IBGE indicam que mais de 96% da popula\u00e7\u00e3o de 6 a 14 anos estava escolarizada em 2022, e o Ideb do ensino fundamental chegou a 5,7 em 2023.<\/p>\n<p>Roger Aguiar enfatiza a interdepend\u00eancia entre desenvolvimento econ\u00f4mico e qualifica\u00e7\u00e3o: &#8220;N\u00e3o basta haver empresas crescendo se a popula\u00e7\u00e3o n\u00e3o estiver preparada para aproveitar as oportunidades geradas. Educa\u00e7\u00e3o e forma\u00e7\u00e3o profissional s\u00e3o essenciais para que o crescimento econ\u00f4mico permane\u00e7a no munic\u00edpio e se transforme em renda e melhoria da qualidade de vida&#8221;.<\/p>\n<p>O Grupo Jaca\u00fana tamb\u00e9m implementou projetos ambientais, como uma usina solar de 2,2\u202fMW inaugurada em 2021, que reduz em cerca de 90% o consumo de energia convencional, e um programa de reflorestamento destinado a ampliar a produ\u00e7\u00e3o de madeira para uso industrial. Essas a\u00e7\u00f5es demonstram a integra\u00e7\u00e3o de verticaliza\u00e7\u00e3o produtiva, energia renov\u00e1vel e manejo florestal sustent\u00e1vel.<\/p>\n<p>O Sal\u00e3o de M\u00f3veis de Marco, evento que re\u00fane fabricantes e compradores de diversas regi\u00f5es, consolidou-se como vitrine da produ\u00e7\u00e3o local. A quinta edi\u00e7\u00e3o, realizada em 2024, contou com 36 expositores e atraiu compradores de v\u00e1rias partes do pa\u00eds.<\/p>\n<p>Foto: Prefeitura de Marco<\/p>\n<p>A <b>OESP<\/b> n\u00e3o \u00e9(s\u00e3o) respons\u00e1vel(is) por erros, incorre\u00e7\u00f5es, atrasos ou quaisquer decis\u00f5es tomadas por seus clientes com base nos Conte\u00fados ora disponibilizados, bem como tais Conte\u00fados n\u00e3o representam a opini\u00e3o da <b>OESP<\/b> e s\u00e3o de inteira responsabilidade da <b>Knewin Dino<\/b><\/p>\n","protected":false},"excerpt":{"rendered":"Marco, munic\u00edpio de cerca de 26 mil habitantes localizado a 220 km de Fortaleza, consolidou a ind\u00fastria de m\u00f3veis como principal atividade econ\u00f4mica local. Em 2023, o Arranjo Produtivo Local (APL)","protected":false},"author":1,"featured_media":137612,"comment_status":"open","ping_status":"closed","sticky":false,"template":"","format":"standard","meta":{"_acf_changed":false,"inline_featured_image":false,"_monsterinsights_skip_tracking":false,"_monsterinsights_sitenote_active":false,"_monsterinsights_sitenote_note":"","_monsterinsights_sitenote_category":0,"footnotes":""},"categories":[11470],"tags":[101,232,12394,300,12170],"class_list":["post-137611","post","type-post","status-publish","format-standard","has-post-thumbnail","hentry","category-knewin-dino","tag-economia","tag-educacao","tag-industria-de-duraveis","tag-negocios","tag-sustentabilidade"],"acf":[],"_links":{"self":[{"href":"https:\/\/bluestudio.estadao.com.br\/agencia-de-comunicacao\/wp-json\/wp\/v2\/posts\/137611","targetHints":{"allow":["GET"]}}],"collection":[{"href":"https:\/\/bluestudio.estadao.com.br\/agencia-de-comunicacao\/wp-json\/wp\/v2\/posts"}],"about":[{"href":"https:\/\/bluestudio.estadao.com.br\/agencia-de-comunicacao\/wp-json\/wp\/v2\/types\/post"}],"author":[{"embeddable":true,"href":"https:\/\/bluestudio.estadao.com.br\/agencia-de-comunicacao\/wp-json\/wp\/v2\/users\/1"}],"replies":[{"embeddable":true,"href":"https:\/\/bluestudio.estadao.com.br\/agencia-de-comunicacao\/wp-json\/wp\/v2\/comments?post=137611"}],"version-history":[{"count":0,"href":"https:\/\/bluestudio.estadao.com.br\/agencia-de-comunicacao\/wp-json\/wp\/v2\/posts\/137611\/revisions"}],"wp:featuredmedia":[{"embeddable":true,"href":"https:\/\/bluestudio.estadao.com.br\/agencia-de-comunicacao\/wp-json\/wp\/v2\/media\/137612"}],"wp:attachment":[{"href":"https:\/\/bluestudio.estadao.com.br\/agencia-de-comunicacao\/wp-json\/wp\/v2\/media?parent=137611"}],"wp:term":[{"taxonomy":"category","embeddable":true,"href":"https:\/\/bluestudio.estadao.com.br\/agencia-de-comunicacao\/wp-json\/wp\/v2\/categories?post=137611"},{"taxonomy":"post_tag","embeddable":true,"href":"https:\/\/bluestudio.estadao.com.br\/agencia-de-comunicacao\/wp-json\/wp\/v2\/tags?post=137611"}],"curies":[{"name":"wp","href":"https:\/\/api.w.org\/{rel}","templated":true}]}}