{"id":137605,"date":"2026-08-28T17:27:00","date_gmt":"2026-08-28T20:27:00","guid":{"rendered":"https:\/\/bluestudio.estadao.com.br\/agencia-de-comunicacao\/prnewswire\/morphy-richards-apresenta-90-anos-de-ideias-inteligentes-na-ifa-berlim-2026\/"},"modified":"2026-08-28T17:27:00","modified_gmt":"2026-08-28T20:27:00","slug":"morphy-richards-apresenta-90-anos-de-ideias-inteligentes-na-ifa-berlim-2026","status":"publish","type":"post","link":"https:\/\/bluestudio.estadao.com.br\/agencia-de-comunicacao\/prnewswire\/morphy-richards-apresenta-90-anos-de-ideias-inteligentes-na-ifa-berlim-2026\/","title":{"rendered":"Morphy Richards apresenta 90 anos de ideias inteligentes na IFA Berlim 2026"},"content":{"rendered":"\n<div class=\"xn-content\">\n<span class=\"legendSpanClass\">BERLIM<\/span>, <span class=\"legendSpanClass\">28 de agosto de 2026<\/span> \/PRNewswire\/ &#8212; A Morphy Richards, marca brit\u00e2nica de eletrodom\u00e9sticos premium de pequeno porte que comemora seu 90\u00ba anivers\u00e1rio em 2026, apresentar\u00e1 suas mais recentes inova\u00e7\u00f5es na IFA Berlin 2026, de 4 a 8 de setembro. No pavilh\u00e3o 6.1-102 da Messe Berlin, a marca apresentar\u00e1 um portf\u00f3lio de novos produtos que abrangem solu\u00e7\u00f5es para cozinhas, ambientes dom\u00e9sticos e tratamento de ar, destacando como nove d\u00e9cadas de tradi\u00e7\u00e3o em design continuam a inspirar a inova\u00e7\u00e3o para estilos de vida modernos.<\/p>\n<p><b>Forjada pelo tempo. Inspirada pelo amanh\u00e3<\/b><\/p>\n<p>Fundada em 1936 por Donal Morphy e Charles Richards, a Morphy Richards idealizou um mundo onde todos pudessem desfrutar de eletrodom\u00e9sticos de alta qualidade e com design sofisticado. Ao longo das d\u00e9cadas seguintes, a marca evoluiu acompanhando as mudan\u00e7as nos estilos de vida e nas necessidades dos consumidores, construindo uma reputa\u00e7\u00e3o por combinar funcionalidade pr\u00e1tica com um design bem pensado.<\/p>\n<p>Ao celebrar seu 90\u00ba anivers\u00e1rio em 2026, a Morphy Richards reflete esse legado no tema marcante: &#8220;Forged by Time. Inspired by Tomorrow&#8221; (Forjada pelo Tempo. Inspirada pelo amanh\u00e3). O tema captura tanto a experi\u00eancia acumulada ao longo de nove d\u00e9cadas quanto a abordagem inovadora da marca em rela\u00e7\u00e3o aos produtos.<\/p>\n<p>&#8220;Noventa anos representam n\u00e3o apenas um marco significativo, mas tamb\u00e9m a responsabilidade de continuar evoluindo&#8221;, disse Martin Guo, diretor global da Morphy Richards<b>. <\/b>&#8220;A filosofia que inspirou Morphy Richards em 1936 continua relevante ainda hoje: criar produtos que atendam \u00e0s necessidades reais das fam\u00edlias e facilitem o dia a dia. \u00c0 medida que os estilos de vida continuam a mudar, mantemos o foco no desenvolvimento de solu\u00e7\u00f5es pr\u00e1ticas e significativas para a vida moderna.&#8221;<\/p>\n<p><b>90 anos de ideias inteligentes<\/b><\/p>\n<p>Na IFA Berlin 2026, a Morphy Richards dar\u00e1 vida \u00e0 hist\u00f3ria do seu 90\u00ba anivers\u00e1rio sob o tema da exposi\u00e7\u00e3o &#8220;90 Anos de Ideias Inteligentes&#8221;, celebrando a filosofia duradoura da marca: &#8220;Smart Ideas for Your Life&#8221; (Ideias Inteligentes para a Sua Vida). A mostra destaca como 90 anos de tradi\u00e7\u00e3o em design continuam a inspirar inova\u00e7\u00f5es que atendem \u00e0s necessidades em constante evolu\u00e7\u00e3o da vida moderna.<\/p>\n<p>Um dos principais destaques \u00e9 o ar-condicionado port\u00e1til sem dutos S1 Pro, uma solu\u00e7\u00e3o de climatiza\u00e7\u00e3o de \u00faltima gera\u00e7\u00e3o projetada para oferecer conforto com flexibilidade e sem necessidade de instala\u00e7\u00e3o. Seu design sem mangueiras, fluxo de ar de at\u00e9 8 m\/s e oscila\u00e7\u00e3o em quatro dire\u00e7\u00f5es proporcionam resfriamento r\u00e1pido e direcionado, enquanto as fun\u00e7\u00f5es integradas de ar condicionado, ventila\u00e7\u00e3o e desumidifica\u00e7\u00e3o oferecem versatilidade durante todo o ano. As op\u00e7\u00f5es de controle inteligentes, incluindo opera\u00e7\u00e3o por aplicativo, controle remoto e painel sens\u00edvel ao toque, aumentam a conveni\u00eancia e s\u00e3o complementadas por fluidos refrigerantes ecologicamente corretos, adaptados aos mercados regionais. O S1 Lite tamb\u00e9m estar\u00e1 em exibi\u00e7\u00e3o como uma op\u00e7\u00e3o mais compacta, apresentando a mesma abordagem de resfriamento &#8220;plug-and-play&#8221; e sem mangueiras.<\/p>\n<p>Na categoria de cozinha, a Morphy Richards apresentar\u00e1 a chaleira e a torradeira Fusion, que combinam uma est\u00e9tica de inspira\u00e7\u00e3o retr\u00f4 com funcionalidade contempor\u00e2nea. Juntamente com as linhas de produtos rec\u00e9m-lan\u00e7adas no Reino Unido, as cole\u00e7\u00f5es Clay e Cassini, elas refletem uma crescente preocupa\u00e7\u00e3o com eletrodom\u00e9sticos que combinam perfeitamente o desempenho com a decora\u00e7\u00e3o de interiores. A cole\u00e7\u00e3o Fusion foi reconhecida na IFA 2025 como uma das sele\u00e7\u00f5es &#8220;Best of IFA&#8221; da Gadget Flow, o que refor\u00e7a seu apelo tanto para consumidores preocupados com o design quanto para aqueles que priorizam a praticidade.<\/p>\n<p>Outros destaques incluem a m\u00e1quina de gelo saborizado InfuseChill, que permite criar gelo com sabores a partir de caf\u00e9, suco, refrigerante e outras bebidas para preparar drinques gelados mais criativos, e a m\u00e1quina de caf\u00e9 totalmente autom\u00e1tica, que traz para casa a conveni\u00eancia de uma cafeteria. Estas inova\u00e7\u00f5es demonstram o compromisso cont\u00ednuo da Morphy Richards em desenvolver solu\u00e7\u00f5es pr\u00e1ticas para estilos de vida em constante evolu\u00e7\u00e3o.<\/p>\n<p>&#8220;O portf\u00f3lio deste ano reflete a evolu\u00e7\u00e3o das necessidades do dia a dia&#8221;, disse Calvin, diretor de Produtos da Morphy Richards. &#8220;Seja para proporcionar conforto em ambientes mais quentes, simplificar o preparo de alimentos ou trazer mais praticidade para o lar, todos os produtos em exposi\u00e7\u00e3o foram desenvolvidos com base em casos de uso da vida real. As cole\u00e7\u00f5es demonstram como ideias inteligentes podem continuar a melhorar as experi\u00eancias do dia a dia de maneiras significativas.&#8221;<\/p>\n<p>Enquanto a Morphy Richards comemora 90 anos de inova\u00e7\u00e3o, a IFA Berlin 2026 oferece uma oportunidade para celebrar seu legado e, ao mesmo tempo, explorar o futuro da vida cotidiana. Descubra 90 anos de ideias inteligentes no pavilh\u00e3o 6.1-102 ou saiba mais em <a href=\"https:\/\/morphyrichards.com\/pages\/ifa2026\" target=\"_blank\" rel=\"nofollow\">https:\/\/morphyrichards.com\/pages\/ifa2026<\/a>.<\/p>\n<div class=\"PRN_ImbeddedAssetReference\" id=\"DivAssetPlaceHolder0\">\n<img decoding=\"async\" src=\"https:\/\/mmx.prnewswire.com\/media\/MS1975145\/20260825044600EDT_image_1.jpg?id=OA2917475\" title=\"Morphy Richards brings 90 years of innovation into modern living at IFA 2026.\" alt=\"Morphy Richards brings 90 years of innovation into modern living at IFA 2026.\" \/><\/p>\n<\/div>\n<div class=\"PRN_ImbeddedAssetReference\" id=\"DivAssetPlaceHolder0\"><\/div>\n<p id=\"PURL\"><img loading=\"lazy\" decoding=\"async\" title=\"Cision\" width=\"12\" height=\"12\" alt=\"Cision\" src=\"https:\/\/edge.prnewswire.com\/c\/img\/favicon.png?sn=PT33096&amp;sd=2026-08-28\" \/> View original content to download multimedia:<a id=\"PRNURL\" rel=\"nofollow\" href=\"https:\/\/www.prnewswire.com\/br\/comunicados-para-a-imprensa\/morphy-richards-apresenta-90-anos-de-ideias-inteligentes-na-ifa-berlim-2026-302863142.html\" target=\"_blank\">https:\/\/www.prnewswire.com\/br\/comunicados-para-a-imprensa\/morphy-richards-apresenta-90-anos-de-ideias-inteligentes-na-ifa-berlim-2026-302863142.html<\/a><\/p>\n<p>FONTE Morphy Richards<\/p>\n<\/div>\n<p>  <img decoding=\"async\" alt=\"\" src=\"https:\/\/rt.prnewswire.com\/rt.gif?NewsItemId=PT33096&amp;Transmission_Id=202608281615PR_NEWS_LATAM____PT33096&amp;DateId=20260828\" style=\"border:0px;width:1px;height:1px\" \/><\/p>\n<p><strong>T\u00f3picos Relacionados:<\/strong> Novos Produtos\/Servi\u00e7os, Not\u00edcias de Feiras Comerciais, Produtos Dom\u00e9sticos, Eventos Futuros, Varejo, Melhorias Dom\u00e9sticas, Dom\u00e9stico\/Consumidor\/Cosm\u00e9ticos<\/p>\n<p>A <b>OESP<\/b> n\u00e3o \u00e9(s\u00e3o) respons\u00e1vel(is) por erros, incorre\u00e7\u00f5es, atrasos ou quaisquer decis\u00f5es tomadas por seus clientes com base nos Conte\u00fados ora disponibilizados, bem como tais Conte\u00fados n\u00e3o representam a opini\u00e3o da <b>OESP<\/b> e s\u00e3o de inteira responsabilidade da <b>PR Newswire Ltda<\/b><\/p>\n","protected":false},"excerpt":{"rendered":"BERLIM, 28 de agosto de 2026 \/PRNewswire\/ &#8212; A Morphy Richards, marca brit\u00e2nica de eletrodom\u00e9sticos premium de pequeno porte que comemora seu 90\u00ba anivers\u00e1rio em 2026, apresentar\u00e1 suas mais","protected":false},"author":1,"featured_media":137606,"comment_status":"open","ping_status":"closed","sticky":false,"template":"","format":"standard","meta":{"_acf_changed":false,"inline_featured_image":false,"_monsterinsights_skip_tracking":false,"_monsterinsights_sitenote_active":false,"_monsterinsights_sitenote_note":"","_monsterinsights_sitenote_category":0,"footnotes":""},"categories":[27],"tags":[12800,12802,12801],"class_list":["post-137605","post","type-post","status-publish","format-standard","has-post-thumbnail","hentry","category-prnewswire","tag-a-morphy-richards","tag-apresentara-suas-mais-recentes-inovacoes-na-ifa-berlin-20","tag-marca-britanica-de-eletrodomesticos-premium-de-pequeno-porte-que-comemora-seu-90o-aniversario-em-2026"],"acf":[],"_links":{"self":[{"href":"https:\/\/bluestudio.estadao.com.br\/agencia-de-comunicacao\/wp-json\/wp\/v2\/posts\/137605","targetHints":{"allow":["GET"]}}],"collection":[{"href":"https:\/\/bluestudio.estadao.com.br\/agencia-de-comunicacao\/wp-json\/wp\/v2\/posts"}],"about":[{"href":"https:\/\/bluestudio.estadao.com.br\/agencia-de-comunicacao\/wp-json\/wp\/v2\/types\/post"}],"author":[{"embeddable":true,"href":"https:\/\/bluestudio.estadao.com.br\/agencia-de-comunicacao\/wp-json\/wp\/v2\/users\/1"}],"replies":[{"embeddable":true,"href":"https:\/\/bluestudio.estadao.com.br\/agencia-de-comunicacao\/wp-json\/wp\/v2\/comments?post=137605"}],"version-history":[{"count":0,"href":"https:\/\/bluestudio.estadao.com.br\/agencia-de-comunicacao\/wp-json\/wp\/v2\/posts\/137605\/revisions"}],"wp:featuredmedia":[{"embeddable":true,"href":"https:\/\/bluestudio.estadao.com.br\/agencia-de-comunicacao\/wp-json\/wp\/v2\/media\/137606"}],"wp:attachment":[{"href":"https:\/\/bluestudio.estadao.com.br\/agencia-de-comunicacao\/wp-json\/wp\/v2\/media?parent=137605"}],"wp:term":[{"taxonomy":"category","embeddable":true,"href":"https:\/\/bluestudio.estadao.com.br\/agencia-de-comunicacao\/wp-json\/wp\/v2\/categories?post=137605"},{"taxonomy":"post_tag","embeddable":true,"href":"https:\/\/bluestudio.estadao.com.br\/agencia-de-comunicacao\/wp-json\/wp\/v2\/tags?post=137605"}],"curies":[{"name":"wp","href":"https:\/\/api.w.org\/{rel}","templated":true}]}}