{"id":137592,"date":"2026-08-28T16:21:00","date_gmt":"2026-08-28T19:21:00","guid":{"rendered":"https:\/\/bluestudio.estadao.com.br\/agencia-de-comunicacao\/knewin-dino\/imobiliarias-do-grupo-cyrela-celebram-dia-do-corretor\/"},"modified":"2026-08-28T16:21:00","modified_gmt":"2026-08-28T19:21:00","slug":"imobiliarias-do-grupo-cyrela-celebram-dia-do-corretor","status":"publish","type":"post","link":"https:\/\/bluestudio.estadao.com.br\/agencia-de-comunicacao\/knewin-dino\/imobiliarias-do-grupo-cyrela-celebram-dia-do-corretor\/","title":{"rendered":"Imobili\u00e1rias do Grupo Cyrela celebram Dia do Corretor"},"content":{"rendered":"<p>Para celebrar o Dia Nacional do Corretor de Im\u00f3veis, comemorado em 27 de agosto, as houses de vendas do Grupo Cyrela promoveram, ao longo desta semana, uma programa\u00e7\u00e3o especial dedicada aos profissionais que est\u00e3o diariamente em contato com os clientes das marcas Cyrela, Living e Vivaz. As iniciativas chegaram aos estandes e escrit\u00f3rios, com atividades, din\u00e2micas, momentos de integra\u00e7\u00e3o e entrega de brindes. A proposta foi aproximar a homenagem da rotina dos corretores e reconhecer profissionais que acompanham diariamente clientes em uma das decis\u00f5es mais importantes de suas vidas: a escolha de um im\u00f3vel.<\/p>\n<p><b>Uma celebra\u00e7\u00e3o presente nas tr\u00eas marcas<\/b><\/p>\n<p>Na Cyrela, a programa\u00e7\u00e3o percorreu os estandes Green Garden, La Galerie e Escape, com a\u00e7\u00f5es de relacionamento, din\u00e2micas e momentos de integra\u00e7\u00e3o entre os profissionais. Na Living, as iniciativas chegaram aos estandes Wellness, Leven, Full Eldorado e The Grand Residence, com uma programa\u00e7\u00e3o tamb\u00e9m dedicada \u00e0 celebra\u00e7\u00e3o e ao reconhecimento dos corretores. J\u00e1 na Vivaz, as a\u00e7\u00f5es foram realizadas no Dia do Corretor nos estandes Vivaz Esta\u00e7\u00e3o Vila S\u00f4nia e Vivaz Parque Barra Funda, reunindo os profissionais em atividades preparadas especialmente para a data. A programa\u00e7\u00e3o contemplou ainda a\u00e7\u00f5es nos escrit\u00f3rios e entrega de brindes, ampliando a celebra\u00e7\u00e3o para diferentes equipes de vendas das tr\u00eas marcas.<\/p>\n<p>Para Orlando Pereira, Diretor de Vendas do Grupo Cyrela, a data carrega tamb\u00e9m um significado pessoal. O executivo iniciou sua trajet\u00f3ria na companhia como corretor de im\u00f3veis, em 2002, e passou por diferentes posi\u00e7\u00f5es na \u00e1rea comercial ao longo de sua carreira. \u201cComecei minha trajet\u00f3ria na Cyrela como corretor e sei o que significa estar no estande, ouvir o cliente e entender a responsabilidade de acompanh\u00e1-lo em uma decis\u00e3o t\u00e3o importante. Por isso, essa celebra\u00e7\u00e3o tem um significado muito especial para mim\u201d, afirma.<\/p>\n<p><b>Confian\u00e7a e escuta no centro da rela\u00e7\u00e3o com o cliente<\/b><\/p>\n<p>Mais do que marcar uma data no calend\u00e1rio, as iniciativas refor\u00e7am o reconhecimento ao papel do corretor na rela\u00e7\u00e3o com o cliente. S\u00e3o esses profissionais que exercitam diariamente a escuta, compreendem diferentes necessidades e ajudam cada pessoa a encontrar a melhor escolha para seu momento de vida, uma atua\u00e7\u00e3o alinhada ao compromisso do Grupo Cyrela de Ser mais para o Cliente. Esse papel ganha ainda mais relev\u00e2ncia diante das transforma\u00e7\u00f5es do mercado imobili\u00e1rio. A tecnologia ampliou o acesso \u00e0 informa\u00e7\u00e3o, criou novas ferramentas e modificou diferentes etapas da busca e da compra de um im\u00f3vel. Ao mesmo tempo, a dimens\u00e3o humana permanece essencial em uma decis\u00e3o que envolve expectativas, planejamento e projetos de vida. Nesse cen\u00e1rio, o corretor assume uma atua\u00e7\u00e3o cada vez mais consultiva, combinando conhecimento sobre produtos e mercado com a capacidade de ouvir, orientar e compreender o que faz sentido para cada cliente.<\/p>\n<p>\u201cO mercado evoluiu, a tecnologia transformou a jornada de compra e o cliente est\u00e1 cada vez mais informado, mas a confian\u00e7a continua sendo essencial. O corretor \u00e9 quem combina conhecimento, escuta e sensibilidade para compreender o que cada pessoa busca e ajud\u00e1-la a fazer a melhor escolha. Celebrar esses profissionais \u00e9 reconhecer a import\u00e2ncia que eles t\u00eam para nossos clientes e para tudo o que constru\u00edmos\u201d, completa Orlando.<\/p>\n<p>Com a programa\u00e7\u00e3o, as houses de vendas do Grupo Cyrela refor\u00e7am a valoriza\u00e7\u00e3o dos corretores que representam Cyrela, Living e Vivaz e contribuem diariamente para construir rela\u00e7\u00f5es de confian\u00e7a entre as marcas e seus clientes.<\/p>\n<p>Website: <a href=\"https:\/\/www.cyrela.com.br\" target=\"_blank\">https:\/\/www.cyrela.com.br<\/a><\/p>\n<p>Foto: Cyrela | Divulga\u00e7\u00e3o<\/p>\n<p>A <b>OESP<\/b> n\u00e3o \u00e9(s\u00e3o) respons\u00e1vel(is) por erros, incorre\u00e7\u00f5es, atrasos ou quaisquer decis\u00f5es tomadas por seus clientes com base nos Conte\u00fados ora disponibilizados, bem como tais Conte\u00fados n\u00e3o representam a opini\u00e3o da <b>OESP<\/b> e s\u00e3o de inteira responsabilidade da <b>Knewin Dino<\/b><\/p>\n","protected":false},"excerpt":{"rendered":"Para celebrar o Dia Nacional do Corretor de Im\u00f3veis, comemorado em 27 de agosto, as houses de vendas do Grupo Cyrela promoveram, ao longo desta semana, uma programa\u00e7\u00e3o especial dedicada aos","protected":false},"author":1,"featured_media":137593,"comment_status":"open","ping_status":"closed","sticky":false,"template":"","format":"standard","meta":{"_acf_changed":false,"inline_featured_image":false,"_monsterinsights_skip_tracking":false,"_monsterinsights_sitenote_active":false,"_monsterinsights_sitenote_note":"","_monsterinsights_sitenote_category":0,"footnotes":""},"categories":[11470],"tags":[12410,12418,101,300,12395],"class_list":["post-137592","post","type-post","status-publish","format-standard","has-post-thumbnail","hentry","category-knewin-dino","tag-arquitetura","tag-construcao-civil","tag-economia","tag-negocios","tag-sociedade"],"acf":[],"_links":{"self":[{"href":"https:\/\/bluestudio.estadao.com.br\/agencia-de-comunicacao\/wp-json\/wp\/v2\/posts\/137592","targetHints":{"allow":["GET"]}}],"collection":[{"href":"https:\/\/bluestudio.estadao.com.br\/agencia-de-comunicacao\/wp-json\/wp\/v2\/posts"}],"about":[{"href":"https:\/\/bluestudio.estadao.com.br\/agencia-de-comunicacao\/wp-json\/wp\/v2\/types\/post"}],"author":[{"embeddable":true,"href":"https:\/\/bluestudio.estadao.com.br\/agencia-de-comunicacao\/wp-json\/wp\/v2\/users\/1"}],"replies":[{"embeddable":true,"href":"https:\/\/bluestudio.estadao.com.br\/agencia-de-comunicacao\/wp-json\/wp\/v2\/comments?post=137592"}],"version-history":[{"count":0,"href":"https:\/\/bluestudio.estadao.com.br\/agencia-de-comunicacao\/wp-json\/wp\/v2\/posts\/137592\/revisions"}],"wp:featuredmedia":[{"embeddable":true,"href":"https:\/\/bluestudio.estadao.com.br\/agencia-de-comunicacao\/wp-json\/wp\/v2\/media\/137593"}],"wp:attachment":[{"href":"https:\/\/bluestudio.estadao.com.br\/agencia-de-comunicacao\/wp-json\/wp\/v2\/media?parent=137592"}],"wp:term":[{"taxonomy":"category","embeddable":true,"href":"https:\/\/bluestudio.estadao.com.br\/agencia-de-comunicacao\/wp-json\/wp\/v2\/categories?post=137592"},{"taxonomy":"post_tag","embeddable":true,"href":"https:\/\/bluestudio.estadao.com.br\/agencia-de-comunicacao\/wp-json\/wp\/v2\/tags?post=137592"}],"curies":[{"name":"wp","href":"https:\/\/api.w.org\/{rel}","templated":true}]}}