{"id":137582,"date":"2026-08-28T15:20:00","date_gmt":"2026-08-28T18:20:00","guid":{"rendered":"https:\/\/bluestudio.estadao.com.br\/agencia-de-comunicacao\/saftec-digital\/tres-geracoes-um-so-roteiro-antonella-giancoli-mostra-como-a-benarrivati-equilibra-ritmos-distintos-dentro-de-uma-mesma-familia\/"},"modified":"2026-08-28T15:20:00","modified_gmt":"2026-08-28T18:20:00","slug":"tres-geracoes-um-so-roteiro-antonella-giancoli-mostra-como-a-benarrivati-equilibra-ritmos-distintos-dentro-de-uma-mesma-familia","status":"publish","type":"post","link":"https:\/\/bluestudio.estadao.com.br\/agencia-de-comunicacao\/saftec-digital\/tres-geracoes-um-so-roteiro-antonella-giancoli-mostra-como-a-benarrivati-equilibra-ritmos-distintos-dentro-de-uma-mesma-familia\/","title":{"rendered":"Tr\u00eas gera\u00e7\u00f5es, um s\u00f3 roteiro: Antonella Giancoli mostra como a Benarrivati equilibra ritmos distintos dentro de uma mesma fam\u00edlia"},"content":{"rendered":"<p><b>Ao planejar jornadas que re\u00fanem av\u00f3s, pais e netos sob um mesmo itiner\u00e1rio, a holding fundada pela executiva transforma diferen\u00e7as de ritmo e interesse em uma experi\u00eancia coletiva constru\u00edda com precis\u00e3o e sensibilidade<\/b><\/p>\n<p>Reunir tr\u00eas gera\u00e7\u00f5es em uma mesma viagem \u00e9, antes de tudo, um exerc\u00edcio de tradu\u00e7\u00e3o: entender que o av\u00f4 busca contempla\u00e7\u00e3o, os pais buscam conex\u00e3o e os netos buscam movimento, e ainda assim construir um roteiro em que todos se sintam contemplados. Foi observando essa complexidade humana, e n\u00e3o apenas geogr\u00e1fica, que a Benarrivati desenvolveu sua abordagem para viagens multigeracionais.<\/p>\n<p>Sob a dire\u00e7\u00e3o de Antonella Giancoli, a companhia trata cada jornada em fam\u00edlia como um projeto de governan\u00e7a dom\u00e9stica tempor\u00e1ria, no qual ritmos biol\u00f3gicos, culturais e emocionais precisam conviver sem atrito. Isso significa desenhar dias com m\u00faltiplas velocidades: manh\u00e3s mais lentas para quem busca descanso, tardes ativas para os mais jovens e momentos coletivos cuidadosamente posicionados para que a fam\u00edlia se reencontre sem sobrecarga. Nenhum desses ajustes \u00e9 gen\u00e9rico: cada fam\u00edlia recebe um estudo pr\u00e9vio de composi\u00e7\u00e3o et\u00e1ria, restri\u00e7\u00f5es declaradas pelos pr\u00f3prios viajantes e prefer\u00eancias culturais antes de qualquer proposta ser desenhada.<\/p>\n<p><b>Um roteiro, v\u00e1rias velocidades<\/b><\/p>\n<p>Essa engenharia de sensibilidade s\u00f3 funciona porque a Benarrivati mant\u00e9m equipes locais capazes de adaptar, em tempo real, qualquer etapa da jornada. Se um av\u00f4 prefere encurtar uma caminhada, ou se um neto pede mais tempo em determinado passeio, a resposta acontece no solo, sem burocracia e sem que a altera\u00e7\u00e3o seja percebida como um problema pela fam\u00edlia. A discri\u00e7\u00e3o com que essas adapta\u00e7\u00f5es s\u00e3o feitas \u00e9, para muitos clientes, o verdadeiro diferencial da experi\u00eancia. Em uma mesma tarde, \u00e9 comum que o roteiro se desdobre em pequenos grupos, cada um seguindo um ritmo pr\u00f3prio, para se reencontrar horas depois em um jantar ou em uma atividade pensada especificamente para reunir as tr\u00eas gera\u00e7\u00f5es.<\/p>\n<p>&#8220;Uma viagem em fam\u00edlia s\u00f3 \u00e9 bem-sucedida quando ningu\u00e9m precisa abrir m\u00e3o de si mesmo para caber no roteiro do outro. Passamos a estudar cada fam\u00edlia como um universo particular, com seus pr\u00f3prios ritmos, suas pr\u00f3prias mem\u00f3rias e suas pr\u00f3prias formas de amor. N\u00e3o existe f\u00f3rmula pronta: existe escuta, presen\u00e7a e a disposi\u00e7\u00e3o de reorganizar tudo, se preciso, para que av\u00f3s, pais e netos vivam a mesma viagem de formas diferentes e igualmente profundas. \u00c9 esse cuidado que transforma um itiner\u00e1rio em heran\u00e7a de fam\u00edlia&#8221;, afirma Antonella Giancoli, fundadora e CEO da Benarrivati.<\/p>\n<p>Essa capacidade de personaliza\u00e7\u00e3o se apoia em mais de 20 anos de atua\u00e7\u00e3o de Antonella Giancoli junto a fam\u00edlias de alt\u00edssimo patrim\u00f4nio, per\u00edodo em que a Benarrivati consolidou metodologia pr\u00f3pria para lidar com a complexidade multigeracional. Hoje, entre os mais de mil itiner\u00e1rios tailor-made desenvolvidos anualmente pela companhia, uma parcela significativa nasce justamente desse tipo de demanda: viagens pensadas para reunir, e n\u00e3o apenas transportar, fam\u00edlias inteiras.<\/p>\n<p>Terminada a viagem, o que fica n\u00e3o \u00e9 apenas o destino visitado, mas a lembran\u00e7a de terem estado juntos sem que ningu\u00e9m precisasse ceder demais. Nesse equil\u00edbrio raro e dif\u00edcil de sustentar, a Benarrivati concentra boa parte de sua expertise: transformar tempo em fam\u00edlia em um patrim\u00f4nio que atravessa gera\u00e7\u00f5es.<\/p>\n<p><b>Sobre a Benarrivati<\/b><\/p>\n<p>Fundada e liderada por Antonella Giancoli, a Benarrivati \u00e9 uma holding de viagens de alto padr\u00e3o especializada em desenhar jornadas sob medida pelo solo europeu e africano. Com opera\u00e7\u00e3o pr\u00f3pria e equipes de concierges locais, a companhia elimina intermedi\u00e1rios para garantir seguran\u00e7a jur\u00eddica, transpar\u00eancia financeira e discri\u00e7\u00e3o inegoci\u00e1vel em cada etapa da experi\u00eancia. Pautada pela \u00e9tica do relacionamento e pela valoriza\u00e7\u00e3o do tempo, a Benarrivati transforma a hospedagem em propriedades privadas em uma forma de preservar mem\u00f3rias e legados familiares.<\/p>\n<p>A <b>OESP<\/b> n\u00e3o \u00e9(s\u00e3o) respons\u00e1vel(is) por erros, incorre\u00e7\u00f5es, atrasos ou quaisquer decis\u00f5es tomadas por seus clientes com base nos Conte\u00fados ora disponibilizados, bem como tais Conte\u00fados n\u00e3o representam a opini\u00e3o da <b>OESP<\/b> e s\u00e3o de inteira responsabilidade da <b>Ag\u00eancia Saftec<\/b><\/p>\n","protected":false},"excerpt":{"rendered":"Ao planejar jornadas que re\u00fanem av\u00f3s, pais e netos sob um mesmo itiner\u00e1rio, a holding fundada pela executiva transforma diferen\u00e7as de ritmo e interesse em uma experi\u00eancia coletiva constru\u00edda com","protected":false},"author":1,"featured_media":137583,"comment_status":"open","ping_status":"closed","sticky":false,"template":"","format":"standard","meta":{"_acf_changed":false,"inline_featured_image":false,"_monsterinsights_skip_tracking":false,"_monsterinsights_sitenote_active":false,"_monsterinsights_sitenote_note":"","_monsterinsights_sitenote_category":0,"footnotes":""},"categories":[525],"tags":[],"class_list":["post-137582","post","type-post","status-publish","format-standard","has-post-thumbnail","hentry","category-saftec-digital"],"acf":[],"_links":{"self":[{"href":"https:\/\/bluestudio.estadao.com.br\/agencia-de-comunicacao\/wp-json\/wp\/v2\/posts\/137582","targetHints":{"allow":["GET"]}}],"collection":[{"href":"https:\/\/bluestudio.estadao.com.br\/agencia-de-comunicacao\/wp-json\/wp\/v2\/posts"}],"about":[{"href":"https:\/\/bluestudio.estadao.com.br\/agencia-de-comunicacao\/wp-json\/wp\/v2\/types\/post"}],"author":[{"embeddable":true,"href":"https:\/\/bluestudio.estadao.com.br\/agencia-de-comunicacao\/wp-json\/wp\/v2\/users\/1"}],"replies":[{"embeddable":true,"href":"https:\/\/bluestudio.estadao.com.br\/agencia-de-comunicacao\/wp-json\/wp\/v2\/comments?post=137582"}],"version-history":[{"count":0,"href":"https:\/\/bluestudio.estadao.com.br\/agencia-de-comunicacao\/wp-json\/wp\/v2\/posts\/137582\/revisions"}],"wp:featuredmedia":[{"embeddable":true,"href":"https:\/\/bluestudio.estadao.com.br\/agencia-de-comunicacao\/wp-json\/wp\/v2\/media\/137583"}],"wp:attachment":[{"href":"https:\/\/bluestudio.estadao.com.br\/agencia-de-comunicacao\/wp-json\/wp\/v2\/media?parent=137582"}],"wp:term":[{"taxonomy":"category","embeddable":true,"href":"https:\/\/bluestudio.estadao.com.br\/agencia-de-comunicacao\/wp-json\/wp\/v2\/categories?post=137582"},{"taxonomy":"post_tag","embeddable":true,"href":"https:\/\/bluestudio.estadao.com.br\/agencia-de-comunicacao\/wp-json\/wp\/v2\/tags?post=137582"}],"curies":[{"name":"wp","href":"https:\/\/api.w.org\/{rel}","templated":true}]}}