{"id":137545,"date":"2026-08-28T11:01:00","date_gmt":"2026-08-28T14:01:00","guid":{"rendered":"https:\/\/bluestudio.estadao.com.br\/agencia-de-comunicacao\/knewin-dino\/sobre-duas-rodas-cicloturismo-nas-estancias-paulistas\/"},"modified":"2026-08-28T11:01:00","modified_gmt":"2026-08-28T14:01:00","slug":"sobre-duas-rodas-cicloturismo-nas-estancias-paulistas","status":"publish","type":"post","link":"https:\/\/bluestudio.estadao.com.br\/agencia-de-comunicacao\/knewin-dino\/sobre-duas-rodas-cicloturismo-nas-estancias-paulistas\/","title":{"rendered":"Sobre duas rodas: cicloturismo nas est\u00e2ncias paulistas"},"content":{"rendered":"<p>A bicicleta \u00e9 um meio de transporte silencioso e n\u00e3o poluente. Como atividade tur\u00edstica, o cicloturismo permite contemplar a paisagem e o ambiente ao ar livre. Diversos pa\u00edses adotaram o segmento como ferramenta de desenvolvimento do meio rural. No exterior, o cicloturismo se consolidou em rotas como o Caminho de Santiago, na Espanha, e a rede EuroVelo, que cruza a Europa.<\/p>\n<p><b>Um segmento em expans\u00e3o<br \/><\/b><br \/>No Brasil, o cicloturismo ganhou for\u00e7a ap\u00f3s a pandemia. O cicloturista conhece novas cidades e movimenta a economia local, sobretudo em munic\u00edpios de pequeno e m\u00e9dio porte que t\u00eam no turismo uma fonte de renda. O segmento ainda carece de indicadores pr\u00f3prios: o <a href=\"https:\/\/aliancabike.org.br\/economia-da-bicicleta-no-brasil\/\" target=\"_blank\">estudo \u201cA Economia da Bicicleta no Brasil\u201d<\/a>, conduzido pelo Laborat\u00f3rio de Mobilidade Sustent\u00e1vel da UFRJ (LABMOB) em parceria com a Alian\u00e7a Bike, registra que o cicloturismo demanda maiores investiga\u00e7\u00f5es e um sistema espec\u00edfico de dados.<\/p>\n<p><b>S\u00e3o Paulo reconhece o pedal<br \/><\/b><br \/>No Estado de S\u00e3o Paulo, a Secretaria de Turismo e Viagens (Setur-SP) reconhece o segmento. Em junho de 2026, no Dia Mundial da Bicicleta, a pasta destacou quatro rotas de cicloturismo paulistas: o Caminho da F\u00e9, a Rota da Luz, a Rota Interparques, na capital, e a Ciclorrota da Mata Atl\u00e2ntica, esta com mais de 500 quil\u00f4metros e passagem por 12 munic\u00edpios.<\/p>\n<p><b>Rota da Luz<br \/><\/b><br \/>A Rota da Luz liga Mogi das Cruzes a Aparecida. Criada em 2015, tem 202 quil\u00f4metros e atravessa nove munic\u00edpios do Alto Tiet\u00ea e do Vale do Para\u00edba, entre eles as est\u00e2ncias de Guararema, Paraibuna e Aparecida. O percurso usa estradas secund\u00e1rias e caminhos rurais, como alternativa \u00e0 Rodovia Presidente Dutra. De car\u00e1ter peregrino, associa cicloturismo, turismo religioso e contato com comunidades locais, com destino ao Santu\u00e1rio Nacional de Aparecida.<\/p>\n<p><b>Circuito Lagamar<br \/><\/b><br \/>O Circuito Lagamar de Cicloturismo fica no Vale do Ribeira e no litoral sul paulista, na regi\u00e3o do Lagamar, reconhecida como Reserva da Biosfera pela Unesco. Com cerca de 180 quil\u00f4metros, envolve as est\u00e2ncias de Canan\u00e9ia, Ilha Comprida e Iguape. O trajeto passa por manguezais, comunidades tradicionais e unidades de conserva\u00e7\u00e3o, integrando cicloturismo, ecoturismo e cultura cai\u00e7ara.<\/p>\n<p><b>Rota Trapista<br \/><\/b><br \/>A Rota Trapista de Cicloturismo foi desenvolvida na Est\u00e2ncia Tur\u00edstica de Trememb\u00e9, no Vale do Para\u00edba. Tem como refer\u00eancia o Mosteiro Trapista Nossa Senhora do Novo Mundo. O percurso combina estradas rurais, paisagens agr\u00edcolas e elementos culturais e religiosos. A rota \u00e9 refer\u00eancia em sinaliza\u00e7\u00e3o, por seguir as normas da ABNT.<\/p>\n<p><b>Caminho da F\u00e9<br \/><\/b><br \/>O Caminho da F\u00e9, criado em 2003 e inspirado no Caminho de Santiago de Compostela, \u00e9 uma das principais rotas de peregrina\u00e7\u00e3o e cicloturismo do pa\u00eds. Re\u00fane ramais entre Minas Gerais e S\u00e3o Paulo, com destino ao Santu\u00e1rio Nacional de Aparecida, e alcan\u00e7a cerca de 700 quil\u00f4metros somados \u00e0s sub-rotas. Os ciclistas que o percorrem s\u00e3o chamados de \u201cbicigrinos\u201d, jun\u00e7\u00e3o de bicicleta e peregrino.<\/p>\n<p>O Caminho da F\u00e9 passa por oito est\u00e2ncias tur\u00edsticas paulistas. \u00c1guas da Prata \u00e9 o ber\u00e7o da rota e ponto inicial do ramal principal, al\u00e9m de local de encontro dos ramais. Caconde tem um dos acessos ao caminho. Campos do Jord\u00e3o e S\u00e3o Bento do Sapuca\u00ed integram o trecho da Serra da Mantiqueira. Guaratinguet\u00e1 comp\u00f5e a parte final, no Vale do Para\u00edba, e Aparecida \u00e9 o destino. Ibitinga e Sert\u00e3ozinho, este pelo Ramal Noroeste, completam a rede atual.<\/p>\n<p><b>Roteiros dentro das est\u00e2ncias<br \/><\/b><br \/>A Setur-SP tamb\u00e9m re\u00fane roteiros municipais em est\u00e2ncias paulistas. A Est\u00e2ncia Hidromineral de Serra Negra oferece seis rotas de mountain bike e quatro de speed, por \u00e1reas rurais, fazendas, lagos e morros, ligados ao caf\u00e9, ao queijo e ao vinho. A Est\u00e2ncia Tur\u00edstica de Socorro soma mais de 1.300 quil\u00f4metros de caminhos rurais, trilhas e estradas de terra, al\u00e9m de quatro rotas tur\u00edsticas, do Colina Bike Park e do Centro Cultural Movimento \u2013 Museu 2 Rodas. Ainda no Vale do Ribeira, a Est\u00e2ncia Tur\u00edstica de Barra do Turvo tem a Rota Pedal da Barra, por \u00e1reas da APA dos Rios Vermelho e Pardinho e do Parque Estadual Rio do Turvo.<\/p>\n<p>Na Est\u00e2ncia Tur\u00edstica de Guararema, al\u00e9m da passagem da Rota da Luz, h\u00e1 caminhos pr\u00f3prios para mountain bike e cicloturismo, incluindo trechos pelo antigo tra\u00e7ado da Estrada de Ferro Central do Brasil e a Rota Verde, entre a Vila de Lu\u00eds Carlos e o Parque Municipal da Pedra Montada. Na Est\u00e2ncia Balne\u00e1ria de Itanha\u00e9m, os roteiros passam por praias, enseadas e cost\u00f5es rochosos, com caminhos hist\u00f3ricos, a Cachoeira Tr\u00eas Quedas e passeios ligados \u00e0 hist\u00f3ria de Anchieta.<\/p>\n<p><b>Itu e Paraibuna<br \/><\/b><br \/>Na Est\u00e2ncia Tur\u00edstica de Itu, a Rota Almeida Junior percorre fazendas que remetem \u00e0s telas do pintor paulista. A Rota dos Romeiros e Bandeirantes sai de Barueri em dire\u00e7\u00e3o a Itu, com extens\u00e3o a Salto, margeando o Rio Tiet\u00ea. O Caminho do Sol avan\u00e7a pela \u00e1rea rural at\u00e9 a Est\u00e2ncia Hidromineral de \u00c1guas de S\u00e3o Pedro. A Est\u00e2ncia Tur\u00edstica de Paraibuna, com a Represa de Paraibuna e o Mirante dos Rem\u00e9dios, conecta-se \u00e0 Natividade da Serra e \u00e0 Est\u00e2ncia Tur\u00edstica de Sales\u00f3polis.<\/p>\n<p><b>Novos caminhos no litoral<br \/><\/b><br \/>A Rota de Cicloturismo da Costa da Mata Atl\u00e2ntica foi institu\u00edda pelo Governo do Estado em 2024, pelo Decreto 17.945\/24. Com 180 quil\u00f4metros, abrange as est\u00e2ncias balne\u00e1rias de Bertioga, Guaruj\u00e1, Santos, S\u00e3o Vicente, Praia Grande, Mongagu\u00e1, Itanha\u00e9m e Peru\u00edbe, e inclui Cubat\u00e3o, Munic\u00edpio de Interesse Tur\u00edstico. A proposta nasceu na C\u00e2mara Tem\u00e1tica de Turismo da Ag\u00eancia Metropolitana da Baixada Santista (Agem), com concep\u00e7\u00e3o do turism\u00f3logo Almir Douglas de Oliveira Marcellino e de secret\u00e1rias e secret\u00e1rios municipais de turismo.<\/p>\n<p>Outra liga\u00e7\u00e3o com o mar \u00e9 a Rota Ciclotur\u00edstica M\u00e1rcia Prado, que conecta a Grande S\u00e3o Paulo a Est\u00e2ncia Balne\u00e1ria de Santos e as outras sete est\u00e2ncias balne\u00e1rias da Regi\u00e3o Tur\u00edstica da Costa da Mata Atl\u00e2ntica. S\u00e3o cerca de 100 quil\u00f4metros por trechos urbanos e de terra, com a descida da serra em meio \u00e0 Mata Atl\u00e2ntica, no Parque Estadual da Serra do Mar.<\/p>\n<p><b>&#8220;<\/b>As est\u00e2ncias paulistas re\u00fanem natureza, cultura e hospitalidade para atrair o cicloturista, um p\u00fablico que valoriza cada trecho e movimenta a economia local&#8221;, afirma Almir Douglas de Oliveira Marcellino, turism\u00f3logo e especialista em cicloturismo. A APRECESP\/Turismo Paulista trabalha para fortalecer o turismo nas 78 est\u00e2ncias associadas, divulgando os destinos e apoiando novos roteiros, como os de cicloturismo.<\/p>\n<p>Website: <a href=\"http:\/\/www.turismopaulista.tur.br\" target=\"_blank\">http:\/\/www.turismopaulista.tur.br<\/a><\/p>\n<p>Foto: Almir Douglas de Oliveira Marcellino<\/p>\n<p>A <b>OESP<\/b> n\u00e3o \u00e9(s\u00e3o) respons\u00e1vel(is) por erros, incorre\u00e7\u00f5es, atrasos ou quaisquer decis\u00f5es tomadas por seus clientes com base nos Conte\u00fados ora disponibilizados, bem como tais Conte\u00fados n\u00e3o representam a opini\u00e3o da <b>OESP<\/b> e s\u00e3o de inteira responsabilidade da <b>Knewin Dino<\/b><\/p>\n","protected":false},"excerpt":{"rendered":"A bicicleta \u00e9 um meio de transporte silencioso e n\u00e3o poluente. Como atividade tur\u00edstica, o cicloturismo permite contemplar a paisagem e o ambiente ao ar livre. Diversos pa\u00edses adotaram o segmento","protected":false},"author":1,"featured_media":137546,"comment_status":"open","ping_status":"closed","sticky":false,"template":"","format":"standard","meta":{"_acf_changed":false,"inline_featured_image":false,"_monsterinsights_skip_tracking":false,"_monsterinsights_sitenote_active":false,"_monsterinsights_sitenote_note":"","_monsterinsights_sitenote_category":0,"footnotes":""},"categories":[11470],"tags":[12423,101,300,12395,12170,12393],"class_list":["post-137545","post","type-post","status-publish","format-standard","has-post-thumbnail","hentry","category-knewin-dino","tag-duas-rodas","tag-economia","tag-negocios","tag-sociedade","tag-sustentabilidade","tag-turismo-e-viagem"],"acf":[],"_links":{"self":[{"href":"https:\/\/bluestudio.estadao.com.br\/agencia-de-comunicacao\/wp-json\/wp\/v2\/posts\/137545","targetHints":{"allow":["GET"]}}],"collection":[{"href":"https:\/\/bluestudio.estadao.com.br\/agencia-de-comunicacao\/wp-json\/wp\/v2\/posts"}],"about":[{"href":"https:\/\/bluestudio.estadao.com.br\/agencia-de-comunicacao\/wp-json\/wp\/v2\/types\/post"}],"author":[{"embeddable":true,"href":"https:\/\/bluestudio.estadao.com.br\/agencia-de-comunicacao\/wp-json\/wp\/v2\/users\/1"}],"replies":[{"embeddable":true,"href":"https:\/\/bluestudio.estadao.com.br\/agencia-de-comunicacao\/wp-json\/wp\/v2\/comments?post=137545"}],"version-history":[{"count":0,"href":"https:\/\/bluestudio.estadao.com.br\/agencia-de-comunicacao\/wp-json\/wp\/v2\/posts\/137545\/revisions"}],"wp:featuredmedia":[{"embeddable":true,"href":"https:\/\/bluestudio.estadao.com.br\/agencia-de-comunicacao\/wp-json\/wp\/v2\/media\/137546"}],"wp:attachment":[{"href":"https:\/\/bluestudio.estadao.com.br\/agencia-de-comunicacao\/wp-json\/wp\/v2\/media?parent=137545"}],"wp:term":[{"taxonomy":"category","embeddable":true,"href":"https:\/\/bluestudio.estadao.com.br\/agencia-de-comunicacao\/wp-json\/wp\/v2\/categories?post=137545"},{"taxonomy":"post_tag","embeddable":true,"href":"https:\/\/bluestudio.estadao.com.br\/agencia-de-comunicacao\/wp-json\/wp\/v2\/tags?post=137545"}],"curies":[{"name":"wp","href":"https:\/\/api.w.org\/{rel}","templated":true}]}}