{"id":137541,"date":"2026-08-28T11:27:00","date_gmt":"2026-08-28T14:27:00","guid":{"rendered":"https:\/\/bluestudio.estadao.com.br\/agencia-de-comunicacao\/prnewswire\/a-fox-ess-apresenta-sua-nova-identidade-e-portfolio-completo-de-armazenamento-na-intersolar-south-america-2026\/"},"modified":"2026-08-28T11:27:00","modified_gmt":"2026-08-28T14:27:00","slug":"a-fox-ess-apresenta-sua-nova-identidade-e-portfolio-completo-de-armazenamento-na-intersolar-south-america-2026","status":"publish","type":"post","link":"https:\/\/bluestudio.estadao.com.br\/agencia-de-comunicacao\/prnewswire\/a-fox-ess-apresenta-sua-nova-identidade-e-portfolio-completo-de-armazenamento-na-intersolar-south-america-2026\/","title":{"rendered":"A Fox ESS apresenta sua nova identidade e portf\u00f3lio completo de armazenamento na Intersolar South America 2026."},"content":{"rendered":"\n<div class=\"xn-content\">\n<span class=\"legendSpanClass\">S\u00c3O PAULO<\/span>, <span class=\"legendSpanClass\">28 de agosto de 2026<\/span> \/PRNewswire\/ &#8212; A Fox ESS, l\u00edder global em solu\u00e7\u00f5es de energia renov\u00e1vel, retornou ao principal palco da ind\u00fastria na Am\u00e9rica do Sul na Intersolar South America 2026, de 25 a 27 de agosto. A empresa apresentou seu portf\u00f3lio de produtos mais recente e abrangente e revelou sua identidade ap\u00f3s a reformula\u00e7\u00e3o da marca em junho.<\/p>\n<div class=\"PRN_ImbeddedAssetReference\" id=\"DivAssetPlaceHolder4900\">\n<img decoding=\"async\" src=\"https:\/\/mmx.prnewswire.com\/media\/MS1977460\/20260828044854EDT_image_1.jpg?id=OA2918046\" title=\"Fox ESS na Intersolar Am\u00e9rica do Sul 2026\" alt=\"Fox ESS na Intersolar Am\u00e9rica do Sul 2026\" \/><\/p>\n<\/div>\n<p class=\"prntal\">Na Intersolar South America 2026, a empresa proporcionou um momento marcante para clientes e parceiros no Brasil ao trazer seu adorado mascote Maimai ao pa\u00eds pela primeira vez, refor\u00e7ando o compromisso da Fox ESS em construir conex\u00f5es mais estreitas e apoiar a transi\u00e7\u00e3o energ\u00e9tica na Am\u00e9rica do Sul. Paralelamente \u00e0 sua nova jornada de marca, a Fox ESS tamb\u00e9m apresentou seu portf\u00f3lio completo de produtos.<\/p>\n<p class=\"prntal\"><b>G-Max Plus: Armazenamento h\u00edbrido tudo-em-um para integra\u00e7\u00e3o mais r\u00e1pida<\/b><\/p>\n<p class=\"prntal\">Na Intersolar South America 2026, a Fox ESS destacou o <b>G-Max Plus<\/b>, uma solu\u00e7\u00e3o completa projetada para simplificar a instala\u00e7\u00e3o e reduzir a complexidade do sistema.<\/p>\n<p class=\"prntal\">Com uma pot\u00eancia de sa\u00edda de 125 kW e capacidade de bateria de 241 kWh, o G-Max Plus integra o inversor h\u00edbrido (PCS), a bateria, o gerenciamento t\u00e9rmico e os recursos de seguran\u00e7a em uma \u00fanica unidade. Para integra\u00e7\u00e3o fotovoltaica, suporta at\u00e9 250 kWp de capacidade de entrada fotovoltaica em 8 MPPTs, oferecendo desempenho robusto com configura\u00e7\u00e3o simplificada.<\/p>\n<p class=\"prntal\"><b>Besta Poderosa: Solu\u00e7\u00e3o comercial e industrial escal\u00e1vel para maior flexibilidade.<\/b><\/p>\n<p class=\"prntal\">Al\u00e9m dos sistemas integrados, a Fox ESS tamb\u00e9m apresentou o <b>POWER BEAST<\/b>, uma solu\u00e7\u00e3o C&amp;I escal\u00e1vel de \u00faltima gera\u00e7\u00e3o que combina o inversor h\u00edbrido H3 Plus com a bateria de armazenamento de alta tens\u00e3o CQ7.<\/p>\n<p class=\"prntal\">Constru\u00eddo em torno do inversor h\u00edbrido H3 Plus, o POWER BEAST \u00e9 compat\u00edvel com a bateria modular de alta voltagem CQ7 e com a base de torre dupla CQ7 opcional. Dispon\u00edvel com pot\u00eancia de sa\u00edda CA de 50 kW a 125 kW, o H3 Plus suporta at\u00e9 tr\u00eas entradas de bateria independentes, o que o torna flex\u00edvel para locais com diferentes necessidades de capacidade e expans\u00e3o.<\/p>\n<p class=\"prntal\">Quando configurado com baterias CQ7, um \u00fanico sistema inversor POWER BEAST pode suportar at\u00e9 292 kWh de capacidade de armazenamento. Para implanta\u00e7\u00f5es maiores, v\u00e1rios sistemas podem ser dimensionados at\u00e9 3,125 MW \/ 7,35 MWh para aplica\u00e7\u00f5es conectadas \u00e0 rede e 1,25 MW \/ 2,94 MWh para aplica\u00e7\u00f5es fora da rede.<\/p>\n<p class=\"prntal\"><b>P100E: Armazenamento de energia residencial sem fios<\/b><\/p>\n<p class=\"prntal\">Para clientes residenciais, a Fox ESS apresentou o seu sistema de energia dom\u00e9stica tudo-em-um P100E, projetado para uma experi\u00eancia sem fios, reduzindo o esfor\u00e7o de instala\u00e7\u00e3o e melhorando a confiabilidade. Notavelmente, o produto recebeu o pr\u00eamio <b>Top Innovation LATAM 2026<\/b> , reconhecido pela EUPD Research. Os principais destaques incluem:<\/p>\n<ul type=\"disc\">\n<li>Conex\u00e3o plug-and-play: Um sistema empilh\u00e1vel projetado para expans\u00e3o perfeita.<\/li>\n<li>Instala\u00e7\u00e3o mais simples: Mais r\u00e1pido que os sistemas convencionais, sem necessidade de fia\u00e7\u00e3o entre a bateria e o inversor.<\/li>\n<li>Design mais confi\u00e1vel: Menos pe\u00e7as e uma constru\u00e7\u00e3o mais robusta garantem maior durabilidade e uma vida \u00fatil mais longa.<\/li>\n<li>Opera\u00e7\u00e3o sem gateway: Backup simplificado e expans\u00e3o modular, sem necessidade de gateway ou caixas de alta tens\u00e3o.<\/li>\n<\/ul>\n<p>A matriz energ\u00e9tica do Brasil j\u00e1 inclui uma parcela significativa de energias renov\u00e1veis, e o armazenamento de energia est\u00e1 agora no centro da transi\u00e7\u00e3o energ\u00e9tica local. A Fox ESS tem sido uma fornecedora l\u00edder de sistemas de armazenamento de energia para os setores comercial e industrial no Brasil. Olhando para o futuro, a Fox ESS continuar\u00e1 expandindo sua presen\u00e7a, fornecendo solu\u00e7\u00f5es completas de armazenamento de energia que ajudam resid\u00eancias e empresas locais a alcan\u00e7ar a verdadeira independ\u00eancia energ\u00e9tica.<\/p>\n<div class=\"PRN_ImbeddedAssetReference\" id=\"DivAssetPlaceHolder8851\">\n<img decoding=\"async\" src=\"https:\/\/mmx.prnewswire.com\/media\/MS1850316\/Fox-ESS-logo.jpg?id=OA2918047\" title=\"Logo\" alt=\"Logo\" \/><\/p>\n<\/div>\n<div class=\"PRN_ImbeddedAssetReference\" id=\"DivAssetPlaceHolder0\"><\/div>\n<p id=\"PURL\"><img loading=\"lazy\" decoding=\"async\" title=\"Cision\" width=\"12\" height=\"12\" alt=\"Cision\" src=\"https:\/\/edge.prnewswire.com\/c\/img\/favicon.png?sn=PT35953&amp;sd=2026-08-28\" \/> View original content to download multimedia:<a id=\"PRNURL\" rel=\"nofollow\" href=\"https:\/\/www.prnewswire.com\/br\/comunicados-para-a-imprensa\/a-fox-ess-apresenta-sua-nova-identidade-e-portfolio-completo-de-armazenamento-na-intersolar-south-america-2026-302862865.html\" target=\"_blank\">https:\/\/www.prnewswire.com\/br\/comunicados-para-a-imprensa\/a-fox-ess-apresenta-sua-nova-identidade-e-portfolio-completo-de-armazenamento-na-intersolar-south-america-2026-302862865.html<\/a><\/p>\n<p>FONTE Fox ESS<\/p>\n<\/div>\n<p>  <img decoding=\"async\" alt=\"\" src=\"https:\/\/rt.prnewswire.com\/rt.gif?NewsItemId=PT35953&amp;Transmission_Id=202608281016PR_NEWS_LATAM____PT35953&amp;DateId=20260828\" style=\"border:0px;width:1px;height:1px\" \/><\/p>\n<p><strong>T\u00f3picos Relacionados:<\/strong> Novos Produtos\/Servi\u00e7os, Not\u00edcias de Feiras Comerciais, Servi\u00e7os P\u00fablicos, Concession\u00e1rias de Energia El\u00e9trica, Petr\u00f3leo\/Energia, Produtos e Servi\u00e7os Ambientais, Energias Alternativas, Tecnologia Verde<\/p>\n<p>A <b>OESP<\/b> n\u00e3o \u00e9(s\u00e3o) respons\u00e1vel(is) por erros, incorre\u00e7\u00f5es, atrasos ou quaisquer decis\u00f5es tomadas por seus clientes com base nos Conte\u00fados ora disponibilizados, bem como tais Conte\u00fados n\u00e3o representam a opini\u00e3o da <b>OESP<\/b> e s\u00e3o de inteira responsabilidade da <b>PR Newswire Ltda<\/b><\/p>\n","protected":false},"excerpt":{"rendered":"S\u00c3O PAULO, 28 de agosto de 2026 \/PRNewswire\/ &#8212; A Fox ESS, l\u00edder global em solu\u00e7\u00f5es de energia renov\u00e1vel, retornou ao principal palco da ind\u00fastria na Am\u00e9rica do Sul na Intersolar South","protected":false},"author":1,"featured_media":137542,"comment_status":"open","ping_status":"closed","sticky":false,"template":"","format":"standard","meta":{"_acf_changed":false,"inline_featured_image":false,"_monsterinsights_skip_tracking":false,"_monsterinsights_sitenote_active":false,"_monsterinsights_sitenote_note":"","_monsterinsights_sitenote_category":0,"footnotes":""},"categories":[27],"tags":[9129,12775,9130,12774],"class_list":["post-137541","post","type-post","status-publish","format-standard","has-post-thumbnail","hentry","category-prnewswire","tag-a-fox-ess","tag-de-25-a-27-de-agosto-a-empr","tag-lider-global-em-solucoes-de-energia-renovavel","tag-retornou-ao-principal-palco-da-industria-na-america-do-sul-na-intersolar-south-america-2026"],"acf":[],"_links":{"self":[{"href":"https:\/\/bluestudio.estadao.com.br\/agencia-de-comunicacao\/wp-json\/wp\/v2\/posts\/137541","targetHints":{"allow":["GET"]}}],"collection":[{"href":"https:\/\/bluestudio.estadao.com.br\/agencia-de-comunicacao\/wp-json\/wp\/v2\/posts"}],"about":[{"href":"https:\/\/bluestudio.estadao.com.br\/agencia-de-comunicacao\/wp-json\/wp\/v2\/types\/post"}],"author":[{"embeddable":true,"href":"https:\/\/bluestudio.estadao.com.br\/agencia-de-comunicacao\/wp-json\/wp\/v2\/users\/1"}],"replies":[{"embeddable":true,"href":"https:\/\/bluestudio.estadao.com.br\/agencia-de-comunicacao\/wp-json\/wp\/v2\/comments?post=137541"}],"version-history":[{"count":0,"href":"https:\/\/bluestudio.estadao.com.br\/agencia-de-comunicacao\/wp-json\/wp\/v2\/posts\/137541\/revisions"}],"wp:featuredmedia":[{"embeddable":true,"href":"https:\/\/bluestudio.estadao.com.br\/agencia-de-comunicacao\/wp-json\/wp\/v2\/media\/137542"}],"wp:attachment":[{"href":"https:\/\/bluestudio.estadao.com.br\/agencia-de-comunicacao\/wp-json\/wp\/v2\/media?parent=137541"}],"wp:term":[{"taxonomy":"category","embeddable":true,"href":"https:\/\/bluestudio.estadao.com.br\/agencia-de-comunicacao\/wp-json\/wp\/v2\/categories?post=137541"},{"taxonomy":"post_tag","embeddable":true,"href":"https:\/\/bluestudio.estadao.com.br\/agencia-de-comunicacao\/wp-json\/wp\/v2\/tags?post=137541"}],"curies":[{"name":"wp","href":"https:\/\/api.w.org\/{rel}","templated":true}]}}