{"id":137529,"date":"2026-08-28T09:57:00","date_gmt":"2026-08-28T12:57:00","guid":{"rendered":"https:\/\/bluestudio.estadao.com.br\/agencia-de-comunicacao\/releases\/releases-geral\/litime-estreia-no-the-smarter-e-south-america-2026-com-o-novo-lares-plug-in-home-backup-e-lifepo-power-solutions\/"},"modified":"2026-08-28T09:57:00","modified_gmt":"2026-08-28T12:57:00","slug":"litime-estreia-no-the-smarter-e-south-america-2026-com-o-novo-lares-plug-in-home-backup-e-lifepo-power-solutions","status":"publish","type":"post","link":"https:\/\/bluestudio.estadao.com.br\/agencia-de-comunicacao\/releases\/releases-geral\/litime-estreia-no-the-smarter-e-south-america-2026-com-o-novo-lares-plug-in-home-backup-e-lifepo-power-solutions\/","title":{"rendered":"LiTime Estreia no The smarter E South America 2026 com o Novo Lares Plug-In Home Backup e LiFePO Power Solutions"},"content":{"rendered":"<p align=\"left\">S\u00c3O PAULO, Brasil, Aug.  28, 2026  (GLOBE NEWSWIRE) &#8212; <a href=\"https:\/\/www.globenewswire.com\/Tracker?data=BVzlqLmeWdNPOVxDnMbV8nDe2Mi2iDyZX4TngsBdueG8NsdVawyndx8tSMUosaPn6BtXoWSlCFYe0P2nD-2e0SpwTNEfiY1sDtD8TL1D9R_md8CiM0HCxBusOYzRZXNY3RHbBr_6aU7KmbmxGSKErro_X_1qa6Es81lFOAozjGU0rFqOC_RS9HDge2l9wUyH\" rel=\"nofollow\" target=\"_blank\">LiTime<\/a> estreou na ees South America, parte da The smarter E South America 2026, realizada de 25 a 27 de agosto. A empresa apresentou sua nova solu\u00e7\u00e3o de backup residencial plug-in Lares K1, juntamente com as baterias de l\u00edtio de m\u00faltiplas voltagens e equipamentos de suporte para armazenamento de energia residencial, solar, fora da rede, RV, aplica\u00e7\u00f5es mar\u00edtimas e agr\u00edcolas.<\/p>\n<p align=\"justify\"><img loading=\"lazy\" decoding=\"async\" alt=\"LiTime made its debut at ees South America\" height=\"409\" src=\"https:\/\/ml.globenewswire.com\/Resource\/Download\/462521c2-e8ac-420d-9b55-080682b6791a\/image1.jpeg\" width=\"600\" data-dpi=\"96\" data-caption=\"LiTime made its debut at ees South America,  showcased its new Lares K1 plug-in home backup solution alongside multi-voltage lithium batteries and supporting equipment.\" data-filename=\"image1.jpeg\" \/><\/p>\n<p align=\"left\">O evento foi mais um passo na expans\u00e3o da LiTime no Brasil e na Am\u00e9rica Latina. Seu estande recebeu mais de 1.000 visitantes que participaram de discuss\u00f5es focadas principalmente na compatibilidade do sistema, instala\u00e7\u00e3o, escalabilidade e backup de carga essencial.<\/p>\n<p align=\"left\"><strong>Lares Simplifica a Implanta\u00e7\u00e3o de Backup Dom\u00e9stico<\/strong><\/p>\n<p align=\"left\">No evento, a LiTime destacou o <strong>Lares K1, sua nova solu\u00e7\u00e3o de backup residencial de plug-in<\/strong> com lan\u00e7amento previsto para outubro.<\/p>\n<p align=\"left\">O Lares K1 tem um design ultrafino e pode ser montado na parede, no ch\u00e3o ou instalado junto \u00e0 parede. Sua arquitetura modular viabiliza que os usu\u00e1rios expandam a capacidade de backup com base nas necessidades dom\u00e9sticas.<\/p>\n<p align=\"left\">O design de plug-in reduz a necessidade de fia\u00e7\u00e3o extensa ou grandes modifica\u00e7\u00f5es el\u00e9tricas. Durante falta de energia, o Lares K1 pode mudar para o modo de backup de UPS em apenas 10 milissegundos, ajudando a manter os refrigeradores, equipamentos de internet e ilumina\u00e7\u00e3o funcionando.<\/p>\n<p align=\"justify\"><img loading=\"lazy\" decoding=\"async\" alt=\"LiTime Lares K1 - new plug-in home backup solution scheduled to launch in October\" height=\"409\" src=\"https:\/\/ml.globenewswire.com\/Resource\/Download\/d4d5911b-5de4-44a5-a824-9b8857480518\/image2.jpeg\" width=\"600\" data-dpi=\"96\" data-caption=\"LiTime highlighted Lares K1, its new plug-in home backup solution scheduled to launch in October\" data-filename=\"image2.jpeg\" \/><\/p>\n<p align=\"left\"><strong>Configura\u00e7\u00f5es Flex\u00edveis de Sistema de Energia<\/strong><\/p>\n<p align=\"left\">A LiTime tamb\u00e9m apresentou tr\u00eas modelos de baterias LiFePO para aplica\u00e7\u00f5es de RV, mar\u00edtimas e agr\u00edcolas:<\/p>\n<ul type=\"disc\">\n<li style=\"margin-bottom:8pt;text-align:left\"><strong>Bateria LiFePO Slim de 12V 200Ah para Altas Temperaturas<\/strong>: Com gabinete met\u00e1lico e dissipa\u00e7\u00e3o de calor inteligente, ideal para RVs, ve\u00edculos off-road e ambientes com espa\u00e7o limitado ou altas temperaturas.<\/li>\n<li style=\"margin-bottom:8pt;text-align:left\"><a href=\"https:\/\/www.litime.com\/products\/24v-100ah-group-31-lifepo4-rv-battery?variant=47554210398428&amp;utm_source=NEWS&amp;utm_medium=PR&amp;utm_campaign=The_smarter_E_South_America_2026_202608\" rel=\"nofollow\" target=\"_blank\"><strong>Bateria LiFePO Bluetooth de 24V 100Ah Grupo 31<\/strong><\/a>: Formato compacto do Grupo 31 com monitoramento de Bluetooth, prote\u00e7\u00e3o de baixa temperatura e suporte de expans\u00e3o para aplica\u00e7\u00f5es de RV, mar\u00edtimas e fora da rede.<\/li>\n<li style=\"margin-bottom:8pt;text-align:left\"><a href=\"https:\/\/litimesolutions.com\/products\/litime-48v-30ah-gc2-lithium-golf-carts-lifepo4-battery?_pos=1&amp;_fid=6aaab59a0&amp;_ss=c&amp;utm_source=NEWS&amp;utm_medium=PR&amp;utm_campaign=The_smarter_E_South_America_2026_202608\" rel=\"nofollow\" target=\"_blank\"><strong>Bateria LiFePO Bluetooth de 51.2V 30Ah GC2<\/strong><\/a>: Suporte de descarga de alta taxa e conex\u00e3o em paralelo para upgrade de baterias de chumbo-\u00e1cido em carrinhos de golfe e equipamentos agr\u00edcolas.<\/li>\n<\/ul>\n<p align=\"left\">O LiTime tamb\u00e9m apresentou um inversor de 2kW, carregadores CC-CC e dispositivos de monitoramento de Bluetooth, dando aos parceiros mais op\u00e7\u00f5es para a configura\u00e7\u00e3o de sistemas de energia.<\/p>\n<p align=\"left\"><strong>Avan\u00e7o de parcerias locais<\/strong><\/p>\n<p align=\"left\">A exposi\u00e7\u00e3o proporcionou \u00e0 LiTime a oportunidade de se conectar com <a href=\"https:\/\/www.globenewswire.com\/Tracker?data=csljBwujE2GiLj7x2g987EmnQ2iPg8J4tD_6JPSC_CAZrm7IuMYHf1Rs7oO5Y46nsJFuL-zforVkasWPlEM2v9QEZpKqLjTsHS447zfR2hb1N5qFyVSR2DsMxf5vqGUT2Sl28apiMW89KuxG0IOhOmQrjExjOM-Sl44pCtokPo-igeqWZ9YvCWvmSSW65TVzm_goyylPdoGypkpN6nbMGUkCyBzDFNv1h5Z7VrhvPKG6tfDMRLKYhX0s2jM07n6RTERqu-fDnpwhZUTQpBZBId98wu7_C5FOL6G7dENYlvw=\" rel=\"nofollow\" target=\"_blank\">distribuidores locais, integradores de sistemas e parceiros do setor<\/a> e discutir adequa\u00e7\u00e3o de produtos, integra\u00e7\u00e3o de sistemas e colabora\u00e7\u00e3o de canais.<\/p>\n<p align=\"left\">A LiTime pretende continuar solidificando seu portf\u00f3lio de produtos, rede de canais e suporte de servi\u00e7os em todo o Brasil e Am\u00e9rica Latina.<\/p>\n<p align=\"left\"><strong>Sobre a LiTime<\/strong><\/p>\n<p align=\"left\"><strong>A LiTime \u00e9 especialista global em solu\u00e7\u00f5es de energia LiFePO, fornecendo baterias confi\u00e1veis e solu\u00e7\u00f5es completas de energia de l\u00edtio para aplica\u00e7\u00f5es de RV, mar\u00edtimas, de carrinho de golfe e fora da rede.<\/strong><\/p>\n<p align=\"left\"><strong>Visite<\/strong>: https:\/\/litimesolutions.com\/<br \/><strong>Contato<\/strong>: aurum.liu@litime.com<br \/><strong>Pessoa de Contato<\/strong>: Aurum.Liu<br \/><strong>Inscreva-se<\/strong>:<br \/>https:\/\/www.facebook.com\/litimepower<br \/>https:\/\/www.instagram.com\/litimepower\/<br \/>https:\/\/www.youtube.com\/@litimepower<br \/>https:\/\/www.linkedin.com\/company\/litime<\/p>\n<p>Fotos deste comunicado podem ser encontradas em:<\/p>\n<p><a href=\"https:\/\/www.globenewswire.com\/Tracker?data=pd2wVuZ2OSgFLWoYNLqtLe6KohN6dZflEkQ1RQeUeiv00K4we_acJfHrIUpVS4vEoIfXEcAqDLb953A1lEk_22hVLxzHG-9-oiRxzP7Fzin_hqHEIZPayyO0UDVbZCnJJ5MzhaSAnFJJKJyHZ693YoxW84kNxvZZBu5GrHBUFKiWVTMEeG2Q5xoxuTUsGe6xqP_nRqmXzdYgD1TrdsXpyVJpYIakhe_dEC6pMEi0xRrGHR-6p1v8ma8A16ZdwHNqxVaNYP32hYXA1K_7cQV2pw==\" rel=\"nofollow\" target=\"_blank\">https:\/\/www.globenewswire.com\/NewsRoom\/AttachmentNg\/462521c2-e8ac-420d-9b55-080682b6791a<\/a><\/p>\n<p align=\"left\"><a href=\"https:\/\/www.globenewswire.com\/Tracker?data=pd2wVuZ2OSgFLWoYNLqtLe6KohN6dZflEkQ1RQeUeiv00K4we_acJfHrIUpVS4vEnqhjDTOVZZd5YMg8bzOA-dssuVjUoUqFSyXfDRSxLcuuYw1I1XS2pWIRx2ZpI__4LlrHpHxE08WSoPQeO2X6lc_OnnViAzEjhDoAnAjnIvKEZFfPK2k4PrbNydXv4Vitk-CloBdvs3bLTJGEpOyNc8TPjeEpZwJ_WIpIcQy4XDgvrN9SRM6zqEKVt323N63Kd5YGq23xIk6eYQo5BCJJmg==\" rel=\"nofollow\" target=\"_blank\">https:\/\/www.globenewswire.com\/NewsRoom\/AttachmentNg\/d4d5911b-5de4-44a5-a824-9b8857480518<\/a><\/p>\n<p> <img decoding=\"async\" alt=\"\" class=\"__GNW8366DE3E__IMG\" src=\"https:\/\/www.globenewswire.com\/newsroom\/ti?nf=OTgxNzY2NSM3ODA3MjkwIzUwMDE1OTI5OA==\" \/> <br \/><img decoding=\"async\" alt=\"\" src=\"https:\/\/ml.globenewswire.com\/media\/OTFhZjhiZDItODM4MS00ZjEzLTg3N2UtNTkxNzYxNzgxMDhkLTUwMDE1OTI5OC0yMDI2LTA4LTI4LXB0\/tiny\/Litime.png\" \/><\/p>\n<div style=\"padding:0px;width: 100%\">\n<div style=\"clear:both\" \/>\n<div style=\"float: right;padding-left:20px\">\n<div>\n<h5>LiTime made its debut at ees South America<\/h5>\n<\/div>\n<div> <a target=\"_blank\" href=\"https:\/\/www.globenewswire.com\/NewsRoom\/AttachmentNg\/462521c2-e8ac-420d-9b55-080682b6791a\/pt\"><img decoding=\"async\" src=\"https:\/\/ml.globenewswire.com\/media\/462521c2-e8ac-420d-9b55-080682b6791a\/medium\/litime-made-its-debut-at-ees-south-america.jpeg\" \/> <\/a><\/div>\n<p \/>\n<div>\n<h5>LiTime made its debut at ees South America,  showcased its new Lares K1 plug-in home backup solution alongside multi-voltage lithium batteries and supporting equipment.<\/h5>\n<\/div>\n<div>\n<h5>LiTime highlighted Lares K1, its new plug-in home backup solution scheduled to launch in October<\/h5>\n<\/div>\n<div> <a target=\"_blank\" href=\"https:\/\/www.globenewswire.com\/NewsRoom\/AttachmentNg\/d4d5911b-5de4-44a5-a824-9b8857480518\/pt\"><img decoding=\"async\" src=\"https:\/\/ml.globenewswire.com\/media\/d4d5911b-5de4-44a5-a824-9b8857480518\/medium\/litime-highlighted-lares-k1-its-new-plug-in-home-backup-solu.jpeg\" \/> <\/a><\/div>\n<p \/>\n<div>\n<h5>LiTime highlighted Lares K1, its new plug-in home backup solution scheduled to launch in October<\/h5>\n<\/div>\n<\/div>\n<\/div>\n<p>A <b>OESP<\/b> nao e(sao) responsavel(is) por erros, incorrecoes, atrasos ou quaisquer decisoes tomadas por seus clientes com base nos Conteudos ora disponibilizados, bem como tais Conteudos nao representam a opiniao da <b>OESP<\/b> e sao de inteira responsabilidade da <b>GlobeNewswire<\/b><\/p>\n","protected":false},"excerpt":{"rendered":"S\u00c3O PAULO, Brasil, Aug.  28, 2026  (GLOBE NEWSWIRE) &#8212; LiTime estreou na ees South America, parte da The smarter E South America 2026, realizada de 25 a 27 d","protected":false},"author":1,"featured_media":0,"comment_status":"open","ping_status":"closed","sticky":false,"template":"","format":"standard","meta":{"_acf_changed":false,"inline_featured_image":false,"_monsterinsights_skip_tracking":false,"_monsterinsights_sitenote_active":false,"_monsterinsights_sitenote_note":"","_monsterinsights_sitenote_category":0,"footnotes":""},"categories":[34],"tags":[],"class_list":["post-137529","post","type-post","status-publish","format-standard","hentry","category-releases-geral"],"acf":[],"_links":{"self":[{"href":"https:\/\/bluestudio.estadao.com.br\/agencia-de-comunicacao\/wp-json\/wp\/v2\/posts\/137529","targetHints":{"allow":["GET"]}}],"collection":[{"href":"https:\/\/bluestudio.estadao.com.br\/agencia-de-comunicacao\/wp-json\/wp\/v2\/posts"}],"about":[{"href":"https:\/\/bluestudio.estadao.com.br\/agencia-de-comunicacao\/wp-json\/wp\/v2\/types\/post"}],"author":[{"embeddable":true,"href":"https:\/\/bluestudio.estadao.com.br\/agencia-de-comunicacao\/wp-json\/wp\/v2\/users\/1"}],"replies":[{"embeddable":true,"href":"https:\/\/bluestudio.estadao.com.br\/agencia-de-comunicacao\/wp-json\/wp\/v2\/comments?post=137529"}],"version-history":[{"count":0,"href":"https:\/\/bluestudio.estadao.com.br\/agencia-de-comunicacao\/wp-json\/wp\/v2\/posts\/137529\/revisions"}],"wp:attachment":[{"href":"https:\/\/bluestudio.estadao.com.br\/agencia-de-comunicacao\/wp-json\/wp\/v2\/media?parent=137529"}],"wp:term":[{"taxonomy":"category","embeddable":true,"href":"https:\/\/bluestudio.estadao.com.br\/agencia-de-comunicacao\/wp-json\/wp\/v2\/categories?post=137529"},{"taxonomy":"post_tag","embeddable":true,"href":"https:\/\/bluestudio.estadao.com.br\/agencia-de-comunicacao\/wp-json\/wp\/v2\/tags?post=137529"}],"curies":[{"name":"wp","href":"https:\/\/api.w.org\/{rel}","templated":true}]}}