{"id":137523,"date":"2026-08-28T09:27:00","date_gmt":"2026-08-28T12:27:00","guid":{"rendered":""},"modified":"2026-08-28T09:27:00","modified_gmt":"2026-08-28T12:27:00","slug":"sigenergy-apresenta-portfolio-de-energia-de-proxima-geracao-impulsionado-por-ia-no-the-smarter-e-south-america-2026-reforcando-compromisso-de-longo-prazo-com-a-america-latina","status":"publish","type":"post","link":"https:\/\/bluestudio.estadao.com.br\/agencia-de-comunicacao\/releases\/releases-geral\/sigenergy-apresenta-portfolio-de-energia-de-proxima-geracao-impulsionado-por-ia-no-the-smarter-e-south-america-2026-reforcando-compromisso-de-longo-prazo-com-a-america-latina\/","title":{"rendered":"Sigenergy apresenta portf\u00f3lio de energia de pr\u00f3xima gera\u00e7\u00e3o impulsionado por IA no The smarter E South America 2026, refor\u00e7ando compromisso de longo prazo com a Am\u00e9rica Latina"},"content":{"rendered":"<p align=\"justify\">S\u00c3O PAULO, Brasil, Aug.  28, 2026  (GLOBE NEWSWIRE) &#8212; \u00c0 medida que o impulso pol\u00edtico e o apetite do mercado por solu\u00e7\u00f5es inteligentes de armazenamento solar aceleram em toda a Am\u00e9rica Latina, a Sigenergy faz uma forte declara\u00e7\u00e3o no The smarter E South America 2026, apresentando seu portf\u00f3lio abrangente de energia capacitado por IA, sob medida para implanta\u00e7\u00f5es residenciais, comercial-industriais e de grande porte em toda a regi\u00e3o.<\/p>\n<p align=\"center\"><img loading=\"lazy\" decoding=\"async\" alt=\"Sigenergy\" height=\"401\" src=\"https:\/\/ml.globenewswire.com\/Resource\/Download\/739e2eae-e7fc-4c88-9177-8deed5cdd10f\/image.jpg\" width=\"600\" data-dpi=\"240\" data-caption=\"Sigenergy apresenta portf\u00f3lio de energia de pr\u00f3xima gera\u00e7\u00e3o impulsionado por IA no The smarter E South America 2026\" data-filename=\"image.jpg\" \/><\/p>\n<p align=\"justify\">Realizada de 25 a 27 de agosto no Expo Center Norte, em S\u00e3o Paulo, a principal feira regional de novas energias re\u00fane mais de 600 fornecedores globais e mais de 55 000 instaladores, desenvolvedores de projetos e investidores em energia, atuando como o principal centro de conex\u00e3o de neg\u00f3cios da Am\u00e9rica Latina para as cadeias de suprimento de PV e armazenamento de energia.<\/p>\n<p align=\"justify\">O armazenamento de energia destaca-se como um dos verticais de energia limpa de crescimento mais r\u00e1pido da Am\u00e9rica Latina, impulsionado por estruturas regulat\u00f3rias em evolu\u00e7\u00e3o, leil\u00f5es governamentais e metas de descarboniza\u00e7\u00e3o. No Brasil, o armazenamento de baterias est\u00e1 emergindo como uma ferramenta competitiva em custo para o balanceamento da rede, com o primeiro leil\u00e3o dedicado de armazenamento de energia do pa\u00eds agendado para dezembro de 2026. O M\u00e9xico avan\u00e7a com regulamenta\u00e7\u00f5es bem estabelecidas e licenciamento simplificado para estimular o investimento do setor privado em e\u00f3lico, solar e armazenamento rumo a 2030.<\/p>\n<p align=\"justify\">Mercados incluindo Chile e Argentina tamb\u00e9m mant\u00eam trajet\u00f3rias de crescimento robustas para nova capacidade solar, segundo pesquisas l\u00edderes do setor.<\/p>\n<p align=\"justify\">Com este cen\u00e1rio favor\u00e1vel, a Sigenergy est\u00e1 dobrando sua aposta no compromisso com o mercado latino-americano ao trazer hardware otimizado para a regi\u00e3o, sustentado por sua vis\u00e3o corporativa &#8220;AI in All&#8221;  incorporando intelig\u00eancia artificial em cada camada do ecossistema de energia para entregar infraestrutura de energia mais inteligente, mais limpa e de maior efici\u00eancia para as partes interessadas locais.<\/p>\n<p align=\"justify\">Atraindo forte fluxo de visitantes no dia de abertura, o estande da Sigenergy recebeu demonstra\u00e7\u00f5es ativas de produtos no local e consultas t\u00e9cnicas de alto n\u00edvel com integradores locais, investidores e usu\u00e1rios finais ansiosos para avaliar solu\u00e7\u00f5es constru\u00eddas para as realidades da rede e os ambientes operacionais da Am\u00e9rica Latina.<\/p>\n<p align=\"justify\"><strong>Tr\u00eas inova\u00e7\u00f5es de destaque, ocupam o centro das aten\u00e7\u00f5es na feira:<\/strong><\/p>\n<ul type=\"disc\">\n<li style=\"margin-bottom:6pt;text-align:justify\"><strong>SigenStor Neo (Residencial): <\/strong>o sistema de armazenamento de energia residencial All-on-One de \u00faltima gera\u00e7\u00e3o da Sigenergy, projetado especificamente para atender aos requisitos das resid\u00eancias locais. Integra inversor, bateria, PCS, EMS e gateway de energia em uma \u00fanica unidade compacta para simplificar a instala\u00e7\u00e3o e a opera\u00e7\u00e3o de armazenamento solar residencial.<\/li>\n<li style=\"margin-bottom:6pt;text-align:justify\"><strong>SigenStack (Armazenamento C&amp;I): <\/strong>armazenamento modular acoplado em CC constru\u00eddo para locais comerciais e industriais. Seu design empilh\u00e1vel elimina a fia\u00e7\u00e3o de campo complicada, reduz o tempo de comissionamento e diminui o CAPEX inicial. O sistema permite escalonamento flex\u00edvel de capacidade e gerenciamento granular de energia, para maximizar o ROI do projeto para empresas em toda a Am\u00e9rica Latina.<\/li>\n<li style=\"margin-bottom:6pt;text-align:justify\"><strong>SigenTerra (Armazenamento de Grande Porte): <\/strong>solu\u00e7\u00e3o de n\u00edvel Utility de pr\u00f3xima gera\u00e7\u00e3o otimizada para projetos de armazenamento solar em grande escala. A SigenTerra prioriza a seguran\u00e7a em n\u00edvel de sistema, a capacidade de expans\u00e3o flex\u00edvel e o desempenho de alta efici\u00eancia para ativos de energia em n\u00edvel utilit\u00e1rio.<\/li>\n<\/ul>\n<p align=\"justify\">Coletivamente, o conjunto de produtos demonstra como a tecnologia de energia impulsionada por IA pode liberar maior flexibilidade operacional, desempenho do sistema e valor do projeto em todo o espectro de casos de uso da Am\u00e9rica Latina, desde resid\u00eancias particulares e instala\u00e7\u00f5es comerciais at\u00e9 usinas de energia em escala nacional.<\/p>\n<p align=\"justify\">&#8220;A Am\u00e9rica Latina representa uma das fronteiras de energia limpa mais din\u00e2micas do mundo, apoiada por pol\u00edticas energ\u00e9ticas prospectivas e abundantes recursos renov\u00e1veis&#8221;, Luis Hu, Diretor Geral da Am\u00e9rica Latina da Sigenergy. &#8220;Nossa participa\u00e7\u00e3o no The smarter E South America refor\u00e7a nosso compromisso de longo prazo aqui. N\u00e3o estamos apenas trazendo hardware para o mercado; entregamos tecnologias de armazenamento de energia nativas em IA e adaptadas \u00e0 regi\u00e3o que resolvem desafios reais da rede para Brasil, M\u00e9xico, Chile, Argentina e al\u00e9m. Esperamos forjar la\u00e7os mais profundos com distribuidores, instaladores e desenvolvedores de projetos locais, expandindo nossa presen\u00e7a regional de m\u00e3os dadas com parceiros locais confi\u00e1veis e, coletivamente, avan\u00e7ando a transi\u00e7\u00e3o energ\u00e9tica da Am\u00e9rica Latina.&#8221;<\/p>\n<p><strong>Sobre a Sigenergy<\/strong><\/p>\n<p align=\"justify\">Fundada em 2022 e sediada em Xangai, a Sigenergy (6656.HK) \u00e9 uma empresa orientada por tecnologia focada na inova\u00e7\u00e3o no setor de nova energia. Aproveitando a intelig\u00eancia digital avan\u00e7ada e uma base de talentos altamente qualificada, a empresa expandiu-se pela gera\u00e7\u00e3o fotovoltaica (PV), armazenamento inteligente de energia e solu\u00e7\u00f5es de carregamento de ve\u00edculos el\u00e9tricos (EV) de alta efici\u00eancia.<\/p>\n<p align=\"justify\">Guiada por sua estrat\u00e9gia &#8220;AI in All&#8221;, a Sigenergy integra intelig\u00eancia artificial em todo o seu ecossistema de produtos para entregar solu\u00e7\u00f5es de energia mais seguras, mais inteligentes e mais eficientes para resid\u00eancias e empresas em todo o mundo.<\/p>\n<p align=\"justify\">Para mais informa\u00e7\u00f5es, visite: www.sigenergy.com<\/p>\n<p><strong>Contato para a M\u00eddia<br \/><\/strong>Tracy Li<br \/>E-mail: tracy.li@sigenergy.com<\/p>\n<p>Foto deste comunicado dispon\u00edvel em: <a href=\"https:\/\/www.globenewswire.com\/Tracker?data=hEe1fWb6fnpv61eoYkStgUPk7LcMdynJVfu5tXXkO9IkiuxkdapqaYpCOls4E_rOqclEJrgFc66xoedj17YBVsXr97pbKcBy7lHxFkt_-EJARsEbzW9ckLrW1yr8f18uQYavpEmcWITqP95EviXurv60WBLqd3NuwNlEBd9dHZPGvw2O-B5oGaQFUq7nfyrwVeTLlUw9tVyY2ZcFwQrTk7xJQAo1p96kZhQjbDml79uv40FpC6ib--uwIBTwb0V8yuES8zUjjz5mLT_N363KjKkekolf_8xlnKy-zZbEjRM=\" rel=\"nofollow\" target=\"_blank\">https:\/\/www.globenewswire.com\/NewsRoom\/AttachmentNg\/739e2eae-e7fc-4c88-9177-8deed5cdd10f\/pt<\/a> <\/p>\n<p> <img decoding=\"async\" alt=\"\" class=\"__GNW8366DE3E__IMG\" src=\"https:\/\/www.globenewswire.com\/newsroom\/ti?nf=OTgxNzY1NyM3ODA3NTc2IzIzMTEyMjI=\" \/> <br \/><img decoding=\"async\" alt=\"\" src=\"https:\/\/ml.globenewswire.com\/media\/MDJiYmVmZDgtM2ZlMy00ZjQ1LTg1OWItNDdkNmI2NTQ3NmM5LTEzMjI3NzItMjAyNi0wOC0yOC1wdA==\/tiny\/Sigenergy-Technology-Hong-Kong.png\" \/><br \/>\n<a href=\"https:\/\/www.globenewswire.com\/NewsRoom\/AttachmentNg\/43fa47f3-ce0b-408d-b61b-421dfa0373ac\"><img loading=\"lazy\" decoding=\"async\" src=\"https:\/\/ml.globenewswire.com\/media\/43fa47f3-ce0b-408d-b61b-421dfa0373ac\/small\/sigenergy-logo-horizontal-png.png\" border=\"0\" width=\"150\" height=\"31\" alt=\"Primary Logo\" \/><\/a><\/p>\n<div style=\"padding:0px;width: 100%\">\n<div style=\"clear:both\" \/>\n<div style=\"float: right;padding-left:20px\">\n<div>\n<h5>Sigenergy apresenta portf\u00f3lio de energia de pr\u00f3xima gera\u00e7\u00e3o impulsionado por IA no The smarter E South America 2026<\/h5>\n<\/div>\n<div> <a target=\"_blank\" href=\"https:\/\/www.globenewswire.com\/NewsRoom\/AttachmentNg\/739e2eae-e7fc-4c88-9177-8deed5cdd10f\/pt\"><img decoding=\"async\" src=\"https:\/\/ml.globenewswire.com\/media\/739e2eae-e7fc-4c88-9177-8deed5cdd10f\/medium\/sigenergy-apresenta-portfolio-de-energia-de-proxima-geracao.jpg\" \/> <\/a><\/div>\n<p \/>\n<div>\n<h5>Sigenergy apresenta portf\u00f3lio de energia de pr\u00f3xima gera\u00e7\u00e3o impulsionado por IA no The smarter E South America 2026<\/h5>\n<\/div>\n<\/div>\n<\/div>\n<p>A <b>OESP<\/b> nao e(sao) responsavel(is) por erros, incorrecoes, atrasos ou quaisquer decisoes tomadas por seus clientes com base nos Conteudos ora disponibilizados, bem como tais Conteudos nao representam a opiniao da <b>OESP<\/b> e sao de inteira responsabilidade da <b>GlobeNewswire<\/b><\/p>\n","protected":false},"excerpt":{"rendered":"S\u00c3O PAULO, Brasil, Aug.  28, 2026  (GLOBE NEWSWIRE) &#8212; \u00c0 medida que o impulso pol\u00edtico e o apetite do mercado por solu\u00e7\u00f5es inteligentes de armazenamento s","protected":false},"author":1,"featured_media":0,"comment_status":"open","ping_status":"closed","sticky":false,"template":"","format":"standard","meta":{"_acf_changed":false,"inline_featured_image":false,"_monsterinsights_skip_tracking":false,"_monsterinsights_sitenote_active":false,"_monsterinsights_sitenote_note":"","_monsterinsights_sitenote_category":0,"footnotes":""},"categories":[34],"tags":[],"class_list":["post-137523","post","type-post","status-publish","format-standard","hentry","category-releases-geral"],"acf":[],"_links":{"self":[{"href":"https:\/\/bluestudio.estadao.com.br\/agencia-de-comunicacao\/wp-json\/wp\/v2\/posts\/137523","targetHints":{"allow":["GET"]}}],"collection":[{"href":"https:\/\/bluestudio.estadao.com.br\/agencia-de-comunicacao\/wp-json\/wp\/v2\/posts"}],"about":[{"href":"https:\/\/bluestudio.estadao.com.br\/agencia-de-comunicacao\/wp-json\/wp\/v2\/types\/post"}],"author":[{"embeddable":true,"href":"https:\/\/bluestudio.estadao.com.br\/agencia-de-comunicacao\/wp-json\/wp\/v2\/users\/1"}],"replies":[{"embeddable":true,"href":"https:\/\/bluestudio.estadao.com.br\/agencia-de-comunicacao\/wp-json\/wp\/v2\/comments?post=137523"}],"version-history":[{"count":0,"href":"https:\/\/bluestudio.estadao.com.br\/agencia-de-comunicacao\/wp-json\/wp\/v2\/posts\/137523\/revisions"}],"wp:attachment":[{"href":"https:\/\/bluestudio.estadao.com.br\/agencia-de-comunicacao\/wp-json\/wp\/v2\/media?parent=137523"}],"wp:term":[{"taxonomy":"category","embeddable":true,"href":"https:\/\/bluestudio.estadao.com.br\/agencia-de-comunicacao\/wp-json\/wp\/v2\/categories?post=137523"},{"taxonomy":"post_tag","embeddable":true,"href":"https:\/\/bluestudio.estadao.com.br\/agencia-de-comunicacao\/wp-json\/wp\/v2\/tags?post=137523"}],"curies":[{"name":"wp","href":"https:\/\/api.w.org\/{rel}","templated":true}]}}