{"id":137519,"date":"2026-08-28T08:12:00","date_gmt":"2026-08-28T11:12:00","guid":{"rendered":"https:\/\/bluestudio.estadao.com.br\/agencia-de-comunicacao\/prnewswire\/a-fed-fitness-estreia-no-brasil-na-fitness-brasil-expo-lanca-a-pro-series-e-inaugura-seu-primeiro-experience-service-center\/"},"modified":"2026-08-28T08:12:00","modified_gmt":"2026-08-28T11:12:00","slug":"a-fed-fitness-estreia-no-brasil-na-fitness-brasil-expo-lanca-a-pro-series-e-inaugura-seu-primeiro-experience-service-center","status":"publish","type":"post","link":"https:\/\/bluestudio.estadao.com.br\/agencia-de-comunicacao\/prnewswire\/a-fed-fitness-estreia-no-brasil-na-fitness-brasil-expo-lanca-a-pro-series-e-inaugura-seu-primeiro-experience-service-center\/","title":{"rendered":"A FED Fitness estreia no Brasil na Fitness Brasil Expo, lan\u00e7a a Pro Series e inaugura seu primeiro Experience &amp; Service Center."},"content":{"rendered":"\n<div class=\"xn-content\">\n<span class=\"legendSpanClass\">S\u00c3O PAULO<\/span>, <span class=\"legendSpanClass\">28 de agosto de 2026<\/span> \/PRNewswire\/ &#8212; A FED Fitness, parceira oficial do Houston Rockets e marca global de fitness com a confian\u00e7a de mais de 15 milh\u00f5es de usu\u00e1rios em todo o mundo, entra oficialmente no mercado brasileiro com sua estreia na <b>Fitness Brasil Expo, estande 17.2.<\/b> O lan\u00e7amento marca um novo cap\u00edtulo no crescimento global da marca e introduz suas solu\u00e7\u00f5es profissionais de fitness no Brasil.<\/p>\n<div class=\"PRN_ImbeddedAssetReference\" id=\"DivAssetPlaceHolder1\">\n  <img decoding=\"async\" src=\"https:\/\/mmx.prnewswire.com\/media\/MS1977330\/20260827221445EDT_image_1.jpg?id=OA2917537\" title=\"A FED Fitness atrai grande interesse na feira.\" alt=\"A FED Fitness atrai grande interesse na feira.\" \/>\n <\/p>\n<\/p><\/div>\n<p>Constru\u00edda com <b>base em tr\u00eas gera\u00e7\u00f5es de artesanato e d\u00e9cadas de experi\u00eancia em design e fabrica\u00e7\u00e3o de equipamentos de gin\u00e1stica,<\/b> a s\u00e9rie <b>FED Fitness Pro<\/b> foi projetada para academias, est\u00fadios de fitness e instala\u00e7\u00f5es de fitness comunit\u00e1rias. Combinando desempenho de n\u00edvel profissional, durabilidade e design inteligente, a s\u00e9rie inclui equipamentos como a <b>Air Bike, a Air Magnetic Rowing Machine e a Air Skiing Machine<\/b>, desenvolvidos para atender ambientes de fitness profissionais exigentes.<\/p>\n<p><b>O Brasil \u00e9 o primeiro mercado mundial a estrear a FED Fitness Pro Series<\/b>, tornando o lan\u00e7amento um marco importante no desenvolvimento internacional da marca.<\/p>\n<p>&#8220;O Brasil marca um novo e importante cap\u00edtulo para a FED Fitness. Como o primeiro mercado mundial a apresentar a FED Fitness Pro Series, o Brasil representa n\u00e3o apenas nossa entrada no fitness comercial, mas tamb\u00e9m nosso compromisso de longo prazo em entender e servir a comunidade fitness local&#8221;, disse <b>David Wang, vice-presidente da FED Fitness<\/b>.<\/p>\n<p>Como parte do lan\u00e7amento, a FED Fitness abrir\u00e1 seu <b>primeiro Centro de Experi\u00eancia e Servi\u00e7os em S\u00e3o Paulo em 30 de agosto de 2026<\/b>, localizado na <b>Rua Augusta, 2716, Jardim Paulista, S\u00e3o Paulo &#8211; SP, 01412-100, Brasil<\/b>.<\/p>\n<p>Atendendo tanto <b>empresas B2B quanto consumidores B2C,<\/b> o centro vai al\u00e9m de um showroom tradicional. O projeto proporcionar\u00e1 experi\u00eancias pr\u00e1ticas com os produtos, consultoria em solu\u00e7\u00f5es fitness, atendimento local e suporte ao cliente, criando uma conex\u00e3o direta entre a FED Fitness e a comunidade fitness brasileira.<\/p>\n<p>O centro tamb\u00e9m servir\u00e1 como uma plataforma local para a FED Fitness interagir com profissionais de fitness, parceiros de neg\u00f3cios e consumidores, compreender melhor as necessidades do mercado e aprimorar continuamente seus produtos, experi\u00eancias e servi\u00e7os no Brasil.<\/p>\n<p>Com a estreia da S\u00e9rie <b>Pro, a primeira apari\u00e7\u00e3o na Fitness Brasil Expo e o primeiro Experience &amp; Service Center<\/b>, a FED Fitness est\u00e1 trazendo novas experi\u00eancias de fitness e um novo n\u00edvel de fitness profissional para comunidades em todo o Brasil.<\/p>\n<div class=\"PRN_ImbeddedAssetReference\" id=\"DivAssetPlaceHolder2\">\n  <img decoding=\"async\" src=\"https:\/\/mmx.prnewswire.com\/media\/MS1977331\/20260827221445EDT_image_2.jpg?id=OA2917538\" title=\"O Experience &amp; Service Center da FED Fitness em S\u00e3o Paulo ser\u00e1 inaugurado em 30 de agosto de 2026.\" alt=\"O Experience &amp; Service Center da FED Fitness em S\u00e3o Paulo ser\u00e1 inaugurado em 30 de agosto de 2026.\" \/>\n <\/p>\n<\/div>\n<p id=\"PURL\"><img loading=\"lazy\" decoding=\"async\" title=\"Cision\" width=\"12\" height=\"12\" alt=\"Cision\" src=\"https:\/\/edge.prnewswire.com\/c\/img\/favicon.png?sn=PT34040&amp;sd=2026-08-28\" \/> View original content to download multimedia:<a id=\"PRNURL\" rel=\"nofollow\" href=\"https:\/\/www.prnewswire.com\/br\/comunicados-para-a-imprensa\/a-fed-fitness-estreia-no-brasil-na-fitness-brasil-expo-lanca-a-pro-series-e-inaugura-seu-primeiro-experience--service-center-302862529.html\" target=\"_blank\">https:\/\/www.prnewswire.com\/br\/comunicados-para-a-imprensa\/a-fed-fitness-estreia-no-brasil-na-fitness-brasil-expo-lanca-a-pro-series-e-inaugura-seu-primeiro-experience&#8211;service-center-302862529.html<\/a><\/p>\n<p>FONTE FED Fitness<\/p>\n<\/div>\n<p>  <img decoding=\"async\" alt=\"\" src=\"https:\/\/rt.prnewswire.com\/rt.gif?NewsItemId=PT34040&amp;Transmission_Id=202608280700PR_NEWS_LATAM____PT34040&amp;DateId=20260828\" style=\"border:0px;width:1px;height:1px\" \/><\/p>\n<p><strong>T\u00f3picos Relacionados:<\/strong> Novos Produtos\/Servi\u00e7os, Fitness \/ Bem-estar, Not\u00edcias de Feiras Comerciais, Equipamentos e Acess\u00f3rios Esportivos, Eventos Futuros, Esportes<\/p>\n<p>A <b>OESP<\/b> n\u00e3o \u00e9(s\u00e3o) respons\u00e1vel(is) por erros, incorre\u00e7\u00f5es, atrasos ou quaisquer decis\u00f5es tomadas por seus clientes com base nos Conte\u00fados ora disponibilizados, bem como tais Conte\u00fados n\u00e3o representam a opini\u00e3o da <b>OESP<\/b> e s\u00e3o de inteira responsabilidade da <b>PR Newswire Ltda<\/b><\/p>\n","protected":false},"excerpt":{"rendered":"S\u00c3O PAULO, 28 de agosto de 2026 \/PRNewswire\/ &#8212; A FED Fitness, parceira oficial do Houston Rockets e marca global de fitness com a confian\u00e7a de mais de 15 milh\u00f5es de usu\u00e1rios em todo o mundo,","protected":false},"author":1,"featured_media":137520,"comment_status":"open","ping_status":"closed","sticky":false,"template":"","format":"standard","meta":{"_acf_changed":false,"inline_featured_image":false,"_monsterinsights_skip_tracking":false,"_monsterinsights_sitenote_active":false,"_monsterinsights_sitenote_note":"","_monsterinsights_sitenote_category":0,"footnotes":""},"categories":[27],"tags":[12766,12768,12767],"class_list":["post-137519","post","type-post","status-publish","format-standard","has-post-thumbnail","hentry","category-prnewswire","tag-a-fed-fitness","tag-entra-oficialmente-no-mercado-brasi","tag-parceira-oficial-do-houston-rockets-e-marca-global-de-fitness-com-a-confianca-de-mais-de-15-milhoes-de-usuarios-em-todo-o-mundo"],"acf":[],"_links":{"self":[{"href":"https:\/\/bluestudio.estadao.com.br\/agencia-de-comunicacao\/wp-json\/wp\/v2\/posts\/137519","targetHints":{"allow":["GET"]}}],"collection":[{"href":"https:\/\/bluestudio.estadao.com.br\/agencia-de-comunicacao\/wp-json\/wp\/v2\/posts"}],"about":[{"href":"https:\/\/bluestudio.estadao.com.br\/agencia-de-comunicacao\/wp-json\/wp\/v2\/types\/post"}],"author":[{"embeddable":true,"href":"https:\/\/bluestudio.estadao.com.br\/agencia-de-comunicacao\/wp-json\/wp\/v2\/users\/1"}],"replies":[{"embeddable":true,"href":"https:\/\/bluestudio.estadao.com.br\/agencia-de-comunicacao\/wp-json\/wp\/v2\/comments?post=137519"}],"version-history":[{"count":0,"href":"https:\/\/bluestudio.estadao.com.br\/agencia-de-comunicacao\/wp-json\/wp\/v2\/posts\/137519\/revisions"}],"wp:featuredmedia":[{"embeddable":true,"href":"https:\/\/bluestudio.estadao.com.br\/agencia-de-comunicacao\/wp-json\/wp\/v2\/media\/137520"}],"wp:attachment":[{"href":"https:\/\/bluestudio.estadao.com.br\/agencia-de-comunicacao\/wp-json\/wp\/v2\/media?parent=137519"}],"wp:term":[{"taxonomy":"category","embeddable":true,"href":"https:\/\/bluestudio.estadao.com.br\/agencia-de-comunicacao\/wp-json\/wp\/v2\/categories?post=137519"},{"taxonomy":"post_tag","embeddable":true,"href":"https:\/\/bluestudio.estadao.com.br\/agencia-de-comunicacao\/wp-json\/wp\/v2\/tags?post=137519"}],"curies":[{"name":"wp","href":"https:\/\/api.w.org\/{rel}","templated":true}]}}