{"id":137514,"date":"2026-08-28T05:56:00","date_gmt":"2026-08-28T08:56:00","guid":{"rendered":"https:\/\/bluestudio.estadao.com.br\/agencia-de-comunicacao\/engrenagens-do-crescimento\/concessao-preve-r-34-bilhoes-para-ampliar-saneamento-no-sertao-de-pernambuco\/"},"modified":"2026-08-28T05:56:00","modified_gmt":"2026-08-28T08:56:00","slug":"concessao-preve-r-34-bilhoes-para-ampliar-saneamento-no-sertao-de-pernambuco","status":"publish","type":"post","link":"https:\/\/bluestudio.estadao.com.br\/agencia-de-comunicacao\/engrenagens-do-crescimento\/concessao-preve-r-34-bilhoes-para-ampliar-saneamento-no-sertao-de-pernambuco\/","title":{"rendered":"Concess\u00e3o prev\u00ea R$ 3,4 bilh\u00f5es para ampliar saneamento no Sert\u00e3o de Pernambuco"},"content":{"rendered":"<p>Mais de 815 mil pessoas em 24 munic\u00edpios do Sert\u00e3o pernambucano ser\u00e3o atendidas pela concess\u00e3o que prev\u00ea ampliar os servi\u00e7os de distribui\u00e7\u00e3o de \u00e1gua tratada, coleta e tratamento de esgoto e atendimento aos usu\u00e1rios. A <a href=\"https:\/\/vitasertao.com.br\/\" target=\"_blank\"><b>VITA Sert\u00e3o<\/b> <\/a>iniciou a fase de transi\u00e7\u00e3o operacional dos sistemas que integram o Bloco 1 da Companhia Pernambucana de Saneamento (Compesa).<\/p>\n<p>A concession\u00e1ria \u00e9 uma empresa investida pelo Fundo V de Infraestrutura do Patria Investimentos e assumiu o compromisso de destinar R$ 3,4 bilh\u00f5es aos servi\u00e7os de saneamento ao longo dos 35 anos de contrato.<\/p>\n<p>A opera\u00e7\u00e3o \u00e9 resultado do leil\u00e3o p\u00fablico estruturado pelo <a href=\"https:\/\/www.bndes.gov.br\/wps\/portal\/site\/home\" target=\"_blank\"><b>Banco Nacional de Desenvolvimento Econ\u00f4mico e Social (BNDES)<\/b><\/a> e realizado em dezembro de 2025. O grupo venceu a disputa ao oferecer uma outorga fixa de R$ 720 milh\u00f5es e o desconto tarif\u00e1rio m\u00e1ximo de 5% previsto no edital.<\/p>\n<p>Com a atualiza\u00e7\u00e3o monet\u00e1ria pelo \u00cdndice Nacional de Pre\u00e7os ao Consumidor Amplo (IPCA), o valor da outorga chegou a aproximadamente R$ 825 milh\u00f5es. A primeira parcela atualizada, de R$ 483 milh\u00f5es, j\u00e1 foi paga ao governo de Pernambuco.<\/p>\n<p>A maior parte dos investimentos est\u00e1 concentrada no in\u00edcio da concess\u00e3o para acelerar o cumprimento das metas de universaliza\u00e7\u00e3o estabelecidas pelo Marco Legal do Saneamento. Dos R$ 3,4 bilh\u00f5es previstos no contrato, R$ 2,8 bilh\u00f5es, o equivalente a 82% do total, dever\u00e3o ser aplicados nos oito primeiros anos da opera\u00e7\u00e3o.<\/p>\n<p>O plano prev\u00ea a constru\u00e7\u00e3o ou a revitaliza\u00e7\u00e3o de mais de 450 quil\u00f4metros de adutoras e a implementa\u00e7\u00e3o de 2.600 quil\u00f4metros de redes de \u00e1gua e esgoto. Tamb\u00e9m est\u00e3o previstas 270 mil novas liga\u00e7\u00f5es e a instala\u00e7\u00e3o ou substitui\u00e7\u00e3o de aproximadamente 1,2 milh\u00e3o de hidr\u00f4metros ao longo da concess\u00e3o.<\/p>\n<p>O contrato adota um modelo de opera\u00e7\u00e3o compartilhada. A <a href=\"https:\/\/servicos.compesa.com.br\/\" target=\"_blank\"><b>Compesa <\/b><\/a>permanecer\u00e1 respons\u00e1vel pela capta\u00e7\u00e3o e pelo tratamento da \u00e1gua, que ser\u00e1 entregue j\u00e1 tratada nos pontos definidos contratualmente. Caber\u00e1 \u00e0 VITA Sert\u00e3o distribuir o recurso aos consumidores, operar os sistemas de coleta e tratamento de esgoto e administrar o atendimento aos usu\u00e1rios e a gest\u00e3o comercial dos servi\u00e7os.<\/p>\n<p>A concess\u00e3o ser\u00e1 regulada e fiscalizada pela <a href=\"https:\/\/www.arpe.pe.gov.br\/\" target=\"_blank\"><b>Ag\u00eancia de Regula\u00e7\u00e3o de Pernambuco (Arpe)<\/b><\/a>.<\/p>\n<p>A fase de transi\u00e7\u00e3o, denominada opera\u00e7\u00e3o assistida, ter\u00e1 dura\u00e7\u00e3o de at\u00e9 seis meses. Durante esse per\u00edodo, os servi\u00e7os e o faturamento continuar\u00e3o sob responsabilidade da Compesa. A VITA Sert\u00e3o dever\u00e1 assumir integralmente a opera\u00e7\u00e3o dos sistemas em 29 de setembro de 2026.<\/p>\n<p>Com sede em Petrolina e polos operacionais tamb\u00e9m em Salgueiro e Ouricuri, o projeto prev\u00ea a cria\u00e7\u00e3o de mais de 500 empregos diretos e mil indiretos, com prioridade para a contrata\u00e7\u00e3o de trabalhadores locais.<\/p>\n<p>A estimativa \u00e9 que aproximadamente 60 mil fam\u00edlias de baixa renda sejam beneficiadas pela Tarifa Social. O contrato tamb\u00e9m prev\u00ea a manuten\u00e7\u00e3o da tarifa vulner\u00e1vel para os clientes que j\u00e1 recebem essa modalidade de desconto.<\/p>\n<p>Para o <a href=\"https:\/\/www.patria.com\/pt-BR\/pt-BR\/?utm_source=bluestudio&amp;utm_medium=branded_content&amp;utm_campaign=engrenagens_do_crescimento&amp;utm_content=corpo_materia\" target=\"_blank\"><b>Patria<\/b><\/a>, a concess\u00e3o amplia a presen\u00e7a do grupo em projetos de infraestrutura social no Nordeste e acrescenta ao portf\u00f3lio uma opera\u00e7\u00e3o voltada \u00e0 expans\u00e3o dos servi\u00e7os de saneamento em munic\u00edpios do interior do Pa\u00eds.<\/p>\n<figure><img decoding=\"async\" src=\"https:\/\/especiais.estadao.com.br\/engrenagensdocrescimento\/wp-content\/uploads\/2026\/08\/ChatGPT-Image-26-de-ago.-de-2026-18_58_01.png\"><\/figure>\n<p>A <b>OESP<\/b> n\u00e3o \u00e9(s\u00e3o) respons\u00e1vel(is) por erros, incorre\u00e7\u00f5es, atrasos ou quaisquer decis\u00f5es tomadas por seus clientes com base nos Conte\u00fados ora disponibilizados, bem como tais Conte\u00fados n\u00e3o representam a opini\u00e3o da <b>OESP<\/b> e s\u00e3o de inteira responsabilidade da <b>Engrenagens do Crescimento<\/b><\/p>\n","protected":false},"excerpt":{"rendered":"Mais de 815 mil pessoas em 24 munic\u00edpios do Sert\u00e3o pernambucano ser\u00e3o atendidas pela concess\u00e3o que prev\u00ea ampliar os servi\u00e7os de distribui\u00e7\u00e3o de \u00e1gua tratada, coleta e tratamento de esgoto e","protected":false},"author":1,"featured_media":137515,"comment_status":"open","ping_status":"closed","sticky":false,"template":"","format":"standard","meta":{"_acf_changed":false,"inline_featured_image":false,"_monsterinsights_skip_tracking":false,"_monsterinsights_sitenote_active":false,"_monsterinsights_sitenote_note":"","_monsterinsights_sitenote_category":0,"footnotes":""},"categories":[10778],"tags":[12764,11602,300,12373,857,12376,12765],"class_list":["post-137514","post","type-post","status-publish","format-standard","has-post-thumbnail","hentry","category-engrenagens-do-crescimento","tag-agua","tag-destaque","tag-negocios","tag-patria-investimentos","tag-pernambuco","tag-saneamento","tag-vita-sertao"],"acf":[],"_links":{"self":[{"href":"https:\/\/bluestudio.estadao.com.br\/agencia-de-comunicacao\/wp-json\/wp\/v2\/posts\/137514","targetHints":{"allow":["GET"]}}],"collection":[{"href":"https:\/\/bluestudio.estadao.com.br\/agencia-de-comunicacao\/wp-json\/wp\/v2\/posts"}],"about":[{"href":"https:\/\/bluestudio.estadao.com.br\/agencia-de-comunicacao\/wp-json\/wp\/v2\/types\/post"}],"author":[{"embeddable":true,"href":"https:\/\/bluestudio.estadao.com.br\/agencia-de-comunicacao\/wp-json\/wp\/v2\/users\/1"}],"replies":[{"embeddable":true,"href":"https:\/\/bluestudio.estadao.com.br\/agencia-de-comunicacao\/wp-json\/wp\/v2\/comments?post=137514"}],"version-history":[{"count":0,"href":"https:\/\/bluestudio.estadao.com.br\/agencia-de-comunicacao\/wp-json\/wp\/v2\/posts\/137514\/revisions"}],"wp:featuredmedia":[{"embeddable":true,"href":"https:\/\/bluestudio.estadao.com.br\/agencia-de-comunicacao\/wp-json\/wp\/v2\/media\/137515"}],"wp:attachment":[{"href":"https:\/\/bluestudio.estadao.com.br\/agencia-de-comunicacao\/wp-json\/wp\/v2\/media?parent=137514"}],"wp:term":[{"taxonomy":"category","embeddable":true,"href":"https:\/\/bluestudio.estadao.com.br\/agencia-de-comunicacao\/wp-json\/wp\/v2\/categories?post=137514"},{"taxonomy":"post_tag","embeddable":true,"href":"https:\/\/bluestudio.estadao.com.br\/agencia-de-comunicacao\/wp-json\/wp\/v2\/tags?post=137514"}],"curies":[{"name":"wp","href":"https:\/\/api.w.org\/{rel}","templated":true}]}}