{"id":137496,"date":"2026-08-27T16:21:00","date_gmt":"2026-08-27T19:21:00","guid":{"rendered":"https:\/\/bluestudio.estadao.com.br\/agencia-de-comunicacao\/knewin-dino\/jovens-contratam-seguro-de-vida-antes-de-ter-filhos\/"},"modified":"2026-08-27T16:21:00","modified_gmt":"2026-08-27T19:21:00","slug":"jovens-contratam-seguro-de-vida-antes-de-ter-filhos","status":"publish","type":"post","link":"https:\/\/bluestudio.estadao.com.br\/agencia-de-comunicacao\/knewin-dino\/jovens-contratam-seguro-de-vida-antes-de-ter-filhos\/","title":{"rendered":"Jovens contratam seguro de vida antes de ter filhos"},"content":{"rendered":"<p>Levantamentos recentes do setor de seguros mostram que uma parcela crescente de jovens brasileiros vem contratando seguro de vida e planos de assist\u00eancia familiar mesmo antes de ter filhos ou constituir patrim\u00f4nio. Segundo <a href=\"https:\/\/www.segs.com.br\/seguros\/427274-seguro-de-vida-conquista-jovens-brasileiros-e-assume-novo-papel-no-pos-pandemia\" target=\"_blank\">dados da SulAm\u00e9rica<\/a>, o volume de pr\u00eamios emitidos para contratantes com menos de 40 anos cresceu 31% entre 2023 e 2024, com avan\u00e7o de 33,4% no valor m\u00e9dio das ap\u00f3lices.<\/p>\n<p>O movimento tamb\u00e9m aparece em levantamento da <a href=\"https:\/\/www.segs.com.br\/seguros\/418510-cresce-a-adesao-de-jovens-a-seguros-de-vida-com-cobertura-para-doencas-graves-aponta-estudo-da-azos\" target=\"_blank\">insurtech Azos<\/a>, que identificou aumento de 88,17% no n\u00famero de ap\u00f3lices contratadas entre 2023 e 2024, com destaque para as faixas de 20 a 24 anos, que cresceram 139% no per\u00edodo, segundo o estudo. O segmento de seguros de pessoas, como um todo, movimentou R$ 71,9 bilh\u00f5es entre janeiro e novembro de 2025, alta de 8,3% em rela\u00e7\u00e3o ao mesmo per\u00edodo do ano anterior, de acordo com a <a href=\"https:\/\/www.segs.com.br\/seguros\/449531-como-o-seguro-de-vida-se-tornou-um-instrumento-de-planejamento-patrimonial\" target=\"_blank\">FenaPrevi<\/a>.<\/p>\n<p>Para Vin\u00edcius Chaves de Mello, CEO do Grupo Riopae, que administra o <a href=\"https:\/\/www.crematoriosaojoao.com.br\/\" target=\"_blank\">Cremat\u00f3rio Metropolitano S\u00e3o Jo\u00e3o Batista<\/a>, a ideia de que assist\u00eancia familiar e seguro de vida s\u00e3o servi\u00e7os voltados apenas a pessoas mais velhas est\u00e1 perdendo for\u00e7a. \u201cMuitos jovens j\u00e1 est\u00e3o percebendo a import\u00e2ncia de contar com essa prote\u00e7\u00e3o, pensando principalmente na prote\u00e7\u00e3o financeira em casos de incapacidade f\u00edsica, al\u00e9m de ser uma decis\u00e3o estrat\u00e9gica, j\u00e1 que a contrata\u00e7\u00e3o antecipada costuma ser mais acess\u00edvel do que em idade avan\u00e7ada\u201d, afirma.<\/p>\n<p>O principal crit\u00e9rio observado por esse p\u00fablico na hora de contratar um plano \u00e9 a prote\u00e7\u00e3o financeira diante de imprevistos. \u201cSe o seguro de vida garante um valor significativo em meio a uma poss\u00edvel incapacidade f\u00edsica, esse j\u00e1 se torna um grande diferencial. E se a assist\u00eancia familiar oferece benef\u00edcios, como descontos em farm\u00e1cia, clube de vantagens e atendimento m\u00e9dico com condi\u00e7\u00f5es exclusivas, j\u00e1 fica mais atrativo e propenso \u00e0 procura por parte de jovens\u201d, explica.<\/p>\n<p>Chaves de Mello tamb\u00e9m associa esse movimento \u00e0 dificuldade de acesso a servi\u00e7os p\u00fablicos de qualidade e ao encarecimento dos planos de sa\u00fade tradicionais. \u201cA dificuldade em acessar servi\u00e7os p\u00fablicos de qualidade e o encarecimento dos planos de sa\u00fade tornam a assist\u00eancia familiar uma alternativa para jovens que buscam mais facilidade no acesso \u00e0 sa\u00fade\u201d, diz, destacando o atendimento m\u00e9dico como um dos benef\u00edcios mais procurados por essa faixa et\u00e1ria.<\/p>\n<p><b>Planejamento financeiro e bem-estar emocional<\/b><\/p>\n<p>Na avalia\u00e7\u00e3o do CEO, a aus\u00eancia de planejamento de prote\u00e7\u00e3o familiar tamb\u00e9m tem rela\u00e7\u00e3o com desafios enfrentados por profissionais mais jovens no dia a dia. \u201cA forma de lidar com as finan\u00e7as tem mudado a cada gera\u00e7\u00e3o, envolvendo uma maior busca por estabilidade, uma vez que muitos jovens enfrentam desafios como ansiedade, baixa autoestima e consumo excessivo, fatores que podem contribuir para o endividamento precoce\u201d, percebe. Segundo ele, ao perceberem esse cen\u00e1rio, muitos passam a buscar formas de ampliar a prote\u00e7\u00e3o financeira e contar com suporte diante de situa\u00e7\u00f5es inesperadas.<\/p>\n<p>Essa busca por solu\u00e7\u00f5es integradas tamb\u00e9m orienta a estrat\u00e9gia do Grupo Riopae para se aproximar de jovens profissionais. \u201cA integra\u00e7\u00e3o do seguro de vida \u00e0 assist\u00eancia familiar busca facilitar o acesso a servi\u00e7os essenciais, uma vez que a Riopae oferece 13 benef\u00edcios em um \u00fanico plano, sendo o seguro de vida um deles\u201d, detalha Chaves de Mello.<\/p>\n<p>De acordo com ele, os associados contam com prote\u00e7\u00e3o financeira conforme as coberturas contratadas, al\u00e9m de benef\u00edcios complementares, como descontos em farm\u00e1cias, assist\u00eancia pet e clube de vantagens. \u201c\u00c9 uma forma de oferecer n\u00e3o apenas prote\u00e7\u00e3o financeira, mas tamb\u00e9m amparo em diferentes momentos\u201d, completa.<\/p>\n<p>O executivo acrescenta que, entre os benef\u00edcios oferecidos pela Riopae, est\u00e1 a cobertura financeira aos benefici\u00e1rios em caso de falecimento do titular, conforme as condi\u00e7\u00f5es contratadas em cada ap\u00f3lice, refor\u00e7ando o car\u00e1ter de suporte \u00e0 fam\u00edlia em momentos delicados.<\/p>\n<p>O avan\u00e7o da ades\u00e3o jovem ao seguro de vida e \u00e0 assist\u00eancia familiar indica uma mudan\u00e7a de comportamento que tende a se consolidar nos pr\u00f3ximos anos, \u00e0 medida que mais pessoas passam a associar prote\u00e7\u00e3o financeira n\u00e3o a uma preocupa\u00e7\u00e3o distante, mas a uma decis\u00e3o estrat\u00e9gica tomada ainda no in\u00edcio da vida adulta. Para o setor, isso representa tamb\u00e9m um desafio de comunica\u00e7\u00e3o: tornar esse tipo de planejamento compreens\u00edvel e acess\u00edvel a um p\u00fablico que, em geral, ainda n\u00e3o tinha esse tema como prioridade.<\/p>\n<p>Para saber mais, basta acessar: <a href=\"https:\/\/www.crematoriosaojoao.com.br\/\" target=\"_blank\">https:\/\/www.crematoriosaojoao.com.br\/<\/a><\/p>\n<p>Website: <a href=\"https:\/\/www.crematoriosaojoao.com.br\/\" target=\"_blank\">https:\/\/www.crematoriosaojoao.com.br\/<\/a><\/p>\n<p>Foto: Divulga\u00e7\u00e3o Grupo Riopae<\/p>\n<p>A <b>OESP<\/b> n\u00e3o \u00e9(s\u00e3o) respons\u00e1vel(is) por erros, incorre\u00e7\u00f5es, atrasos ou quaisquer decis\u00f5es tomadas por seus clientes com base nos Conte\u00fados ora disponibilizados, bem como tais Conte\u00fados n\u00e3o representam a opini\u00e3o da <b>OESP<\/b> e s\u00e3o de inteira responsabilidade da <b>Knewin Dino<\/b><\/p>\n","protected":false},"excerpt":{"rendered":"Levantamentos recentes do setor de seguros mostram que uma parcela crescente de jovens brasileiros vem contratando seguro de vida e planos de assist\u00eancia familiar mesmo antes de ter filhos ou","protected":false},"author":1,"featured_media":137497,"comment_status":"open","ping_status":"closed","sticky":false,"template":"","format":"standard","meta":{"_acf_changed":false,"inline_featured_image":false,"_monsterinsights_skip_tracking":false,"_monsterinsights_sitenote_active":false,"_monsterinsights_sitenote_note":"","_monsterinsights_sitenote_category":0,"footnotes":""},"categories":[11470],"tags":[101,300,12398,12406,12395],"class_list":["post-137496","post","type-post","status-publish","format-standard","has-post-thumbnail","hentry","category-knewin-dino","tag-economia","tag-negocios","tag-saude-e-bem-estar","tag-seguros","tag-sociedade"],"acf":[],"_links":{"self":[{"href":"https:\/\/bluestudio.estadao.com.br\/agencia-de-comunicacao\/wp-json\/wp\/v2\/posts\/137496","targetHints":{"allow":["GET"]}}],"collection":[{"href":"https:\/\/bluestudio.estadao.com.br\/agencia-de-comunicacao\/wp-json\/wp\/v2\/posts"}],"about":[{"href":"https:\/\/bluestudio.estadao.com.br\/agencia-de-comunicacao\/wp-json\/wp\/v2\/types\/post"}],"author":[{"embeddable":true,"href":"https:\/\/bluestudio.estadao.com.br\/agencia-de-comunicacao\/wp-json\/wp\/v2\/users\/1"}],"replies":[{"embeddable":true,"href":"https:\/\/bluestudio.estadao.com.br\/agencia-de-comunicacao\/wp-json\/wp\/v2\/comments?post=137496"}],"version-history":[{"count":0,"href":"https:\/\/bluestudio.estadao.com.br\/agencia-de-comunicacao\/wp-json\/wp\/v2\/posts\/137496\/revisions"}],"wp:featuredmedia":[{"embeddable":true,"href":"https:\/\/bluestudio.estadao.com.br\/agencia-de-comunicacao\/wp-json\/wp\/v2\/media\/137497"}],"wp:attachment":[{"href":"https:\/\/bluestudio.estadao.com.br\/agencia-de-comunicacao\/wp-json\/wp\/v2\/media?parent=137496"}],"wp:term":[{"taxonomy":"category","embeddable":true,"href":"https:\/\/bluestudio.estadao.com.br\/agencia-de-comunicacao\/wp-json\/wp\/v2\/categories?post=137496"},{"taxonomy":"post_tag","embeddable":true,"href":"https:\/\/bluestudio.estadao.com.br\/agencia-de-comunicacao\/wp-json\/wp\/v2\/tags?post=137496"}],"curies":[{"name":"wp","href":"https:\/\/api.w.org\/{rel}","templated":true}]}}