{"id":137484,"date":"2026-08-27T15:21:00","date_gmt":"2026-08-27T18:21:00","guid":{"rendered":"https:\/\/bluestudio.estadao.com.br\/agencia-de-comunicacao\/knewin-dino\/avancos-ampliam-opcoes-no-tratamento-da-coluna\/"},"modified":"2026-08-27T15:21:00","modified_gmt":"2026-08-27T18:21:00","slug":"avancos-ampliam-opcoes-no-tratamento-da-coluna","status":"publish","type":"post","link":"https:\/\/bluestudio.estadao.com.br\/agencia-de-comunicacao\/knewin-dino\/avancos-ampliam-opcoes-no-tratamento-da-coluna\/","title":{"rendered":"Avan\u00e7os ampliam op\u00e7\u00f5es no tratamento da coluna"},"content":{"rendered":"<p>Os avan\u00e7os da neurocirurgia e da medicina da dor ampliaram as op\u00e7\u00f5es de tratamento para pacientes com h\u00e9rnia de disco, dor cr\u00f4nica e outras doen\u00e7as da coluna vertebral, reduzindo a necessidade de cirurgias convencionais em casos selecionados. Procedimentos como bloqueios guiados por imagem, radiofrequ\u00eancia, neuromodula\u00e7\u00e3o e endoscopia da coluna permitem controlar a dor e recuperar a fun\u00e7\u00e3o com menor agress\u00e3o aos tecidos, o que abre caminho para abordagens graduadas conforme o est\u00e1gio da doen\u00e7a.<\/p>\n<p>A relev\u00e2ncia do tema acompanha a dimens\u00e3o do problema. De acordo com a <a href=\"https:\/\/www.who.int\/news-room\/fact-sheets\/detail\/low-back-pain\" target=\"_blank\">Organiza\u00e7\u00e3o Mundial da Sa\u00fade (OMS)<\/a>, a dor lombar afetou 619 milh\u00f5es de pessoas em 2020 e figura como a principal causa de incapacidade no mundo, com proje\u00e7\u00e3o de alcan\u00e7ar 843 milh\u00f5es de casos at\u00e9 2050. A mesma refer\u00eancia aponta que cerca de 90% dos quadros de dor lombar n\u00e3o t\u00eam causa espec\u00edfica identific\u00e1vel, o que ajuda a explicar por que boa parte dos pacientes responde bem a estrat\u00e9gias que n\u00e3o passam pela sala de cirurgia.<\/p>\n<p>De acordo com o Dr. J\u00falio C\u00e9sar, neurocirurgi\u00e3o especializado em cirurgia da coluna em Belo Horizonte, cada caso exige avalia\u00e7\u00e3o individualizada, que combina hist\u00f3ria cl\u00ednica detalhada, exame neurol\u00f3gico completo e an\u00e1lise criteriosa dos exames de imagem.<\/p>\n<p>O m\u00e9dico informa que idade, profiss\u00e3o, n\u00edvel de atividade f\u00edsica, intensidade da dor e impacto na qualidade de vida tamb\u00e9m orientam a defini\u00e7\u00e3o da conduta. A partir dessas informa\u00e7\u00f5es, o plano terap\u00eautico pode variar de terapias regenerativas, bloqueios e fisioterapia a procedimentos endosc\u00f3picos ou cirurgias mais complexas, quando realmente indicadas.<\/p>\n<p><b>Quando a cirurgia \u00e9 necess\u00e1ria<\/b><\/p>\n<p>A ideia de que todo problema na coluna termina em cirurgia n\u00e3o corresponde ao que se observa no consult\u00f3rio. Dr. J\u00falio C\u00e9sar assinala que a maioria das pessoas com dor na coluna n\u00e3o precisa de interven\u00e7\u00e3o cir\u00fargica e que muitos casos respondem ao tratamento conservador associado a terapias regenerativas, fisioterapia, reabilita\u00e7\u00e3o, bloqueios e procedimentos minimamente invasivos. A cirurgia passa a ser indicada diante de compress\u00e3o importante dos nervos ou da medula, d\u00e9ficit de for\u00e7a, perda de fun\u00e7\u00e3o, instabilidade da coluna ou dor incapacitante que persiste mesmo ap\u00f3s tratamento adequado.<\/p>\n<p>\u201cHoje, n\u00e3o pensamos apenas em cirurgia aberta, mas em oferecer ao paciente o tratamento menos invasivo e mais eficaz para cada fase da doen\u00e7a\u201d, pontua Dr. J\u00falio C\u00e9sar.<\/p>\n<p>O m\u00e9dico explica que a medicina regenerativa, com recursos como laser de alta pot\u00eancia e campos magn\u00e9ticos, contribui para o controle da inflama\u00e7\u00e3o, a redu\u00e7\u00e3o da dor e o est\u00edmulo \u00e0 recupera\u00e7\u00e3o natural dos tecidos, enquanto os procedimentos intervencionistas, a exemplo dos bloqueios guiados por imagem, permitem tratar a dor com precis\u00e3o e, muitas vezes, evitar a cirurgia.<\/p>\n<p><b>Recupera\u00e7\u00e3o e retorno \u00e0s atividades<\/b><\/p>\n<p>Entre as vantagens das t\u00e9cnicas minimamente invasivas est\u00e1 a preserva\u00e7\u00e3o da musculatura, o que costuma resultar em menos dor no p\u00f3s-operat\u00f3rio, menor sangramento e recupera\u00e7\u00e3o mais r\u00e1pida. Quando a interven\u00e7\u00e3o cir\u00fargica se faz necess\u00e1ria, uma <a href=\"https:\/\/pmc.ncbi.nlm.nih.gov\/articles\/PMC6034279\/\" target=\"_blank\">revis\u00e3o sistem\u00e1tica<\/a> que comparou a discectomia endosc\u00f3pica transforaminal \u00e0 microdiscectomia convencional no tratamento da h\u00e9rnia de disco lombar registrou tempo de interna\u00e7\u00e3o menor entre os pacientes operados pela t\u00e9cnica endosc\u00f3pica.<\/p>\n<p>Segundo o Dr. J\u00falio C\u00e9sar, muitos procedimentos s\u00e3o realizados por pequenas incis\u00f5es ou apenas por pun\u00e7\u00e3o, o que possibilita alta precoce e volta mais \u00e1gil \u00e0 rotina. O especialista destaca ainda que parte expressiva dos pacientes consegue controlar a dor sem recorrer a cirurgias de maior porte, gra\u00e7as \u00e0 combina\u00e7\u00e3o de bloqueios guiados por imagem e terapias regenerativas dentro de uma abordagem integrada.<\/p>\n<p>\u201cA medicina baseada em evid\u00eancias n\u00e3o significa utilizar apenas um tratamento, mas selecionar, para cada paciente, a interven\u00e7\u00e3o que apresenta maior probabilidade de benef\u00edcio de acordo com estudos cient\u00edficos, diretrizes internacionais e experi\u00eancia cl\u00ednica\u201d, afirma o neurocirurgi\u00e3o. Ele acrescenta que cada t\u00e9cnica segue indica\u00e7\u00e3o espec\u00edfica e crit\u00e9rios rigorosos de aplica\u00e7\u00e3o.<\/p>\n<p>O m\u00e9dico orienta procurar avalia\u00e7\u00e3o especializada sempre que a dor persistir por mais de algumas semanas, irradiar para bra\u00e7os ou pernas, provocar perda de for\u00e7a, dorm\u00eancia ou limita\u00e7\u00e3o das atividades di\u00e1rias, j\u00e1 que o diagn\u00f3stico precoce amplia as chances de tratamentos menos invasivos e de recupera\u00e7\u00e3o mais duradoura.<\/p>\n<p>Dr. J\u00falio C\u00e9sar pondera que decis\u00f5es sobre medicamentos, procedimentos e cirurgias devem passar por avalia\u00e7\u00e3o m\u00e9dica individualizada, e que os recursos empregados respeitam a regulamenta\u00e7\u00e3o sanit\u00e1ria vigente e a indica\u00e7\u00e3o apropriada a cada quadro.<\/p>\n<p><b>Sobre o Dr. J\u00falio C\u00e9sar<\/b><b><br \/><\/b><\/p>\n<p>Dr. J\u00falio C\u00e9sar \u00e9 m\u00e9dico neurocirurgi\u00e3o com atua\u00e7\u00e3o especializada no tratamento das doen\u00e7as da coluna vertebral, unindo t\u00e9cnicas minimamente invasivas e uma abordagem individualizada para pacientes com dor, limita\u00e7\u00f5es funcionais e altera\u00e7\u00f5es degenerativas. Atua em Belo Horizonte &#8211; MG, <b>na Cl\u00ednica de Dor Matrix<\/b>.<\/p>\n<p>Para saber mais, basta acessar: <a href=\"https:\/\/drjuliocesarcunha.com\/\" target=\"_blank\">https:\/\/drjuliocesarcunha.com\/\ufeff<\/a><\/p>\n<p>Website: <a href=\"https:\/\/drjuliocesarcunha.com\/\" target=\"_blank\">https:\/\/drjuliocesarcunha.com\/<\/a><\/p>\n<p>Foto: Imagem do Magnific\/CreativeDesign99<\/p>\n<p>A <b>OESP<\/b> n\u00e3o \u00e9(s\u00e3o) respons\u00e1vel(is) por erros, incorre\u00e7\u00f5es, atrasos ou quaisquer decis\u00f5es tomadas por seus clientes com base nos Conte\u00fados ora disponibilizados, bem como tais Conte\u00fados n\u00e3o representam a opini\u00e3o da <b>OESP<\/b> e s\u00e3o de inteira responsabilidade da <b>Knewin Dino<\/b><\/p>\n","protected":false},"excerpt":{"rendered":"Os avan\u00e7os da neurocirurgia e da medicina da dor ampliaram as op\u00e7\u00f5es de tratamento para pacientes com h\u00e9rnia de disco, dor cr\u00f4nica e outras doen\u00e7as da coluna vertebral, reduzindo a necessidade","protected":false},"author":1,"featured_media":137485,"comment_status":"open","ping_status":"closed","sticky":false,"template":"","format":"standard","meta":{"_acf_changed":false,"inline_featured_image":false,"_monsterinsights_skip_tracking":false,"_monsterinsights_sitenote_active":false,"_monsterinsights_sitenote_note":"","_monsterinsights_sitenote_category":0,"footnotes":""},"categories":[11470],"tags":[12397,300,12398,12395],"class_list":["post-137484","post","type-post","status-publish","format-standard","has-post-thumbnail","hentry","category-knewin-dino","tag-ciencia","tag-negocios","tag-saude-e-bem-estar","tag-sociedade"],"acf":[],"_links":{"self":[{"href":"https:\/\/bluestudio.estadao.com.br\/agencia-de-comunicacao\/wp-json\/wp\/v2\/posts\/137484","targetHints":{"allow":["GET"]}}],"collection":[{"href":"https:\/\/bluestudio.estadao.com.br\/agencia-de-comunicacao\/wp-json\/wp\/v2\/posts"}],"about":[{"href":"https:\/\/bluestudio.estadao.com.br\/agencia-de-comunicacao\/wp-json\/wp\/v2\/types\/post"}],"author":[{"embeddable":true,"href":"https:\/\/bluestudio.estadao.com.br\/agencia-de-comunicacao\/wp-json\/wp\/v2\/users\/1"}],"replies":[{"embeddable":true,"href":"https:\/\/bluestudio.estadao.com.br\/agencia-de-comunicacao\/wp-json\/wp\/v2\/comments?post=137484"}],"version-history":[{"count":0,"href":"https:\/\/bluestudio.estadao.com.br\/agencia-de-comunicacao\/wp-json\/wp\/v2\/posts\/137484\/revisions"}],"wp:featuredmedia":[{"embeddable":true,"href":"https:\/\/bluestudio.estadao.com.br\/agencia-de-comunicacao\/wp-json\/wp\/v2\/media\/137485"}],"wp:attachment":[{"href":"https:\/\/bluestudio.estadao.com.br\/agencia-de-comunicacao\/wp-json\/wp\/v2\/media?parent=137484"}],"wp:term":[{"taxonomy":"category","embeddable":true,"href":"https:\/\/bluestudio.estadao.com.br\/agencia-de-comunicacao\/wp-json\/wp\/v2\/categories?post=137484"},{"taxonomy":"post_tag","embeddable":true,"href":"https:\/\/bluestudio.estadao.com.br\/agencia-de-comunicacao\/wp-json\/wp\/v2\/tags?post=137484"}],"curies":[{"name":"wp","href":"https:\/\/api.w.org\/{rel}","templated":true}]}}