{"id":137468,"date":"2026-08-27T13:05:00","date_gmt":"2026-08-27T16:05:00","guid":{"rendered":"https:\/\/bluestudio.estadao.com.br\/agencia-de-comunicacao\/empreenda-mais\/05-09-dia-nacional-do-acai-puro-acai-distribui-40-quilos-de-creme-e-1-000-picoles-gratuitos-em-fortaleza\/"},"modified":"2026-08-27T13:05:00","modified_gmt":"2026-08-27T16:05:00","slug":"05-09-dia-nacional-do-acai-puro-acai-distribui-40-quilos-de-creme-e-1-000-picoles-gratuitos-em-fortaleza","status":"publish","type":"post","link":"https:\/\/bluestudio.estadao.com.br\/agencia-de-comunicacao\/empreenda-mais\/05-09-dia-nacional-do-acai-puro-acai-distribui-40-quilos-de-creme-e-1-000-picoles-gratuitos-em-fortaleza\/","title":{"rendered":"05\/09 &#8211; Dia Nacional do A\u00e7a\u00ed: Puro.A\u00e7a\u00ed distribui 40 quilos de creme e 1.000 picol\u00e9s gratuitos em Fortaleza"},"content":{"rendered":"<p><i>A\u00e7\u00f5es acontecem nos dias 5 e 6 de setembro em dois locais da capital cearense, na pra\u00e7a central da Cidade 2000 e na loja do Lago Jacarey, para consumo presencial<\/i><\/p>\n<p>Com um olhar para o in\u00edcio da trajet\u00f3ria e sentimento de nostalgia, a <a href=\"https:\/\/redepuroacai.com\/\" target=\"_blank\"><u><b>Puro.A\u00e7a\u00ed<\/b><\/u><\/a>, rede cearense pioneira no modelo <i>self-service<\/i> de a\u00e7a\u00ed no Nordeste, celebra o Dia Nacional do A\u00e7a\u00ed (05\/09) com a\u00e7\u00f5es gratuitas em dois locais de Fortaleza (CE). No dia 5 de setembro, acontece a degusta\u00e7\u00e3o gratuita de a\u00e7a\u00ed no local onde a marca iniciou, na Pra\u00e7a Leonam Onofre, na Cidade 2000, com distribui\u00e7\u00e3o de at\u00e9 40 quilos do produto ao p\u00fablico. J\u00e1 no dia 6 de setembro, a comemora\u00e7\u00e3o continua na loja do Lago Jacarey, com a entrega de 1.000 picol\u00e9s de a\u00e7a\u00ed. Cada pessoa pode consumir uma por\u00e7\u00e3o de a\u00e7a\u00ed de aproximadamente 80 ml e um picol\u00e9, de acordo com a iniciativa realizada em cada local e data. Ambas acontecem a partir das 19h, exclusivamente de forma presencial e sujeitas \u00e0 disponibilidade do estoque promocional.<\/p>\n<p>Segundo Franklin Vieira, fundador e presidente da Puro.A\u00e7a\u00ed, mais do que uma a\u00e7\u00e3o comemorativa, a escolha do local tem um significado especial para a empresa. \u201cA pra\u00e7a \u00e9 um local que carrega mem\u00f3rias afetivas e remete aos primeiros cap\u00edtulos da nossa hist\u00f3ria. Foi onde comecei a construir, de forma simples, com um carrinho de a\u00e7a\u00ed, o prop\u00f3sito de oferecer um produto de qualidade e criar uma rela\u00e7\u00e3o pr\u00f3xima com os consumidores. Hoje, voltar a esse endere\u00e7o \u00e9 uma forma de revisitar nossas ra\u00edzes e celebrar essa trajet\u00f3ria ao lado de quem fez e continua fazendo parte dela\u201d, comenta.<\/p>\n<p>Um dos diferenciais da rede desde o in\u00edcio \u00e9 o uso da polpa especial, com 14% de s\u00f3lidos, com mais qualidade e consist\u00eancia do produto. Essa preocupa\u00e7\u00e3o com a mat\u00e9ria-prima tamb\u00e9m se estende \u00e0 produ\u00e7\u00e3o. Para abastecer a rede, a empresa conta com uma fazenda pr\u00f3pria na regi\u00e3o do Baixo Tocantins, no Par\u00e1, uma das \u00e1reas mais reconhecidas pela qualidade do a\u00e7a\u00ed no pa\u00eds. A propriedade possui cerca de 600 mil p\u00e9s de a\u00e7a\u00ed, al\u00e9m de uma ind\u00fastria respons\u00e1vel pelo processamento de aproximadamente 1.200 toneladas de produtos por ano. Essa estrutura acompanha o crescimento da demanda pelo fruto e reflete o potencial de um mercado que segue em expans\u00e3o. Segundo dados da Market Data Forecast, consultoria especializada em pesquisa e intelig\u00eancia de mercado, o setor global de a\u00e7a\u00ed pode alcan\u00e7ar US$ 3,47 bilh\u00f5es at\u00e9 2033, com crescimento anual em torno de 12%.<\/p>\n<p><b>Servi\u00e7o: <\/b><\/p>\n<li><b>Cidade 2000<\/b> &#8211; Pra\u00e7a Leonam Onofre &#8211; Avenida dos Flamboyantes, s\/n, Cidade 2000, Fortaleza (CE).<\/li>\n<li><b>Lago Jacarey<\/b> &#8211; Av. Pedro Lazar, 732 &#8211; Loja 7 &#8211; Cambeba, Fortaleza (CE).<\/li>\n","protected":false},"excerpt":{"rendered":"A\u00e7\u00f5es acontecem nos dias 5 e 6 de setembro em dois locais da capital cearense, na pra\u00e7a central da Cidade 2000 e na loja do Lago Jacarey, para consumo presencial Com um olhar para o in\u00edcio da","protected":false},"author":1,"featured_media":137469,"comment_status":"open","ping_status":"closed","sticky":false,"template":"","format":"standard","meta":{"_acf_changed":false,"inline_featured_image":false,"_monsterinsights_skip_tracking":false,"_monsterinsights_sitenote_active":false,"_monsterinsights_sitenote_note":"","_monsterinsights_sitenote_category":0,"footnotes":""},"categories":[552],"tags":[],"class_list":["post-137468","post","type-post","status-publish","format-standard","has-post-thumbnail","hentry","category-empreenda-mais"],"acf":[],"_links":{"self":[{"href":"https:\/\/bluestudio.estadao.com.br\/agencia-de-comunicacao\/wp-json\/wp\/v2\/posts\/137468","targetHints":{"allow":["GET"]}}],"collection":[{"href":"https:\/\/bluestudio.estadao.com.br\/agencia-de-comunicacao\/wp-json\/wp\/v2\/posts"}],"about":[{"href":"https:\/\/bluestudio.estadao.com.br\/agencia-de-comunicacao\/wp-json\/wp\/v2\/types\/post"}],"author":[{"embeddable":true,"href":"https:\/\/bluestudio.estadao.com.br\/agencia-de-comunicacao\/wp-json\/wp\/v2\/users\/1"}],"replies":[{"embeddable":true,"href":"https:\/\/bluestudio.estadao.com.br\/agencia-de-comunicacao\/wp-json\/wp\/v2\/comments?post=137468"}],"version-history":[{"count":0,"href":"https:\/\/bluestudio.estadao.com.br\/agencia-de-comunicacao\/wp-json\/wp\/v2\/posts\/137468\/revisions"}],"wp:featuredmedia":[{"embeddable":true,"href":"https:\/\/bluestudio.estadao.com.br\/agencia-de-comunicacao\/wp-json\/wp\/v2\/media\/137469"}],"wp:attachment":[{"href":"https:\/\/bluestudio.estadao.com.br\/agencia-de-comunicacao\/wp-json\/wp\/v2\/media?parent=137468"}],"wp:term":[{"taxonomy":"category","embeddable":true,"href":"https:\/\/bluestudio.estadao.com.br\/agencia-de-comunicacao\/wp-json\/wp\/v2\/categories?post=137468"},{"taxonomy":"post_tag","embeddable":true,"href":"https:\/\/bluestudio.estadao.com.br\/agencia-de-comunicacao\/wp-json\/wp\/v2\/tags?post=137468"}],"curies":[{"name":"wp","href":"https:\/\/api.w.org\/{rel}","templated":true}]}}