{"id":137466,"date":"2026-08-27T12:26:00","date_gmt":"2026-08-27T15:26:00","guid":{"rendered":"https:\/\/bluestudio.estadao.com.br\/agencia-de-comunicacao\/knewin-dino\/ii-yakult-international-symposium-abre-inscricoes-no-dia-3\/"},"modified":"2026-08-27T12:26:00","modified_gmt":"2026-08-27T15:26:00","slug":"ii-yakult-international-symposium-abre-inscricoes-no-dia-3","status":"publish","type":"post","link":"https:\/\/bluestudio.estadao.com.br\/agencia-de-comunicacao\/knewin-dino\/ii-yakult-international-symposium-abre-inscricoes-no-dia-3\/","title":{"rendered":"II Yakult International Symposium abre inscri\u00e7\u00f5es no dia 3"},"content":{"rendered":"<p>A Yakult do Brasil anuncia as datas para o II Yakult International Symposium, que ser\u00e1 organizado em parceria com a Faculdade de Ci\u00eancias Farmac\u00eauticas da Universidade de S\u00e3o Paulo (FCF-USP) no pr\u00f3ximo ano. O encontro, que vai reunir cientistas brasileiros e de v\u00e1rios outros pa\u00edses, ser\u00e1 nos dias 2 e 3 de setembro de 2027, na capital de S\u00e3o Paulo. As inscri\u00e7\u00f5es, com valores de primeiro lote, estar\u00e3o abertas a partir do dia 3 de setembro no <a href=\"https:\/\/yakultsymposiumbrazil.com.br\/\" target=\"_blank\">site<\/a> oficial.<\/p>\n<p>A segunda edi\u00e7\u00e3o do simp\u00f3sio ter\u00e1 como tema central \u2018Health promoting microorganisms for global wellbeing\u2019 e vai explorar o universo em expans\u00e3o da microbiologia aplicada, desde probi\u00f3ticos at\u00e9 categorias emergentes de microrganismos ben\u00e9ficos que apoiam o bem-estar de humanos e animais. De acordo com o presidente do Comit\u00ea Cient\u00edfico do II Yakult International Symposium, professor doutor Svetoslav Todorov\u00a0\u2014 docente e pesquisador da FCF-USP \u2014, o evento ser\u00e1 uma celebra\u00e7\u00e3o de quase um s\u00e9culo de progresso inspirado na vis\u00e3o pioneira do Dr. Minoru Shirota, fundador da Yakult.<\/p>\n<p>O m\u00e9dico sanitarista e pesquisador que criou o Leite Fermentado Yakult em 1935, no Jap\u00e3o, acreditava plenamente no poder dos microrganismos ben\u00e9ficos para melhorar a sa\u00fade humana. \u201cSua convic\u00e7\u00e3o de que a ci\u00eancia deve servir a sociedade continua a nos guiar hoje, moldando nossa pesquisa, nossas colabora\u00e7\u00f5es e nossa miss\u00e3o compartilhada por um mundo melhor e harmonioso\u201d, afirma o pesquisador Svetoslav Todorov. Assim, o II Yakult International Symposium convida pesquisadores, m\u00e9dicos, parceiros da ind\u00fastria, especialistas e estudantes de \u00e1reas correlatas \u00e0 microbiologia para se juntarem aos cientistas nesta din\u00e2mica troca de ideias.<\/p>\n<p>Para o presidente da Yakult do Brasil, Atsushi Nemoto, promover as mais recentes descobertas da \u00e1rea em um simp\u00f3sio internacional pela segunda vez no Brasil \u00e9 muito importante para a empresa. \u201cSomos a segunda filial da Yakult estabelecida fora do Jap\u00e3o e a primeira fora da \u00c1sia, com uma hist\u00f3ria de quase 60 anos no pa\u00eds. Por meio deste simp\u00f3sio, esperamos seguir promovendo oportunidades de troca de informa\u00e7\u00f5es e ideias inovadoras sobre microrganismos em n\u00edvel global\u201d, ressalta.<\/p>\n<p>A gerente da Divis\u00e3o de Ci\u00eancias &amp; Pesquisas da Yakult do Brasil, Helena Sanae Kajikawa, acrescenta que a ci\u00eancia \u00e9 o n\u00facleo dos neg\u00f3cios da multinacional japonesa, que segue a filosofia do Dr. Minoru Shirota\u00a0\u2014 baseada na Medicina Preventiva e no entendimento de que \u2018um intestino sadio leva \u00e0 longevidade\u2019. \u201cDesde a sua funda\u00e7\u00e3o, a Yakult tem realizado pesquisas de forma consistente, colaborando com institui\u00e7\u00f5es de pesquisa em todo o mundo como parte de seu foco na explora\u00e7\u00e3o do potencial dos probi\u00f3ticos\u201d, acrescenta.<\/p>\n<p>O Comit\u00ea Cient\u00edfico \u00e9 formado, ainda, por pesquisadores da The State University of New Jersey (Estados Unidos), Yakult Europe (Holanda), Universidade Estadual Paulista (UNESP) e Universidade Federal de Rondon\u00f3polis (Mato Grosso). O evento ser\u00e1 totalmente em ingl\u00eas,<b>\u00a0<\/b>sem tradu\u00e7\u00e3o\u00a0simult\u00e2nea.\u00a0Outras informa\u00e7\u00f5es tamb\u00e9m estar\u00e3o dispon\u00edveis nas redes sociais do simp\u00f3sio no <a href=\"https:\/\/www.linkedin.com\/in\/yakultinternationalsymposia\/\" target=\"_blank\">LinkedIn<\/a> e <a href=\"https:\/\/www.instagram.com\/yakultinternationalsymposia?utm_source=ig_web_button_share_sheet&amp;igsh=ZDNlZDc0MzIxNw==\" target=\"_blank\">Instagram<\/a>.<\/p>\n<p>Todos os resumos destinados \u00e0 apresenta\u00e7\u00e3o no II Yakult International Symposium devem ser submetidos diretamente pelo site, respeitando o prazo estipulado. As regras para <a href=\"https:\/\/yakultsymposiumbrazil.com.br\/submissions\/\" target=\"_blank\">submiss\u00e3o<\/a> e os crit\u00e9rios de <a href=\"https:\/\/yakultsymposiumbrazil.com.br\/poster\/\" target=\"_blank\">avalia\u00e7\u00e3o<\/a> dos trabalhos tamb\u00e9m podem ser consultados no site do evento.<\/p>\n<p><b>Temas<\/b><\/p>\n<ul>\n<li>Fermented functional food (Alimentos funcionais fermentados)<\/li>\n<li>Probiotics for humans, animals, and agriculture (Probi\u00f3ticos para humanos, animais e agricultura)<\/li>\n<li>Probiotics and host metabolism (Probi\u00f3ticos e metabolismo do hospedeiro)<\/li>\n<li>Probiotics, prebiotics and mental health (Probi\u00f3ticos, prebi\u00f3ticos e sa\u00fade mental)<\/li>\n<li>Probiotics and gut health (Probi\u00f3ticos e sa\u00fade intestinal)<\/li>\n<li>Probiotics and host immune response (Probi\u00f3ticos e resposta imune do hospedeiro)<\/li>\n<li>New generation probiotics (Probi\u00f3ticos de nova gera\u00e7\u00e3o)<\/li>\n<li>Postbiotics and bacterial metabolites (P\u00f3s-bi\u00f3ticos e metab\u00f3litos bacterianos)<\/li>\n<li>Bacteriocins and antimicrobial peptides (Bacteriocinas e pept\u00eddeos antimicrobianos)<\/li>\n<li>Mechanisms of action of probiotics (Mecanismos de a\u00e7\u00e3o dos probi\u00f3ticos)<\/li>\n<li>Formulation, production, and delivery vehicles (Formula\u00e7\u00e3o, produ\u00e7\u00e3o e ve\u00edculos de entrega)<\/li>\n<li>Future visions for probiotics and opportunities (Vis\u00f5es futuras para probi\u00f3ticos e oportunidades)<\/li>\n<li>Beneficial microbes and metabolites: challenges and opportunities (Microrganismos ben\u00e9ficos e metab\u00f3litos: desafios e oportunidades)<\/li>\n<\/ul>\n<p><b><b><br \/>Sobre a Yakult<br \/><\/b><\/b><br \/>Fundada em 1955 pelo m\u00e9dico e pesquisador Minoru Shirota, a Yakult Honsha, sediada em T\u00f3quio, no Jap\u00e3o, pesquisa os microrganismos probi\u00f3ticos promotores da sa\u00fade. Presente em 40 pa\u00edses e regi\u00f5es, a marca faz parte dos h\u00e1bitos alimentares di\u00e1rios de mais de 38 milh\u00f5es de consumidores no mundo.\u00a0Para outras informa\u00e7\u00f5es, basta acessar o site:\u00a0<a href=\"https:\/\/www.yakult.com.br\/\" target=\"_blank\">www.yakult.com.br<\/a>\u00a0ou as redes sociais da empresa:\u00a0<a href=\"https:\/\/pt-br.facebook.com\/YakultBrasilOficial\/\" target=\"_blank\">Facebook\/yakultbrasiloficial<\/a>,\u00a0<a href=\"https:\/\/www.instagram.com\/yakultbrasil\/?hl=pt\" target=\"_blank\">Instagram@yakultbrasil<\/a>\u00a0e\u00a0<a href=\"https:\/\/www.tiktok.com\/@yakultbrasil\" target=\"_blank\">TikTok\/yakultbrasil<\/a>.<\/p>\n<p>Website: <a href=\"https:\/\/www.yakult.com.br\/\" target=\"_blank\">https:\/\/www.yakult.com.br\/<\/a><\/p>\n<p>Foto: Cr\u00e9dito: Divulga\u00e7\u00e3o\/Yakult<\/p>\n<p>A <b>OESP<\/b> n\u00e3o \u00e9(s\u00e3o) respons\u00e1vel(is) por erros, incorre\u00e7\u00f5es, atrasos ou quaisquer decis\u00f5es tomadas por seus clientes com base nos Conte\u00fados ora disponibilizados, bem como tais Conte\u00fados n\u00e3o representam a opini\u00e3o da <b>OESP<\/b> e s\u00e3o de inteira responsabilidade da <b>Knewin Dino<\/b><\/p>\n","protected":false},"excerpt":{"rendered":"A Yakult do Brasil anuncia as datas para o II Yakult International Symposium, que ser\u00e1 organizado em parceria com a Faculdade de Ci\u00eancias Farmac\u00eauticas da Universidade de S\u00e3o Paulo (FCF-USP) no","protected":false},"author":1,"featured_media":137467,"comment_status":"open","ping_status":"closed","sticky":false,"template":"","format":"standard","meta":{"_acf_changed":false,"inline_featured_image":false,"_monsterinsights_skip_tracking":false,"_monsterinsights_sitenote_active":false,"_monsterinsights_sitenote_note":"","_monsterinsights_sitenote_category":0,"footnotes":""},"categories":[11470],"tags":[12397,12415,232,300,12398,47],"class_list":["post-137466","post","type-post","status-publish","format-standard","has-post-thumbnail","hentry","category-knewin-dino","tag-ciencia","tag-comunicacao","tag-educacao","tag-negocios","tag-saude-e-bem-estar","tag-tecnologia"],"acf":[],"_links":{"self":[{"href":"https:\/\/bluestudio.estadao.com.br\/agencia-de-comunicacao\/wp-json\/wp\/v2\/posts\/137466","targetHints":{"allow":["GET"]}}],"collection":[{"href":"https:\/\/bluestudio.estadao.com.br\/agencia-de-comunicacao\/wp-json\/wp\/v2\/posts"}],"about":[{"href":"https:\/\/bluestudio.estadao.com.br\/agencia-de-comunicacao\/wp-json\/wp\/v2\/types\/post"}],"author":[{"embeddable":true,"href":"https:\/\/bluestudio.estadao.com.br\/agencia-de-comunicacao\/wp-json\/wp\/v2\/users\/1"}],"replies":[{"embeddable":true,"href":"https:\/\/bluestudio.estadao.com.br\/agencia-de-comunicacao\/wp-json\/wp\/v2\/comments?post=137466"}],"version-history":[{"count":0,"href":"https:\/\/bluestudio.estadao.com.br\/agencia-de-comunicacao\/wp-json\/wp\/v2\/posts\/137466\/revisions"}],"wp:featuredmedia":[{"embeddable":true,"href":"https:\/\/bluestudio.estadao.com.br\/agencia-de-comunicacao\/wp-json\/wp\/v2\/media\/137467"}],"wp:attachment":[{"href":"https:\/\/bluestudio.estadao.com.br\/agencia-de-comunicacao\/wp-json\/wp\/v2\/media?parent=137466"}],"wp:term":[{"taxonomy":"category","embeddable":true,"href":"https:\/\/bluestudio.estadao.com.br\/agencia-de-comunicacao\/wp-json\/wp\/v2\/categories?post=137466"},{"taxonomy":"post_tag","embeddable":true,"href":"https:\/\/bluestudio.estadao.com.br\/agencia-de-comunicacao\/wp-json\/wp\/v2\/tags?post=137466"}],"curies":[{"name":"wp","href":"https:\/\/api.w.org\/{rel}","templated":true}]}}