{"id":137462,"date":"2026-08-27T11:42:00","date_gmt":"2026-08-27T14:42:00","guid":{"rendered":"https:\/\/bluestudio.estadao.com.br\/agencia-de-comunicacao\/prnewswire\/lg-electronics-expande-manufatura-na-america-latina-com-nova-fabrica-inteligente-no-brasil\/"},"modified":"2026-08-27T11:42:00","modified_gmt":"2026-08-27T14:42:00","slug":"lg-electronics-expande-manufatura-na-america-latina-com-nova-fabrica-inteligente-no-brasil","status":"publish","type":"post","link":"https:\/\/bluestudio.estadao.com.br\/agencia-de-comunicacao\/prnewswire\/lg-electronics-expande-manufatura-na-america-latina-com-nova-fabrica-inteligente-no-brasil\/","title":{"rendered":"LG Electronics expande manufatura na Am\u00e9rica Latina com nova f\u00e1brica inteligente no Brasil"},"content":{"rendered":"\n<div class=\"xn-content\">\n<p class=\"prntac\"><i>Segunda base de produ\u00e7\u00e3o da LG no Brasil, unidade no Paran\u00e1 apoia a resili\u00eancia da cadeia de suprimentos regional<\/i><\/p>\n<p><b>Resumo da not\u00edcia<\/b><\/p>\n<ul type=\"disc\">\n<li>A LG Electronics inaugura uma nova f\u00e1brica de eletrodom\u00e9sticos no Paran\u00e1, Brasil, refor\u00e7ando seu crescimento em toda a Am\u00e9rica Latina.<\/li>\n<li>A nova instala\u00e7\u00e3o possui capacidade de produ\u00e7\u00e3o anual de aproximadamente 600 mil geladeiras, com modelos projetados para refletir os padr\u00f5es bivolt, as condi\u00e7\u00f5es clim\u00e1ticas e o estilo de vida dos consumidores brasileiros.<\/li>\n<li>A f\u00e1brica do Paran\u00e1 integra solu\u00e7\u00f5es de manufatura inteligente, para aumentar a produtividade, a qualidade dos produtos e a efici\u00eancia da fabrica\u00e7\u00e3o.<\/li>\n<li>A nova unidade fortalecer\u00e1 a presen\u00e7a da LG no Brasil, ao mesmo tempo em que apoia o crescimento mais amplo em toda a Am\u00e9rica Latina.<\/li>\n<\/ul>\n<div class=\"PRN_ImbeddedAssetReference\" id=\"DivAssetPlaceHolder1291\">\n<img decoding=\"async\" src=\"https:\/\/mmx.prnewswire.com\/media\/MS1976962\/Imagem1.jpg?id=OA2916394\" title=\"LG Electronics expande manufatura na Am\u00e9rica Latina com nova f\u00e1brica inteligente no Brasil\n\" alt=\"LG Electronics expande manufatura na Am\u00e9rica Latina com nova f\u00e1brica inteligente no Brasil\n\" \/><\/p>\n<\/div>\n<p><span class=\"legendSpanClass\">S\u00c3O PAULO<\/span>, <span class=\"legendSpanClass\">27 de agosto de 2026<\/span> \/PRNewswire\/ &#8212; A LG Electronics (LG) inaugurou uma nova f\u00e1brica no Paran\u00e1, refor\u00e7ando sua presen\u00e7a de manufatura no Brasil e apoiando o crescimento de longo prazo em toda a Am\u00e9rica Latina, uma regi\u00e3o de expans\u00e3o fundamental para a empresa.<\/p>\n<p>Com um investimento de aproximadamente US$ 310 milh\u00f5es (R$ 1,5 bilh\u00e3o), a f\u00e1brica \u00e9 a segunda base de produ\u00e7\u00e3o de eletrodom\u00e9sticos da LG no Brasil, juntando-se \u00e0 unidade de Manaus, no Amazonas, que iniciou suas opera\u00e7\u00f5es h\u00e1 quase tr\u00eas d\u00e9cadas. A nova instala\u00e7\u00e3o abrange uma \u00e1rea de cerca de 770 mil metros quadrados e tem capacidade de produ\u00e7\u00e3o anual de aproximadamente 600 mil geladeiras, o equivalente a uma unidade a cada 14 segundos.<\/p>\n<p><b>Manufatura inteligente para maior produtividade e qualidade<\/b><\/p>\n<p>A f\u00e1brica do Paran\u00e1 incorpora solu\u00e7\u00f5es de manufatura inteligente, para melhorar a efici\u00eancia da produ\u00e7\u00e3o, a qualidade dos produtos e a seguran\u00e7a no local de trabalho. Rob\u00f4s articulados s\u00e3o utilizados para lidar com tarefas fisicamente exigentes ou de maior risco, como o transporte de portas de geladeiras, ajudando a melhorar a seguran\u00e7a no ambiente de trabalho e garantindo a estabilidade do processo.<\/p>\n<p><b>Geladeiras adaptadas ao estilo de vida dos brasileiros <\/b><\/p>\n<p>A infraestrutura de produ\u00e7\u00e3o expandida fortalecer\u00e1 a capacidade da LG de levar ao mercado eletrodom\u00e9sticos adaptados localmente. As geladeiras fabricadas na unidade do Paran\u00e1 foram desenvolvidas com base em extensas pesquisas com consumidores locais, conduzidas pela equipe de Pesquisa e Desenvolvimento da LG sediada no Brasil. Composto por cerca de 40 profissionais, o time garante que os designs sejam otimizados para os lares e o estilo de vida dos brasileiros.<\/p>\n<p>Al\u00e9m disso, as geladeiras produzidas no Paran\u00e1 possuem compatibilidade bivolt, refletindo o uso dos sistemas el\u00e9tricos de 127V e 220V no Brasil. Projetados para o clima quente e \u00famido do pa\u00eds e para a cultura de receber convidados em casa, os aparelhos tamb\u00e9m v\u00eam equipados com higieniza\u00e7\u00e3o interna baseada em LED para ajudar a prevenir a prolifera\u00e7\u00e3o bacteriana.<\/p>\n<p><b>Polo estrat\u00e9gico de produ\u00e7\u00e3o para abastecimento local e crescimento regional <\/b><\/p>\n<p>A f\u00e1brica do Paran\u00e1 focar\u00e1 inicialmente em atender o mercado interno do Brasil, permitindo o fornecimento pontual de produtos adaptados localmente. A fabrica\u00e7\u00e3o local tamb\u00e9m deve melhorar a efici\u00eancia log\u00edstica, reduzir a depend\u00eancia de importa\u00e7\u00f5es, diminuir os tempos de entrega em at\u00e9 80% e fortalecer a capacidade de resposta da LG \u00e0s necessidades do mercado nacional.<\/p>\n<p>No m\u00e9dio a longo prazo, espera-se que a f\u00e1brica sirva como um polo estrat\u00e9gico de produ\u00e7\u00e3o e exporta\u00e7\u00e3o para a Am\u00e9rica Latina, apoiando o crescimento regional e permitindo que a empresa responda de forma mais flex\u00edvel \u00e0s mudan\u00e7as nas cadeias de suprimentos globais e \u00e0s condi\u00e7\u00f5es de mercado em evolu\u00e7\u00e3o. Na pr\u00e1tica, a unidade facilita cronogramas log\u00edsticos mais curtos, proporcionando \u00e0 LG maior agilidade no abastecimento do varejo e na rea\u00e7\u00e3o a demandas sazonais e tend\u00eancias regionais.<\/p>\n<p> &#8220;A nova f\u00e1brica no Paran\u00e1 fortalece nossas capacidades de produ\u00e7\u00e3o, permitindo-nos garantir um fornecimento est\u00e1vel de produtos e entregar eletrodom\u00e9sticos adaptados \u00e0s necessidades em evolu\u00e7\u00e3o dos consumidores no Brasil e em toda a Am\u00e9rica Latina&#8221;, afirma Baek Seung-tae, presidente da LG Home Appliance Solution Company. &#8220;Por meio deste investimento estrat\u00e9gico, continuaremos a proporcionar experi\u00eancias diferenciadas aos clientes e a refor\u00e7ar nosso compromisso com a regi\u00e3o.&#8221;<\/p>\n<p>SOBRE A LG ELECTRONICS, INC.<\/p>\n<p>A LG Electronics \u00e9 uma l\u00edder global em tecnologia e eletr\u00f4nicos de consumo, com presen\u00e7a em quase todos os pa\u00edses e uma for\u00e7a de trabalho internacional superior a 75 mil pessoas. A companhia reorganizou suas opera\u00e7\u00f5es em quatro divis\u00f5es de neg\u00f3cios: <b>Home Appliance Solution (HS), Media Entertainment Solution (MS), Vehicle Solution (VS) e Eco Solution (ES)<\/b>, redefinindo seus pap\u00e9is e identidades para acelerar sua vis\u00e3o de futuro at\u00e9 2030. Em 2024, as quatro divis\u00f5es combinadas geraram uma receita global de mais de 87,74 trilh\u00f5es de KRW (US$ 64,32 bilh\u00f5es). A LG \u00e9 reconhecida mundialmente por suas solu\u00e7\u00f5es inovadoras em TVs, eletrodom\u00e9sticos, ar-condicionado, monitores, componentes automotivos e solu\u00e7\u00f5es sustent\u00e1veis. Suas marcas premium LG SIGNATURE e a plataforma inteligente LG ThinQ refor\u00e7am o compromisso da empresa com inova\u00e7\u00e3o e qualidade. Para mais informa\u00e7\u00f5es, acesse a <a href=\"https:\/\/www.lg.com\/br\/sobre-a-lg\/press-media\/\" target=\"_blank\" rel=\"nofollow\">Sala de Imprensa da LG<\/a>.<\/p>\n<p><b>SOBRE A LG ELECTRONICS NO BRASIL<\/b> <\/p>\n<p>Presente no Brasil desde 1996, a LG Electronics oferece um amplo portf\u00f3lio com mais de 350 produtos, incluindo TVs, <i>caixas de som, pain\u00e9is, monitores, som automotivo, equipamentos de inform\u00e1tica, ar-condicionado (residencial e comercial)<\/i>, produtos de linha branca e solu\u00e7\u00f5es corporativas. Alinhada \u00e0 nova estrutura global, a opera\u00e7\u00e3o brasileira integra iniciativas das quatro divis\u00f5es da LG: HS, MS, VS e ES. Nossa f\u00e1brica em Manaus produz a maior parte dos itens comercializados no Pa\u00eds, consolidando a subsidi\u00e1ria brasileira como uma das cinco maiores opera\u00e7\u00f5es da LG fora da Coreia. Com cerca de tr\u00eas mil colaboradores, a empresa conta com assist\u00eancia t\u00e9cnica e call center pr\u00f3prios, Business Solution Center em S\u00e3o Paulo e duas lojas conceito (Salvador e S\u00e3o Paulo) <i>al\u00e9m de uma nova f\u00e1brica de Linha Branca na Regi\u00e3o Metropolitana de Curitiba, Paran\u00e1.<\/i><\/p>\n<p><b>A vida \u00e9 melhor com LG <\/b><\/p>\n<p><i>A carga mental da vida moderna \u00e9 um peso invis\u00edvel que chega a consumir 87 dias por ano das pessoas. Para combater esse impacto, a LG Electronics lan\u00e7a a campanha global Life&#8217;s Good 2026, que chega ao Brasil com o mote &#8216;A vida \u00e9 leve no seu tempo&#8217;. Unindo inova\u00e7\u00e3o e sa\u00fade emocional, a marca demonstra como o seu conceito de Intelig\u00eancia Afetiva transforma eletrodom\u00e9sticos e eletr\u00f4nicos em aliados silenciosos na gest\u00e3o do lar. Ao assumir de forma proativa as tarefas e pequenas decis\u00f5es di\u00e1rias que mais geram desgaste, a tecnologia da LG alivia essa sobrecarga e devolve aos consumidores o seu ativo mais valioso: espa\u00e7o na mente e liberdade para desfrutar de mais espontaneidade, descanso e conex\u00f5es humanas.<\/i><\/p>\n<p>ACOMPANHE TODAS AS INFORMA\u00c7\u00d5ES NOS CANAIS LG<\/p>\n<p>Site: <a href=\"http:\/\/www.lg.com\/br\" target=\"_blank\" rel=\"nofollow\">Link<\/a> <br \/>Instagram: <a href=\"https:\/\/www.instagram.com\/lgbrasil\/\" target=\"_blank\" rel=\"nofollow\">Link<\/a> <br \/>Twitter: <a href=\"http:\/\/twitter.com\/lgdobrasil\" target=\"_blank\" rel=\"nofollow\">Link<\/a> <br \/>YouTube: <a href=\"http:\/\/www.youtube.com\/lgdobrasil\" target=\"_blank\" rel=\"nofollow\">Link<\/a> <br \/>Facebook: <a href=\"http:\/\/www.facebook.com\/lgdobrasil\" target=\"_blank\" rel=\"nofollow\">Link<\/a> <br \/>LinkedIn: <a href=\"http:\/\/www.linkedin.com\/company\/lg-electronics-brasil\" target=\"_blank\" rel=\"nofollow\">Link<\/a> <\/p>\n<p class=\"prntal\">\n<div class=\"PRN_ImbeddedAssetReference\" id=\"DivAssetPlaceHolder0\"><\/div>\n<p id=\"PURL\"><img loading=\"lazy\" decoding=\"async\" title=\"Cision\" width=\"12\" height=\"12\" alt=\"Cision\" src=\"https:\/\/edge.prnewswire.com\/c\/img\/favicon.png?sn=PT35245&amp;sd=2026-08-27\" \/> View original content to download multimedia:<a id=\"PRNURL\" rel=\"nofollow\" href=\"https:\/\/www.prnewswire.com\/br\/comunicados-para-a-imprensa\/lg-electronics-expande-manufatura-na-america-latina-com-nova-fabrica-inteligente-no-brasil-302861945.html\" target=\"_blank\">https:\/\/www.prnewswire.com\/br\/comunicados-para-a-imprensa\/lg-electronics-expande-manufatura-na-america-latina-com-nova-fabrica-inteligente-no-brasil-302861945.html<\/a><\/p>\n<p>FONTE LG Electronics Brasil<\/p>\n<\/div>\n<p>  <img decoding=\"async\" alt=\"\" src=\"https:\/\/rt.prnewswire.com\/rt.gif?NewsItemId=PT35245&amp;Transmission_Id=202608271036PR_NEWS_LATAM____PT35245&amp;DateId=20260827\" style=\"border:0px;width:1px;height:1px\" \/><\/p>\n<p><strong>T\u00f3picos Relacionados:<\/strong> Produtos Dom\u00e9sticos, Varejo, Eletr\u00f4nicos de Consumo, Computador\/Eletr\u00f4nica, Dom\u00e9stico\/Consumidor\/Cosm\u00e9ticos, Expans\u00e3o Corporativa<\/p>\n<p>A <b>OESP<\/b> n\u00e3o \u00e9(s\u00e3o) respons\u00e1vel(is) por erros, incorre\u00e7\u00f5es, atrasos ou quaisquer decis\u00f5es tomadas por seus clientes com base nos Conte\u00fados ora disponibilizados, bem como tais Conte\u00fados n\u00e3o representam a opini\u00e3o da <b>OESP<\/b> e s\u00e3o de inteira responsabilidade da <b>PR Newswire Ltda<\/b><\/p>\n","protected":false},"excerpt":{"rendered":"Segunda base de produ\u00e7\u00e3o da LG no Brasil, unidade no Paran\u00e1 apoia a resili\u00eancia da cadeia de suprimentos regional Resumo da not\u00edcia A LG Electronics inaugura uma nova f\u00e1brica de","protected":false},"author":1,"featured_media":137463,"comment_status":"open","ping_status":"closed","sticky":false,"template":"","format":"standard","meta":{"_acf_changed":false,"inline_featured_image":false,"_monsterinsights_skip_tracking":false,"_monsterinsights_sitenote_active":false,"_monsterinsights_sitenote_note":"","_monsterinsights_sitenote_category":0,"footnotes":""},"categories":[27],"tags":[12747,12748],"class_list":["post-137462","post","type-post","status-publish","format-standard","has-post-thumbnail","hentry","category-prnewswire","tag-segunda-base-de-producao-da-lg-no-brasil","tag-unidade-no-parana-apoia-a-resiliencia-da-cadeia-de-suprimentos-regional"],"acf":[],"_links":{"self":[{"href":"https:\/\/bluestudio.estadao.com.br\/agencia-de-comunicacao\/wp-json\/wp\/v2\/posts\/137462","targetHints":{"allow":["GET"]}}],"collection":[{"href":"https:\/\/bluestudio.estadao.com.br\/agencia-de-comunicacao\/wp-json\/wp\/v2\/posts"}],"about":[{"href":"https:\/\/bluestudio.estadao.com.br\/agencia-de-comunicacao\/wp-json\/wp\/v2\/types\/post"}],"author":[{"embeddable":true,"href":"https:\/\/bluestudio.estadao.com.br\/agencia-de-comunicacao\/wp-json\/wp\/v2\/users\/1"}],"replies":[{"embeddable":true,"href":"https:\/\/bluestudio.estadao.com.br\/agencia-de-comunicacao\/wp-json\/wp\/v2\/comments?post=137462"}],"version-history":[{"count":0,"href":"https:\/\/bluestudio.estadao.com.br\/agencia-de-comunicacao\/wp-json\/wp\/v2\/posts\/137462\/revisions"}],"wp:featuredmedia":[{"embeddable":true,"href":"https:\/\/bluestudio.estadao.com.br\/agencia-de-comunicacao\/wp-json\/wp\/v2\/media\/137463"}],"wp:attachment":[{"href":"https:\/\/bluestudio.estadao.com.br\/agencia-de-comunicacao\/wp-json\/wp\/v2\/media?parent=137462"}],"wp:term":[{"taxonomy":"category","embeddable":true,"href":"https:\/\/bluestudio.estadao.com.br\/agencia-de-comunicacao\/wp-json\/wp\/v2\/categories?post=137462"},{"taxonomy":"post_tag","embeddable":true,"href":"https:\/\/bluestudio.estadao.com.br\/agencia-de-comunicacao\/wp-json\/wp\/v2\/tags?post=137462"}],"curies":[{"name":"wp","href":"https:\/\/api.w.org\/{rel}","templated":true}]}}