{"id":137451,"date":"2026-08-27T10:36:00","date_gmt":"2026-08-27T13:36:00","guid":{"rendered":"https:\/\/bluestudio.estadao.com.br\/agencia-de-comunicacao\/knewin-dino\/therra-estreia-com-album-e-parceria-com-sullivan\/"},"modified":"2026-08-27T10:36:00","modified_gmt":"2026-08-27T13:36:00","slug":"therra-estreia-com-album-e-parceria-com-sullivan","status":"publish","type":"post","link":"https:\/\/bluestudio.estadao.com.br\/agencia-de-comunicacao\/knewin-dino\/therra-estreia-com-album-e-parceria-com-sullivan\/","title":{"rendered":"THERRA estreia com \u00e1lbum e parceria com Sullivan"},"content":{"rendered":"<p>Novo projeto musical chega ao p\u00fablico em 4 de setembro com uma identidade pr\u00f3pria, emo\u00e7\u00e3o e tr\u00eas composi\u00e7\u00f5es em parceria com um dos grandes nomes da m\u00fasica brasileira. A banda THERRA lan\u00e7a seu primeiro \u00e1lbum nessa data, marcando a estreia oficial do grupo na cena musical brasileira. O trabalho re\u00fane can\u00e7\u00f5es autorais e tem entre seus principais destaques tr\u00eas composi\u00e7\u00f5es assinadas em parceria com Michael Sullivan, compositor reconhecido por sua contribui\u00e7\u00e3o \u00e0 m\u00fasica brasileira. O lan\u00e7amento ocorre nas plataformas digitais de streaming e tem como primeira faixa apresentada ao p\u00fablico &#8220;N\u00e3o Desista&#8221;, composta como homenagem ao pr\u00f3prio Sullivan.<\/p>\n<p>A can\u00e7\u00e3o carrega um significado especial para a THERRA, j\u00e1 que foi escrita como tributo a Sullivan e conta com a participa\u00e7\u00e3o do pr\u00f3prio artista nos vocais. Mais do que uma colabora\u00e7\u00e3o musical, a parceria nasceu de uma amizade constru\u00edda ao longo do processo criativo entre a banda e o compositor. Essa conex\u00e3o deu origem \u00e0s demais faixas gravadas em conjunto, unindo diferentes experi\u00eancias e sensibilidades no repert\u00f3rio do \u00e1lbum.<\/p>\n<p>&#8220;N\u00e3o Desista&#8221; chega como uma mensagem de for\u00e7a, esperan\u00e7a e perseveran\u00e7a, sentimentos que dialogam com o momento vivido pela THERRA ao iniciar essa nova fase. A faixa sintetiza, assim, tanto a proposta art\u00edstica do grupo quanto o significado da parceria com Sullivan. Com o lan\u00e7amento do primeiro \u00e1lbum, a banda apresenta ao p\u00fablico n\u00e3o apenas um novo repert\u00f3rio, mas tamb\u00e9m uma identidade art\u00edstica constru\u00edda desde o in\u00edcio do projeto.<\/p>\n<p>A proposta da THERRA \u00e9 consolidar uma trajet\u00f3ria aut\u00eantica, unindo intensidade, emo\u00e7\u00e3o e personalidade em seu som. O disco re\u00fane, al\u00e9m das composi\u00e7\u00f5es em parceria com Sullivan, composi\u00e7\u00f5es pr\u00f3prias que refor\u00e7am essa identidade desde o primeiro trabalho do grupo. O lan\u00e7amento de &#8220;N\u00e3o Desista&#8221;, em 4 de setembro, marca o in\u00edcio dessa trajet\u00f3ria e apresenta ao p\u00fablico o primeiro cap\u00edtulo de um projeto constru\u00eddo a partir da parceria entre a THERRA e Michael Sullivan.<\/p>\n<p>Foto: ARMORED DAWN<\/p>\n<p>A <b>OESP<\/b> n\u00e3o \u00e9(s\u00e3o) respons\u00e1vel(is) por erros, incorre\u00e7\u00f5es, atrasos ou quaisquer decis\u00f5es tomadas por seus clientes com base nos Conte\u00fados ora disponibilizados, bem como tais Conte\u00fados n\u00e3o representam a opini\u00e3o da <b>OESP<\/b> e s\u00e3o de inteira responsabilidade da <b>Knewin Dino<\/b><\/p>\n","protected":false},"excerpt":{"rendered":"Novo projeto musical chega ao p\u00fablico em 4 de setembro com uma identidade pr\u00f3pria, emo\u00e7\u00e3o e tr\u00eas composi\u00e7\u00f5es em parceria com um dos grandes nomes da m\u00fasica brasileira. A banda THERRA lan\u00e7a","protected":false},"author":1,"featured_media":137452,"comment_status":"open","ping_status":"closed","sticky":false,"template":"","format":"standard","meta":{"_acf_changed":false,"inline_featured_image":false,"_monsterinsights_skip_tracking":false,"_monsterinsights_sitenote_active":false,"_monsterinsights_sitenote_note":"","_monsterinsights_sitenote_category":0,"footnotes":""},"categories":[11470],"tags":[12411,12415,1152,12414,300,12395],"class_list":["post-137451","post","type-post","status-publish","format-standard","has-post-thumbnail","hentry","category-knewin-dino","tag-arte","tag-comunicacao","tag-entretenimento","tag-midia","tag-negocios","tag-sociedade"],"acf":[],"_links":{"self":[{"href":"https:\/\/bluestudio.estadao.com.br\/agencia-de-comunicacao\/wp-json\/wp\/v2\/posts\/137451","targetHints":{"allow":["GET"]}}],"collection":[{"href":"https:\/\/bluestudio.estadao.com.br\/agencia-de-comunicacao\/wp-json\/wp\/v2\/posts"}],"about":[{"href":"https:\/\/bluestudio.estadao.com.br\/agencia-de-comunicacao\/wp-json\/wp\/v2\/types\/post"}],"author":[{"embeddable":true,"href":"https:\/\/bluestudio.estadao.com.br\/agencia-de-comunicacao\/wp-json\/wp\/v2\/users\/1"}],"replies":[{"embeddable":true,"href":"https:\/\/bluestudio.estadao.com.br\/agencia-de-comunicacao\/wp-json\/wp\/v2\/comments?post=137451"}],"version-history":[{"count":0,"href":"https:\/\/bluestudio.estadao.com.br\/agencia-de-comunicacao\/wp-json\/wp\/v2\/posts\/137451\/revisions"}],"wp:featuredmedia":[{"embeddable":true,"href":"https:\/\/bluestudio.estadao.com.br\/agencia-de-comunicacao\/wp-json\/wp\/v2\/media\/137452"}],"wp:attachment":[{"href":"https:\/\/bluestudio.estadao.com.br\/agencia-de-comunicacao\/wp-json\/wp\/v2\/media?parent=137451"}],"wp:term":[{"taxonomy":"category","embeddable":true,"href":"https:\/\/bluestudio.estadao.com.br\/agencia-de-comunicacao\/wp-json\/wp\/v2\/categories?post=137451"},{"taxonomy":"post_tag","embeddable":true,"href":"https:\/\/bluestudio.estadao.com.br\/agencia-de-comunicacao\/wp-json\/wp\/v2\/tags?post=137451"}],"curies":[{"name":"wp","href":"https:\/\/api.w.org\/{rel}","templated":true}]}}