{"id":137449,"date":"2026-08-27T11:00:00","date_gmt":"2026-08-27T14:00:00","guid":{"rendered":"https:\/\/bluestudio.estadao.com.br\/agencia-de-comunicacao\/knewin-dino\/totvs-anuncia-expedicao-mundo-pessoas-para-10-cidades\/"},"modified":"2026-08-27T11:00:00","modified_gmt":"2026-08-27T14:00:00","slug":"totvs-anuncia-expedicao-mundo-pessoas-para-10-cidades","status":"publish","type":"post","link":"https:\/\/bluestudio.estadao.com.br\/agencia-de-comunicacao\/knewin-dino\/totvs-anuncia-expedicao-mundo-pessoas-para-10-cidades\/","title":{"rendered":"TOTVS anuncia &#8216;Expedi\u00e7\u00e3o Mundo Pessoas&#8217; para 10 cidades"},"content":{"rendered":"<p>Para democratizar o acesso \u00e0s principais tend\u00eancias sobre o futuro do trabalho, a TOTVS, maior empresa de tecnologia do Brasil, anuncia o novo roteiro da <b>Expedi\u00e7\u00e3o Mundo Pessoas<\/b>. Entre setembro e novembro, o encontro itinerante passar\u00e1 por dez cidades, por meio de suas unidades e franquias regionais.<\/p>\n<p>A iniciativa nasceu com o prop\u00f3sito de expandir as discuss\u00f5es de alto n\u00edvel que j\u00e1 ocorrem no \u201cMundo Pessoas\u201d \u2014 espa\u00e7o consolidado durante o Universo TOTVS e em eventos de mercado, como o CONARH. Ao transformar esse conte\u00fado em uma expedi\u00e7\u00e3o presencial, a TOTVS busca apoiar o desenvolvimento dos ecossistemas locais de Recursos Humanos, aproximando especialistas, tecnologias e profissionais que vivem os desafios da \u00e1rea no dia a dia.<\/p>\n<p>A programa\u00e7\u00e3o foi estruturada para ir al\u00e9m da teoria, abordando como a ado\u00e7\u00e3o de novas tecnologias, a an\u00e1lise de dados e a intelig\u00eancia artificial podem ser aplicadas de forma pr\u00e1tica para resolver os principais desafios dos departamentos de RH. Al\u00e9m de palestras com especialistas de mercado e l\u00edderes locais de RH, as edi\u00e7\u00f5es regionais contar\u00e3o com pain\u00e9is focados em estrat\u00e9gias de gest\u00e3o e espa\u00e7os dedicados ao networking, permitindo a troca de experi\u00eancias entre empresas de diferentes portes e segmentos de uma mesma regi\u00e3o.<\/p>\n<p>As inscri\u00e7\u00f5es para a Expedi\u00e7\u00e3o Mundo Pessoas s\u00e3o gratuitas, mediante a disponibilidade de vagas. Abaixo \u00e9 poss\u00edvel conferir os locais que receber\u00e3o o evento nesta etapa:<\/p>\n<ul>\n<li style=\"font-weight: 400\" data-mce-style=\"font-weight: 400;\"><b>02\/09<\/b> &#8211; Rio de Janeiro, RJ (TOTVS Rio de Janeiro)<\/li>\n<li style=\"font-weight: 400\" data-mce-style=\"font-weight: 400;\"><b>10\/09<\/b> &#8211; Uberl\u00e2ndia, MG (TOTVS Brasil Central)<\/li>\n<li style=\"font-weight: 400\" data-mce-style=\"font-weight: 400;\"><b>15\/09<\/b> &#8211; Recife, PE (TOTVS Recife)<\/li>\n<li style=\"font-weight: 400\" data-mce-style=\"font-weight: 400;\"><b>17\/09<\/b> &#8211; Florian\u00f3polis, SC (TOTVS Santa Catarina)<\/li>\n<li style=\"font-weight: 400\" data-mce-style=\"font-weight: 400;\"><b>18\/09<\/b> &#8211; Cuiab\u00e1, MT (TOTVS Centro Norte)<\/li>\n<li style=\"font-weight: 400\" data-mce-style=\"font-weight: 400;\"><b>22\/09<\/b> &#8211; Vit\u00f3ria, ES (TOTVS Leste)<\/li>\n<li style=\"font-weight: 400\" data-mce-style=\"font-weight: 400;\"><b>27\/10<\/b> &#8211; Joinville, SC (TOTVS Santa Catarina)<\/li>\n<li style=\"font-weight: 400\" data-mce-style=\"font-weight: 400;\"><b>10\/11<\/b> &#8211; Aracaju, SE (TOTVS Leste)<\/li>\n<li style=\"font-weight: 400\" data-mce-style=\"font-weight: 400;\"><b>12\/11<\/b> &#8211; Salvador, BA (TOTVS Leste)<\/li>\n<li style=\"font-weight: 400\" data-mce-style=\"font-weight: 400;\"><b>17\/11<\/b> &#8211; Porto Alegre, RS (TOTVS Rio Grande do Sul)<\/li>\n<\/ul>\n<p>Para garantir a participa\u00e7\u00e3o e conferir a programa\u00e7\u00e3o de cada pra\u00e7a por onde a Expedi\u00e7\u00e3o Mundo Pessoas passar\u00e1, basta <a href=\"https:\/\/eventos.totvs.com\/home\" target=\"_blank\">acessar o site<\/a>.<\/p>\n<p>Foto: Divulga\u00e7\u00e3o\/TOTVS<\/p>\n<p>A <b>OESP<\/b> n\u00e3o \u00e9(s\u00e3o) respons\u00e1vel(is) por erros, incorre\u00e7\u00f5es, atrasos ou quaisquer decis\u00f5es tomadas por seus clientes com base nos Conte\u00fados ora disponibilizados, bem como tais Conte\u00fados n\u00e3o representam a opini\u00e3o da <b>OESP<\/b> e s\u00e3o de inteira responsabilidade da <b>Knewin Dino<\/b><\/p>\n","protected":false},"excerpt":{"rendered":"Para democratizar o acesso \u00e0s principais tend\u00eancias sobre o futuro do trabalho, a TOTVS, maior empresa de tecnologia do Brasil, anuncia o novo roteiro da Expedi\u00e7\u00e3o Mundo Pessoas. Entre setembro e","protected":false},"author":1,"featured_media":137450,"comment_status":"open","ping_status":"closed","sticky":false,"template":"","format":"standard","meta":{"_acf_changed":false,"inline_featured_image":false,"_monsterinsights_skip_tracking":false,"_monsterinsights_sitenote_active":false,"_monsterinsights_sitenote_note":"","_monsterinsights_sitenote_category":0,"footnotes":""},"categories":[11470],"tags":[12391,12403,300,12398,47],"class_list":["post-137449","post","type-post","status-publish","format-standard","has-post-thumbnail","hentry","category-knewin-dino","tag-empreendedorismo","tag-executivo","tag-negocios","tag-saude-e-bem-estar","tag-tecnologia"],"acf":[],"_links":{"self":[{"href":"https:\/\/bluestudio.estadao.com.br\/agencia-de-comunicacao\/wp-json\/wp\/v2\/posts\/137449","targetHints":{"allow":["GET"]}}],"collection":[{"href":"https:\/\/bluestudio.estadao.com.br\/agencia-de-comunicacao\/wp-json\/wp\/v2\/posts"}],"about":[{"href":"https:\/\/bluestudio.estadao.com.br\/agencia-de-comunicacao\/wp-json\/wp\/v2\/types\/post"}],"author":[{"embeddable":true,"href":"https:\/\/bluestudio.estadao.com.br\/agencia-de-comunicacao\/wp-json\/wp\/v2\/users\/1"}],"replies":[{"embeddable":true,"href":"https:\/\/bluestudio.estadao.com.br\/agencia-de-comunicacao\/wp-json\/wp\/v2\/comments?post=137449"}],"version-history":[{"count":0,"href":"https:\/\/bluestudio.estadao.com.br\/agencia-de-comunicacao\/wp-json\/wp\/v2\/posts\/137449\/revisions"}],"wp:featuredmedia":[{"embeddable":true,"href":"https:\/\/bluestudio.estadao.com.br\/agencia-de-comunicacao\/wp-json\/wp\/v2\/media\/137450"}],"wp:attachment":[{"href":"https:\/\/bluestudio.estadao.com.br\/agencia-de-comunicacao\/wp-json\/wp\/v2\/media?parent=137449"}],"wp:term":[{"taxonomy":"category","embeddable":true,"href":"https:\/\/bluestudio.estadao.com.br\/agencia-de-comunicacao\/wp-json\/wp\/v2\/categories?post=137449"},{"taxonomy":"post_tag","embeddable":true,"href":"https:\/\/bluestudio.estadao.com.br\/agencia-de-comunicacao\/wp-json\/wp\/v2\/tags?post=137449"}],"curies":[{"name":"wp","href":"https:\/\/api.w.org\/{rel}","templated":true}]}}