{"id":137408,"date":"2026-08-27T09:21:00","date_gmt":"2026-08-27T12:21:00","guid":{"rendered":"https:\/\/bluestudio.estadao.com.br\/agencia-de-comunicacao\/knewin-dino\/alem-do-bonus-evp-e-trunfo-para-atrair-e-reter-talentos\/"},"modified":"2026-08-27T09:21:00","modified_gmt":"2026-08-27T12:21:00","slug":"alem-do-bonus-evp-e-trunfo-para-atrair-e-reter-talentos","status":"publish","type":"post","link":"https:\/\/bluestudio.estadao.com.br\/agencia-de-comunicacao\/knewin-dino\/alem-do-bonus-evp-e-trunfo-para-atrair-e-reter-talentos\/","title":{"rendered":"Al\u00e9m do b\u00f4nus, EVP \u00e9 trunfo para atrair e reter talentos"},"content":{"rendered":"<p>Durante d\u00e9cadas, o setor financeiro operou sob uma equa\u00e7\u00e3o de atra\u00e7\u00e3o de talentos aparentemente infal\u00edvel: altas remunera\u00e7\u00f5es, crescimento acelerado de carreira e a promessa de alinhamento de longo prazo por meio do <i>partnership<\/i>. No entanto, as transforma\u00e7\u00f5es no ecossistema de neg\u00f3cios, o avan\u00e7o da digitaliza\u00e7\u00e3o e a mudan\u00e7a nas expectativas sociais revelam que esse modelo, embora ainda relevante, j\u00e1 n\u00e3o \u00e9 suficiente de forma isolada.<\/p>\n<p>Hoje, a pergunta decisiva nas organiza\u00e7\u00f5es deixou de ser apenas quanto se paga, para focar em como se trabalha, sob qual cultura e a que custo humano e emocional.<\/p>\n<p>Essa \u00e9 uma das principais conclus\u00f5es reveladas pela pesquisa in\u00e9dita <i>\u201c<\/i><a href=\"https:\/\/capitalaberto.com.br\/conteudo-de-marca\/reciproka\/2026\/08\/o-futuro-do-trabalho-no-mercado-de-capitais-chegou-e-pede-execucao\" target=\"_blank\"><i>O Futuro do Trabalho no Mercado de Capitais<\/i><\/a><i>\u201d<\/i>, realizada em parceria entre a consultoria Rec\u00edproka Estrat\u00e9gia e a Capital Aberto. O estudo quantitativo e explorat\u00f3rio investigou como profissionais e organiza\u00e7\u00f5es est\u00e3o respondendo \u00e0s novas din\u00e2micas do trabalho, trazendo luz para a Proposta de Valor ao Colaborador (EVP, na sigla em ingl\u00eas para <i>Employee Value Proposition<\/i>).\u00a0<\/p>\n<p><b>O que \u00e9 o EVP na pr\u00e1tica e qual o seu impacto direto nos neg\u00f3cios?<\/b><\/p>\n<p>O <i>Employee Value Proposition<\/i> (EVP) representa o conjunto de fatores tang\u00edveis e intang\u00edveis que define a &#8220;troca&#8221; percebida entre a empresa e o profissional. Vai muito al\u00e9m do pacote de remunera\u00e7\u00e3o e benef\u00edcios tradicionais, contemplando elementos centrais como prop\u00f3sito institucional, estilo de lideran\u00e7a, oportunidades reais de desenvolvimento, flexibilidade, sa\u00fade mental e a experi\u00eancia di\u00e1ria do colaborador (<i>Employee Experience<\/i>).<\/p>\n<p>Em setores de alta complexidade e forte regulamenta\u00e7\u00e3o, o EVP deixou de ser uma simples pauta de Recursos Humanos para se consolidar como um ativo estrat\u00e9gico do neg\u00f3cio. Em mercados transparentes e hipercompetitivos, a percep\u00e7\u00e3o sobre como uma organiza\u00e7\u00e3o desenvolve e valoriza suas pessoas impacta diretamente a atra\u00e7\u00e3o de compet\u00eancias cr\u00edticas, a reten\u00e7\u00e3o de intelig\u00eancia chave, a reputa\u00e7\u00e3o institucional (<i>Employer Branding<\/i>) e, em \u00faltima inst\u00e2ncia, a sustentabilidade financeira do neg\u00f3cio.\u00a0<\/p>\n<p>Para as especialistas da Rec\u00edproka Estrat\u00e9gia, pioneira na estrutura\u00e7\u00e3o e implementa\u00e7\u00e3o de projetos de EVP no Brasil e idealizadora da metodologia <i>Leading by Doing<\/i>, a solu\u00e7\u00e3o exige integrar a vis\u00e3o de neg\u00f3cios \u00e0 gest\u00e3o humana e precisa estar na pauta do CEO, al\u00e9m do CHRO.<\/p>\n<p><b>O descompasso entre a tradi\u00e7\u00e3o e as novas expectativas<\/b><\/p>\n<p>Os dados do relat\u00f3rio da Rec\u00edproka e Capital Aberto evidenciam uma clara reconfigura\u00e7\u00e3o nas prioridades dos profissionais. Embora o modelo de <i>partnership<\/i> ainda mantenha sua relev\u00e2ncia (citado por 29,5% dos respondentes), 48,7% dos entrevistados afirmam que ele precisa ser obrigatoriamente combinado a outros fatores, enquanto 14,1% j\u00e1 apontam que o modelo tende a perder espa\u00e7o de forma isolada.<\/p>\n<p>Para Deusa Marcon, cofundadora da Rec\u00edproka, as empresas que ainda tentam resolver desafios de atra\u00e7\u00e3o e engajamento apenas aumentando a remunera\u00e7\u00e3o vari\u00e1vel, est\u00e3o pagando mais caro por um resultado cada vez menor. O EVP n\u00e3o \u00e9 um conceito est\u00e9tico do RH ou uma campanha de comunica\u00e7\u00e3o interna; ele \u00e9 o desenho do modelo de opera\u00e7\u00e3o da empresa. Se a Proposta de Valor n\u00e3o entrega flexibilidade, autonomia e efici\u00eancia, a organiza\u00e7\u00e3o perde vantagem competitiva no mercado.\u00a0<\/p>\n<p>Quando analisadas as estrat\u00e9gias mais eficazes para atrair e engajar a nova for\u00e7a de trabalho, com destaque para a Gera\u00e7\u00e3o Z, surgem novos pilares indispens\u00e1veis:<\/p>\n<ul>\n<li style=\"font-weight: 400\" data-mce-style=\"font-weight: 400;\">Flexibilidade de jornada e modelo de trabalho (remoto\/h\u00edbrido): 35,9%<\/li>\n<li style=\"font-weight: 400\" data-mce-style=\"font-weight: 400;\">Conex\u00e3o do trabalho a um prop\u00f3sito claro e relevante: 30,8%<\/li>\n<li style=\"font-weight: 400\" data-mce-style=\"font-weight: 400;\">Uso de tecnologia avan\u00e7ada e ferramentas digitais no dia a dia: 28,2%<\/li>\n<li style=\"font-weight: 400\" data-mce-style=\"font-weight: 400;\">Pr\u00e1ticas estruturadas de bem-estar e sa\u00fade mental: 25,6%<\/li>\n<\/ul>\n<p>O diagn\u00f3stico demonstra que incentivos financeiros n\u00e3o compensam mais, isoladamente, ambientes de alta press\u00e3o sem suporte organizacional, autonomia ou equil\u00edbrio.<\/p>\n<p><b>O desafio do Design Organizacional: da inten\u00e7\u00e3o \u00e0 execu\u00e7\u00e3o<\/b><\/p>\n<p>A transforma\u00e7\u00e3o da Proposta de Valor exige adapta\u00e7\u00f5es diretas no design organizacional. A pesquisa mostra que 64,7% dos profissionais associam estruturas mais horizontais a uma maior autonomia e engajamento, e 62,8% preveem o modelo h\u00edbrido como predominante nos pr\u00f3ximos cinco anos.<\/p>\n<p>No entanto, h\u00e1 um descompasso para viabilizar essa entrega. Com 67,5% das empresas operando ainda com um RH predominantemente tradicional\/operacional e apenas 13,6% dos l\u00edderes atuando diretamente com foco no desenvolvimento das equipes, muitas organiza\u00e7\u00f5es reconhecem as novas demandas, mas carecem das capacidades internas para desenhar e sustentar um EVP contempor\u00e2neo na pr\u00e1tica.<\/p>\n<p>Em um ambiente no qual a tecnologia e a intelig\u00eancia artificial tornam o conhecimento t\u00e9cnico em commodity, o diferencial competitivo passa a residir na capacidade humana de adapta\u00e7\u00e3o, inova\u00e7\u00e3o e colabora\u00e7\u00e3o. E o ponto de partida para essa evolu\u00e7\u00e3o come\u00e7a pelo redesenho consciente, estrat\u00e9gico e aut\u00eantico da Proposta de Valor ao Colaborador.<\/p>\n<p>&#8220;N\u00e3o existe EVP sustent\u00e1vel sem uma lideran\u00e7a preparada para sustent\u00e1-lo no dia a dia. O b\u00f4nus ret\u00e9m a pessoa pelo financeiro, mas a falta de desenvolvimento, o esgotamento e a centraliza\u00e7\u00e3o a fazem sair. Quando a lideran\u00e7a evolui do comando e controle para uma atua\u00e7\u00e3o verdadeiramente desenvolvedora, o EVP deixa de ser uma promessa no recrutamento e vira cultura da organiza\u00e7\u00e3o, na pr\u00e1tica&#8221;, afirma Graziela Bernardo, CEO e Fundadora da Rec\u00edproka.\u00a0<\/p>\n<p>A pergunta que fica para as lideran\u00e7as executivas \u00e9 simples: o EVP da sua empresa foi desenhado para sustentar o crescimento dos pr\u00f3ximos anos ou est\u00e1 baseado apenas no que trouxe o neg\u00f3cio at\u00e9 aqui?\u00a0<\/p>\n<p>Website: <a href=\"http:\/\/www.reciproka.com.br\" target=\"_blank\">http:\/\/www.reciproka.com.br<\/a><\/p>\n<p>Foto: Cookie studio, Magnific<\/p>\n<p>A <b>OESP<\/b> n\u00e3o \u00e9(s\u00e3o) respons\u00e1vel(is) por erros, incorre\u00e7\u00f5es, atrasos ou quaisquer decis\u00f5es tomadas por seus clientes com base nos Conte\u00fados ora disponibilizados, bem como tais Conte\u00fados n\u00e3o representam a opini\u00e3o da <b>OESP<\/b> e s\u00e3o de inteira responsabilidade da <b>Knewin Dino<\/b><\/p>\n","protected":false},"excerpt":{"rendered":"Durante d\u00e9cadas, o setor financeiro operou sob uma equa\u00e7\u00e3o de atra\u00e7\u00e3o de talentos aparentemente infal\u00edvel: altas remunera\u00e7\u00f5es, crescimento acelerado de carreira e a promessa de alinhamento de","protected":false},"author":1,"featured_media":137409,"comment_status":"open","ping_status":"closed","sticky":false,"template":"","format":"standard","meta":{"_acf_changed":false,"inline_featured_image":false,"_monsterinsights_skip_tracking":false,"_monsterinsights_sitenote_active":false,"_monsterinsights_sitenote_note":"","_monsterinsights_sitenote_category":0,"footnotes":""},"categories":[11470],"tags":[101,12403,12407,300,47],"class_list":["post-137408","post","type-post","status-publish","format-standard","has-post-thumbnail","hentry","category-knewin-dino","tag-economia","tag-executivo","tag-industrias","tag-negocios","tag-tecnologia"],"acf":[],"_links":{"self":[{"href":"https:\/\/bluestudio.estadao.com.br\/agencia-de-comunicacao\/wp-json\/wp\/v2\/posts\/137408","targetHints":{"allow":["GET"]}}],"collection":[{"href":"https:\/\/bluestudio.estadao.com.br\/agencia-de-comunicacao\/wp-json\/wp\/v2\/posts"}],"about":[{"href":"https:\/\/bluestudio.estadao.com.br\/agencia-de-comunicacao\/wp-json\/wp\/v2\/types\/post"}],"author":[{"embeddable":true,"href":"https:\/\/bluestudio.estadao.com.br\/agencia-de-comunicacao\/wp-json\/wp\/v2\/users\/1"}],"replies":[{"embeddable":true,"href":"https:\/\/bluestudio.estadao.com.br\/agencia-de-comunicacao\/wp-json\/wp\/v2\/comments?post=137408"}],"version-history":[{"count":0,"href":"https:\/\/bluestudio.estadao.com.br\/agencia-de-comunicacao\/wp-json\/wp\/v2\/posts\/137408\/revisions"}],"wp:featuredmedia":[{"embeddable":true,"href":"https:\/\/bluestudio.estadao.com.br\/agencia-de-comunicacao\/wp-json\/wp\/v2\/media\/137409"}],"wp:attachment":[{"href":"https:\/\/bluestudio.estadao.com.br\/agencia-de-comunicacao\/wp-json\/wp\/v2\/media?parent=137408"}],"wp:term":[{"taxonomy":"category","embeddable":true,"href":"https:\/\/bluestudio.estadao.com.br\/agencia-de-comunicacao\/wp-json\/wp\/v2\/categories?post=137408"},{"taxonomy":"post_tag","embeddable":true,"href":"https:\/\/bluestudio.estadao.com.br\/agencia-de-comunicacao\/wp-json\/wp\/v2\/tags?post=137408"}],"curies":[{"name":"wp","href":"https:\/\/api.w.org\/{rel}","templated":true}]}}