{"id":137345,"date":"2026-08-26T15:09:00","date_gmt":"2026-08-26T18:09:00","guid":{"rendered":"https:\/\/bluestudio.estadao.com.br\/agencia-de-comunicacao\/knewin-dino\/paraguai-vira-estrategia-de-expansao-para-a-temperatta\/"},"modified":"2026-08-26T15:09:00","modified_gmt":"2026-08-26T18:09:00","slug":"paraguai-vira-estrategia-de-expansao-para-a-temperatta","status":"publish","type":"post","link":"https:\/\/bluestudio.estadao.com.br\/agencia-de-comunicacao\/knewin-dino\/paraguai-vira-estrategia-de-expansao-para-a-temperatta\/","title":{"rendered":"Paraguai vira estrat\u00e9gia de expans\u00e3o para a Temperatta"},"content":{"rendered":"<p>A <a href=\"https:\/\/temperatta.com.br\/\" target=\"_blank\">Temperatta<\/a> est\u00e1 ampliando sua presen\u00e7a no mercado com um movimento estrat\u00e9gico que combina expans\u00e3o industrial, ganho log\u00edstico e acesso a novos consumidores. Em meio ao avan\u00e7o consistente dos neg\u00f3cios nos \u00faltimos anos e a um ritmo de crescimento superior a 30% em 2026, a empresa mineira decidiu investir em uma nova unidade fabril no Paraguai, de olho n\u00e3o apenas no mercado local, mas tamb\u00e9m em oportunidades mais amplas no Mercosul e no Brasil.<\/p>\n<p>A decis\u00e3o acompanha uma tend\u00eancia observada entre empresas brasileiras que t\u00eam buscado no pa\u00eds vizinho um ambiente mais favor\u00e1vel para produ\u00e7\u00e3o e opera\u00e7\u00e3o, com incentivos fiscais, custos mais competitivos e localiza\u00e7\u00e3o estrat\u00e9gica. No caso da\u00a0<a href=\"https:\/\/www.instagram.com\/temperatta\/?hl=en\" target=\"_blank\">Temperatta<\/a>, a nova f\u00e1brica tamb\u00e9m cumpre um papel importante dentro do plano de expans\u00e3o nacional, especialmente para atender com mais agilidade os estados do Sul e o mercado de S\u00e3o Paulo, hoje o maior polo consumidor do pa\u00eds.<\/p>\n<p><b>Nova fase de crescimento<\/b><\/p>\n<p>Segundo o CEO da Temperatta, Fernando Seabra, a companhia vem sustentando um ciclo cont\u00ednuo de resultados positivos, mesmo diante de um cen\u00e1rio pouco estimulante para a ind\u00fastria. \u201cA Temperatta cresceu de forma consistente nos \u00faltimos anos, mesmo com baixo incentivo governamental. Isso nos levou a buscar novas e melhores solu\u00e7\u00f5es para continuar expandindo com efici\u00eancia\u201d, afirma.<\/p>\n<p>O projeto da nova unidade no Paraguai foi desenhado justamente para dar suporte a essa nova etapa. Al\u00e9m de ampliar a capacidade produtiva, a opera\u00e7\u00e3o deve fortalecer a presen\u00e7a regional da marca e abrir caminho para uma atua\u00e7\u00e3o mais competitiva em diferentes mercados.<\/p>\n<p>Hoje, a Temperatta conta com mais de 120 itens no portf\u00f3lio e prev\u00ea o lan\u00e7amento de mais 20 produtos at\u00e9 o fim de 2026. Entre as novidades recentes est\u00e1 a linha de molhos cremosos, apresentada como mais um passo da estrat\u00e9gia de inova\u00e7\u00e3o da empresa. \u201cNosso foco sempre foi desenvolver produtos \u00fanicos, com identidade pr\u00f3pria. Inova\u00e7\u00e3o \u00e9 parte do DNA da Temperatta e est\u00e1 diretamente ligada ao nosso crescimento\u201d, destaca o executivo.<\/p>\n<p><b>Inova\u00e7\u00e3o como motor da marca<\/b><\/p>\n<p>A expans\u00e3o internacional vem acompanhada de um movimento cont\u00ednuo de diversifica\u00e7\u00e3o do portf\u00f3lio. Entre os pr\u00f3ximos lan\u00e7amentos, a empresa prepara novas linhas de marinados, queijos saborizados e \u00f3leos saborizados, todas desenvolvidas para refor\u00e7ar sua presen\u00e7a em nichos de maior valor agregado e ampliar o alcance da marca em diferentes ocasi\u00f5es de consumo.<\/p>\n<p>Para Seabra, a combina\u00e7\u00e3o entre inova\u00e7\u00e3o, efici\u00eancia operacional e leitura de mercado \u00e9 o que tem sustentado o crescimento da empresa. \u201cEstamos construindo uma estrutura que nos permita atender melhor o consumidor, onde ele estiver, com mais agilidade e mais variedade. A nova f\u00e1brica no Paraguai faz parte dessa vis\u00e3o de longo prazo\u201d, diz.<\/p>\n<p>Website: <a href=\"https:\/\/temperatta.com.br\/\" target=\"_blank\">https:\/\/temperatta.com.br\/<\/a><\/p>\n<p>Foto: Equipe Temperatta\/Divulga\u00e7\u00e3o<\/p>\n<p>A <b>OESP<\/b> n\u00e3o \u00e9(s\u00e3o) respons\u00e1vel(is) por erros, incorre\u00e7\u00f5es, atrasos ou quaisquer decis\u00f5es tomadas por seus clientes com base nos Conte\u00fados ora disponibilizados, bem como tais Conte\u00fados n\u00e3o representam a opini\u00e3o da <b>OESP<\/b> e s\u00e3o de inteira responsabilidade da <b>Knewin Dino<\/b><\/p>\n","protected":false},"excerpt":{"rendered":"A Temperatta est\u00e1 ampliando sua presen\u00e7a no mercado com um movimento estrat\u00e9gico que combina expans\u00e3o industrial, ganho log\u00edstico e acesso a novos consumidores. Em meio ao avan\u00e7o consistente dos","protected":false},"author":1,"featured_media":137346,"comment_status":"open","ping_status":"closed","sticky":false,"template":"","format":"standard","meta":{"_acf_changed":false,"inline_featured_image":false,"_monsterinsights_skip_tracking":false,"_monsterinsights_sitenote_active":false,"_monsterinsights_sitenote_note":"","_monsterinsights_sitenote_category":0,"footnotes":""},"categories":[11470],"tags":[101,12391,12420,12407,300],"class_list":["post-137345","post","type-post","status-publish","format-standard","has-post-thumbnail","hentry","category-knewin-dino","tag-economia","tag-empreendedorismo","tag-industria-de-nao-duraveis","tag-industrias","tag-negocios"],"acf":[],"_links":{"self":[{"href":"https:\/\/bluestudio.estadao.com.br\/agencia-de-comunicacao\/wp-json\/wp\/v2\/posts\/137345","targetHints":{"allow":["GET"]}}],"collection":[{"href":"https:\/\/bluestudio.estadao.com.br\/agencia-de-comunicacao\/wp-json\/wp\/v2\/posts"}],"about":[{"href":"https:\/\/bluestudio.estadao.com.br\/agencia-de-comunicacao\/wp-json\/wp\/v2\/types\/post"}],"author":[{"embeddable":true,"href":"https:\/\/bluestudio.estadao.com.br\/agencia-de-comunicacao\/wp-json\/wp\/v2\/users\/1"}],"replies":[{"embeddable":true,"href":"https:\/\/bluestudio.estadao.com.br\/agencia-de-comunicacao\/wp-json\/wp\/v2\/comments?post=137345"}],"version-history":[{"count":0,"href":"https:\/\/bluestudio.estadao.com.br\/agencia-de-comunicacao\/wp-json\/wp\/v2\/posts\/137345\/revisions"}],"wp:featuredmedia":[{"embeddable":true,"href":"https:\/\/bluestudio.estadao.com.br\/agencia-de-comunicacao\/wp-json\/wp\/v2\/media\/137346"}],"wp:attachment":[{"href":"https:\/\/bluestudio.estadao.com.br\/agencia-de-comunicacao\/wp-json\/wp\/v2\/media?parent=137345"}],"wp:term":[{"taxonomy":"category","embeddable":true,"href":"https:\/\/bluestudio.estadao.com.br\/agencia-de-comunicacao\/wp-json\/wp\/v2\/categories?post=137345"},{"taxonomy":"post_tag","embeddable":true,"href":"https:\/\/bluestudio.estadao.com.br\/agencia-de-comunicacao\/wp-json\/wp\/v2\/tags?post=137345"}],"curies":[{"name":"wp","href":"https:\/\/api.w.org\/{rel}","templated":true}]}}