{"id":137328,"date":"2026-08-26T14:45:00","date_gmt":"2026-08-26T17:45:00","guid":{"rendered":"https:\/\/bluestudio.estadao.com.br\/agencia-de-comunicacao\/empreenda-mais\/el-nino-coloca-a-infraestrutura-industrial-a-prova\/"},"modified":"2026-08-26T14:45:00","modified_gmt":"2026-08-26T17:45:00","slug":"el-nino-coloca-a-infraestrutura-industrial-a-prova","status":"publish","type":"post","link":"https:\/\/bluestudio.estadao.com.br\/agencia-de-comunicacao\/empreenda-mais\/el-nino-coloca-a-infraestrutura-industrial-a-prova\/","title":{"rendered":"El Ni\u00f1o coloca a infraestrutura industrial \u00e0 prova"},"content":{"rendered":"<p><i>Por Giordania Tavares<\/i><\/p>\n<p>Quando se fala em adapta\u00e7\u00e3o \u00e0s mudan\u00e7as clim\u00e1ticas, \u00e9 comum pensar primeiro em agricultura, energia, recursos h\u00eddricos e log\u00edstica. Mas existe outro ponto que merece aten\u00e7\u00e3o: como manter as opera\u00e7\u00f5es industriais funcionando diante de eventos clim\u00e1ticos extremos? O questionamento ganha for\u00e7a diante da previs\u00e3o de que o El Ni\u00f1o permane\u00e7a at\u00e9 pelo menos o in\u00edcio de 2027. Segundo o Boletim n\u00ba 2 do Painel El Ni\u00f1o 2026-2027, divulgado pelo Instituto Nacional de Meteorologia (Inmet) em conjunto com outros \u00f3rg\u00e3os federais, h\u00e1 81% de probabilidade de o fen\u00f4meno atingir intensidade muito forte, com poss\u00edveis impactos sobre chuvas, temperaturas e ocorr\u00eancia de eventos extremos no pa\u00eds.<\/p>\n<p>Para a ind\u00fastria, o impacto de um cen\u00e1rio como esse n\u00e3o est\u00e1 apenas nas consequ\u00eancias mais evidentes, como alagamentos ou interrup\u00e7\u00f5es log\u00edsticas. Mudan\u00e7as de temperatura, aumento da umidade, ventos mais fortes e maior entrada de poeira tamb\u00e9m podem afetar diretamente a rotina das f\u00e1bricas. Em setores como aliment\u00edcio, farmac\u00eautico, qu\u00edmico, cosm\u00e9tico e eletr\u00f4nico, nos quais o controle do ambiente \u00e9 fundamental, essas altera\u00e7\u00f5es podem comprometer mat\u00e9rias-primas, produtos, equipamentos e processos. A umidade excessiva, por exemplo, pode favorecer corros\u00e3o, prolifera\u00e7\u00e3o de fungos e altera\u00e7\u00f5es na qualidade de determinados produtos, enquanto part\u00edculas externas podem prejudicar equipamentos e aumentar os riscos de contamina\u00e7\u00e3o.<\/p>\n<p>\u00c9 justamente nesse ponto que a infraestrutura passa a ter um papel estrat\u00e9gico na adapta\u00e7\u00e3o clim\u00e1tica. Uma porta industrial, por exemplo, n\u00e3o deve ser vista apenas como um acesso entre dois ambientes, mas como parte do sistema de prote\u00e7\u00e3o da opera\u00e7\u00e3o. Modelos adequados para cada aplica\u00e7\u00e3o podem ajudar a reduzir o tempo de abertura de \u00e1reas climatizadas, limitar a entrada de poeira e umidade e contribuir para a manuten\u00e7\u00e3o de condi\u00e7\u00f5es mais est\u00e1veis em ambientes que exigem controle de temperatura, press\u00e3o ou higiene. O mesmo racioc\u00ednio vale para docas, c\u00e2maras frias, salas limpas e \u00e1reas de produ\u00e7\u00e3o, quanto maior a exposi\u00e7\u00e3o ao ambiente externo, maior a necessidade de pensar em solu\u00e7\u00f5es que preservem as condi\u00e7\u00f5es internas.<\/p>\n<p>Essa preocupa\u00e7\u00e3o tamb\u00e9m est\u00e1 relacionada \u00e0 continuidade dos neg\u00f3cios. Em uma ind\u00fastria, uma interrup\u00e7\u00e3o provocada por um equipamento danificado, uma contamina\u00e7\u00e3o ou uma altera\u00e7\u00e3o nas condi\u00e7\u00f5es de produ\u00e7\u00e3o pode gerar efeitos em cadeia, desde manuten\u00e7\u00e3o e descarte de produtos at\u00e9 atrasos nas entregas e perdas financeiras. Por isso, preparar a infraestrutura n\u00e3o significa apenas reagir quando um evento extremo acontece, mas antecipar vulnerabilidades e reduzir os pontos de exposi\u00e7\u00e3o da opera\u00e7\u00e3o. Avaliar circula\u00e7\u00e3o de pessoas e materiais, controle de temperatura e umidade, veda\u00e7\u00e3o de ambientes e prote\u00e7\u00e3o das \u00e1reas de carga e descarga devem fazer parte desse planejamento.<\/p>\n<p>O El Ni\u00f1o pode ser um alerta para que a ind\u00fastria olhe para a adapta\u00e7\u00e3o clim\u00e1tica de forma mais ampla. N\u00e3o se trata de prever exatamente quando ou onde ocorrer\u00e1 um evento extremo, mas de entender quais partes da opera\u00e7\u00e3o s\u00e3o mais vulner\u00e1veis e investir em resili\u00eancia antes que o problema apare\u00e7a. Em um cen\u00e1rio de maior instabilidade clim\u00e1tica, estar preparado tamb\u00e9m significa proteger o ambiente interno daquilo que acontece do lado de fora, e garantir que a produ\u00e7\u00e3o continue funcionando mesmo quando as condi\u00e7\u00f5es externas mudam.<\/p>\n<p><i>*Giordania R. Tavares \u00e9 graduada em administra\u00e7\u00e3o pela UNICID, com especializa\u00e7\u00e3o pela Universidade Presbiteriana Mackenzie. A executiva tem mais de 20 anos de experi\u00eancia no setor industrial e como CEO foi respons\u00e1vel por tornar a <\/i> <a href=\"https:\/\/rayflex.com.br\/\" target=\"_blank\"><u><i>Rayflex<\/i><\/u><\/a> <i> uma ind\u00fastria l\u00edder no setor de portas industriais no Brasil e expoente na Am\u00e9rica Latina. Atua tamb\u00e9m como conselheira da Fispal Tecnologia e defende a presen\u00e7a feminina na lideran\u00e7a. Aborda temas como gest\u00e3o, sucess\u00e3o em empresas familiares, inova\u00e7\u00e3o e ambientes corporativos mais inclusivos.<\/i><\/p>\n","protected":false},"excerpt":{"rendered":"Por Giordania Tavares Quando se fala em adapta\u00e7\u00e3o \u00e0s mudan\u00e7as clim\u00e1ticas, \u00e9 comum pensar primeiro em agricultura, energia, recursos h\u00eddricos e log\u00edstica. Mas existe outro ponto que merece","protected":false},"author":1,"featured_media":137329,"comment_status":"open","ping_status":"closed","sticky":false,"template":"","format":"standard","meta":{"_acf_changed":false,"inline_featured_image":false,"_monsterinsights_skip_tracking":false,"_monsterinsights_sitenote_active":false,"_monsterinsights_sitenote_note":"","_monsterinsights_sitenote_category":0,"footnotes":""},"categories":[552],"tags":[],"class_list":["post-137328","post","type-post","status-publish","format-standard","has-post-thumbnail","hentry","category-empreenda-mais"],"acf":[],"_links":{"self":[{"href":"https:\/\/bluestudio.estadao.com.br\/agencia-de-comunicacao\/wp-json\/wp\/v2\/posts\/137328","targetHints":{"allow":["GET"]}}],"collection":[{"href":"https:\/\/bluestudio.estadao.com.br\/agencia-de-comunicacao\/wp-json\/wp\/v2\/posts"}],"about":[{"href":"https:\/\/bluestudio.estadao.com.br\/agencia-de-comunicacao\/wp-json\/wp\/v2\/types\/post"}],"author":[{"embeddable":true,"href":"https:\/\/bluestudio.estadao.com.br\/agencia-de-comunicacao\/wp-json\/wp\/v2\/users\/1"}],"replies":[{"embeddable":true,"href":"https:\/\/bluestudio.estadao.com.br\/agencia-de-comunicacao\/wp-json\/wp\/v2\/comments?post=137328"}],"version-history":[{"count":0,"href":"https:\/\/bluestudio.estadao.com.br\/agencia-de-comunicacao\/wp-json\/wp\/v2\/posts\/137328\/revisions"}],"wp:featuredmedia":[{"embeddable":true,"href":"https:\/\/bluestudio.estadao.com.br\/agencia-de-comunicacao\/wp-json\/wp\/v2\/media\/137329"}],"wp:attachment":[{"href":"https:\/\/bluestudio.estadao.com.br\/agencia-de-comunicacao\/wp-json\/wp\/v2\/media?parent=137328"}],"wp:term":[{"taxonomy":"category","embeddable":true,"href":"https:\/\/bluestudio.estadao.com.br\/agencia-de-comunicacao\/wp-json\/wp\/v2\/categories?post=137328"},{"taxonomy":"post_tag","embeddable":true,"href":"https:\/\/bluestudio.estadao.com.br\/agencia-de-comunicacao\/wp-json\/wp\/v2\/tags?post=137328"}],"curies":[{"name":"wp","href":"https:\/\/api.w.org\/{rel}","templated":true}]}}